{"id":1179,"date":"2021-03-05T14:01:26","date_gmt":"2021-03-05T12:01:26","guid":{"rendered":"https:\/\/lucentumconsumidores.org\/?p=1179"},"modified":"2024-11-20T14:18:48","modified_gmt":"2024-11-20T12:18:48","slug":"concurso-dia-de-la-mujer","status":"publish","type":"post","link":"https:\/\/lucentumconsumidores.org\/?p=1179","title":{"rendered":"CONCURSO D\u00cdA DE LA MUJER. CONCURSE DIA DE LA DONA"},"content":{"rendered":"\n<p>Estos d\u00edas atr\u00e1s hemos celebrado un concurso \u201cCARTEL D\u00cdA DE LA MUJER\u201d&nbsp; D\u00cdA 8 DE MARZO.<\/p>\n\n\n\n<p class=\"has-cyan-bluish-gray-color has-text-color has-link-color wp-elements-14122c6cbd11841a93f06a1a9980ce51\">Estos dies #arrere hem celebrat un concurs \u201cCARTELL DIA DE LA DONA\u201d\u00a0 DIA 8 DE MAR\u00c7.<\/p>\n\n\n\n<figure class=\"wp-block-image size-large\"><img loading=\"lazy\" decoding=\"async\" width=\"512\" height=\"1024\" src=\"https:\/\/lucentumconsumidores.org\/wp-content\/uploads\/2021\/03\/DIA8-M-512x1024.jpg\" alt=\"\" class=\"wp-image-1231\" srcset=\"https:\/\/lucentumconsumidores.org\/wp-content\/uploads\/2021\/03\/DIA8-M-512x1024.jpg 512w, https:\/\/lucentumconsumidores.org\/wp-content\/uploads\/2021\/03\/DIA8-M-150x300.jpg 150w, https:\/\/lucentumconsumidores.org\/wp-content\/uploads\/2021\/03\/DIA8-M-768x1536.jpg 768w, https:\/\/lucentumconsumidores.org\/wp-content\/uploads\/2021\/03\/DIA8-M.jpg 965w\" sizes=\"auto, (max-width: 512px) 100vw, 512px\" \/><figcaption class=\"wp-element-caption\">CARTEL D\u00cdA 8 DE MARZO &#8211; D\u00cdA DE LA MUJER<\/figcaption><\/figure>\n\n\n\n<p>Recibimos  pinturas de distintas asociaciones:  Asociaci\u00f3n de Hond\u00f3n de Los Frailes,&nbsp; Asociaci\u00f3n de Alcoy,  Asociaci\u00f3n de Benissa,  Asociaci\u00f3n de Onil, Asociaci\u00f3n de Sax,  Asociaci\u00f3n de Benidorm,  Asociaci\u00f3n de Mon\u00f3var  y Asociaci\u00f3n de Calpe.<\/p>\n\n\n\n<p class=\"has-cyan-bluish-gray-color has-text-color has-link-color wp-elements-e566913c64eb4c313e4d532ddb3f68cc\">Rebem pintures de diferents associacions: Associaci\u00f3 d&#8217;Hond\u00f3n de los Frailes,\u00a0 Associaci\u00f3 d&#8217;Alcoi, Associaci\u00f3 de Benissa, Associaci\u00f3 d&#8217;Onil, Associaci\u00f3 de Sax, Associaci\u00f3 de Benidorm, Associaci\u00f3 de Mon\u00f2ver i Associaci\u00f3 de Calp.<\/p>\n\n\n\n<p>Siendo seleccionado la pintura de la ASOCIACI\u00d3N DE ONIL, para realizar el  \u201cCARTEL D\u00cdA DE LA MUJER\u201d&nbsp; D\u00cdA 8 DE MARZO,&nbsp; con la colaboraci\u00f3n&nbsp; y&nbsp; criterio&nbsp; de&nbsp; Dolores Mula&nbsp; y&nbsp; Aurelia Masanet,&nbsp;&nbsp; pintoras consagradas de la Provincia de Alicante.<\/p>\n\n\n\n<p class=\"has-cyan-bluish-gray-color has-text-color has-link-color wp-elements-1fe78f6e5ff89f8bdf85ec85ffbf878a\">Sent seleccionat la pintura de l&#8217;ASSOCIACI\u00d3 D&#8217;ONIL, per a realitzar el \u201cCARTELL DIA DE LA DONA\u201d\u00a0 DIA 8 DE MAR\u00c7,\u00a0 amb la col\u00b7laboraci\u00f3\u00a0 i\u00a0 criteri\u00a0 de\u00a0 Dolores Mula\u00a0 i\u00a0 Aurelia Masanet,\u00a0\u00a0 pintores consagrades de la Prov\u00edncia d&#8217;Alacant.<\/p>\n\n\n\n<p class=\"has-text-align-center\"><strong>\u00abMUCHAS GRACIAS POR VUESTRA COLABORACI\u00d3N\u00bb<\/strong><\/p>\n\n\n\n<p class=\"has-text-align-center has-cyan-bluish-gray-color has-text-color has-link-color wp-elements-246e8d78ad9c4c68300ce0f89c7e44f8\"><strong>\u00abMOLTES GR\u00c0CIES PER LA VOSTRA COL\u00b7LABORACI\u00d3\u00bb<\/strong><\/p>\n\n\n\n<figure class=\"wp-block-image size-large is-resized\"><img loading=\"lazy\" decoding=\"async\" width=\"640\" height=\"360\" src=\"https:\/\/lucentumconsumidores.org\/wp-content\/uploads\/2021\/03\/image-1.png\" alt=\"\" class=\"wp-image-1183\" style=\"width:1006px;height:566px\" srcset=\"https:\/\/lucentumconsumidores.org\/wp-content\/uploads\/2021\/03\/image-1.png 640w, https:\/\/lucentumconsumidores.org\/wp-content\/uploads\/2021\/03\/image-1-300x169.png 300w\" sizes=\"auto, (max-width: 640px) 100vw, 640px\" \/><figcaption class=\"wp-element-caption\">ASOCIACI\u00d3N  DE BENISSA   &#8211;  ASOCIACI\u00d3N DE ALCOY <\/figcaption><\/figure>\n\n\n\n<figure class=\"wp-block-image size-large is-resized\"><img loading=\"lazy\" decoding=\"async\" width=\"640\" height=\"360\" src=\"https:\/\/lucentumconsumidores.org\/wp-content\/uploads\/2021\/03\/image-2.png\" alt=\"\" class=\"wp-image-1184\" style=\"width:886px;height:498px\" srcset=\"https:\/\/lucentumconsumidores.org\/wp-content\/uploads\/2021\/03\/image-2.png 640w, https:\/\/lucentumconsumidores.org\/wp-content\/uploads\/2021\/03\/image-2-300x169.png 300w\" sizes=\"auto, (max-width: 640px) 100vw, 640px\" \/><figcaption class=\"wp-element-caption\">ASOCIACI\u00d3N DE HOND\u00d3N DE LOS FRAILES     &#8211;    ASOCIACI\u00d3N  DE ONIL   <\/figcaption><\/figure>\n\n\n\n<figure class=\"wp-block-image size-large is-resized\"><img loading=\"lazy\" decoding=\"async\" width=\"640\" height=\"360\" src=\"https:\/\/lucentumconsumidores.org\/wp-content\/uploads\/2021\/03\/image-3.png\" alt=\"\" class=\"wp-image-1185\" style=\"width:844px;height:475px\" srcset=\"https:\/\/lucentumconsumidores.org\/wp-content\/uploads\/2021\/03\/image-3.png 640w, https:\/\/lucentumconsumidores.org\/wp-content\/uploads\/2021\/03\/image-3-300x169.png 300w\" sizes=\"auto, (max-width: 640px) 100vw, 640px\" \/><figcaption class=\"wp-element-caption\">ASOCIACI\u00d3N SAX   &#8211;  ASOCIACI\u00d3N CALPE<\/figcaption><\/figure>\n\n\n\n<figure class=\"wp-block-image size-large is-resized\"><img loading=\"lazy\" decoding=\"async\" width=\"640\" height=\"360\" src=\"https:\/\/lucentumconsumidores.org\/wp-content\/uploads\/2021\/03\/image-4.png\" alt=\"\" class=\"wp-image-1186\" style=\"width:935px;height:525px\" srcset=\"https:\/\/lucentumconsumidores.org\/wp-content\/uploads\/2021\/03\/image-4.png 640w, https:\/\/lucentumconsumidores.org\/wp-content\/uploads\/2021\/03\/image-4-300x169.png 300w\" sizes=\"auto, (max-width: 640px) 100vw, 640px\" \/><figcaption class=\"wp-element-caption\">ASOCIACI\u00d3N H.FRAILES  &#8211; ASOCIACI\u00d3N BENIDORM<\/figcaption><\/figure>\n\n\n\n<figure class=\"wp-block-image size-large is-resized\"><img loading=\"lazy\" decoding=\"async\" width=\"640\" height=\"360\" src=\"https:\/\/lucentumconsumidores.org\/wp-content\/uploads\/2021\/03\/image-5.png\" alt=\"\" class=\"wp-image-1187\" style=\"width:892px;height:502px\" srcset=\"https:\/\/lucentumconsumidores.org\/wp-content\/uploads\/2021\/03\/image-5.png 640w, https:\/\/lucentumconsumidores.org\/wp-content\/uploads\/2021\/03\/image-5-300x169.png 300w\" sizes=\"auto, (max-width: 640px) 100vw, 640px\" \/><figcaption class=\"wp-element-caption\">ASOCIACI\u00d3N H.FRAILES  &#8211;  ASOCIACI\u00d3N MONOVAR<\/figcaption><\/figure>\n\n\n\n<p><\/p>\n","protected":false},"excerpt":{"rendered":"<p>Estos d\u00edas atr\u00e1s hemos celebrado un concurso \u201cCARTEL D\u00cdA DE LA MUJER\u201d&nbsp; D\u00cdA 8 DE MARZO. Estos dies #arrere hem celebrat un concurs \u201cCARTELL DIA DE LA DONA\u201d\u00a0 DIA 8 DE MAR\u00c7. Recibimos pinturas de distintas asociaciones: Asociaci\u00f3n de Hond\u00f3n de Los Frailes,&nbsp; Asociaci\u00f3n de Alcoy, Asociaci\u00f3n de Benissa, Asociaci\u00f3n de Onil, Asociaci\u00f3n de Sax,&#8230;<\/p>\n","protected":false},"author":2,"featured_media":1180,"comment_status":"open","ping_status":"open","sticky":false,"template":"","format":"standard","meta":{"footnotes":""},"categories":[3,5,13,11],"tags":[],"class_list":["post-1179","post","type-post","status-publish","format-standard","has-post-thumbnail","hentry","category-agenda","category-eventos","category-general","category-mujer"],"jetpack_featured_media_url":"https:\/\/lucentumconsumidores.org\/wp-content\/uploads\/2021\/03\/image.png","_links":{"self":[{"href":"https:\/\/lucentumconsumidores.org\/index.php?rest_route=\/wp\/v2\/posts\/1179","targetHints":{"allow":["GET"]}}],"collection":[{"href":"https:\/\/lucentumconsumidores.org\/index.php?rest_route=\/wp\/v2\/posts"}],"about":[{"href":"https:\/\/lucentumconsumidores.org\/index.php?rest_route=\/wp\/v2\/types\/post"}],"author":[{"embeddable":true,"href":"https:\/\/lucentumconsumidores.org\/index.php?rest_route=\/wp\/v2\/users\/2"}],"replies":[{"embeddable":true,"href":"https:\/\/lucentumconsumidores.org\/index.php?rest_route=%2Fwp%2Fv2%2Fcomments&post=1179"}],"version-history":[{"count":8,"href":"https:\/\/lucentumconsumidores.org\/index.php?rest_route=\/wp\/v2\/posts\/1179\/revisions"}],"predecessor-version":[{"id":4001,"href":"https:\/\/lucentumconsumidores.org\/index.php?rest_route=\/wp\/v2\/posts\/1179\/revisions\/4001"}],"wp:featuredmedia":[{"embeddable":true,"href":"https:\/\/lucentumconsumidores.org\/index.php?rest_route=\/wp\/v2\/media\/1180"}],"wp:attachment":[{"href":"https:\/\/lucentumconsumidores.org\/index.php?rest_route=%2Fwp%2Fv2%2Fmedia&parent=1179"}],"wp:term":[{"taxonomy":"category","embeddable":true,"href":"https:\/\/lucentumconsumidores.org\/index.php?rest_route=%2Fwp%2Fv2%2Fcategories&post=1179"},{"taxonomy":"post_tag","embeddable":true,"href":"https:\/\/lucentumconsumidores.org\/index.php?rest_route=%2Fwp%2Fv2%2Ftags&post=1179"}],"curies":[{"name":"wp","href":"https:\/\/api.w.org\/{rel}","templated":true}]}}