{"id":1235,"date":"2021-03-15T12:51:49","date_gmt":"2021-03-15T10:51:49","guid":{"rendered":"https:\/\/lucentumconsumidores.org\/?p=1235"},"modified":"2024-11-20T14:01:31","modified_gmt":"2024-11-20T12:01:31","slug":"campana-del-ministerio-de-consumo-del-dia-mundial-de-los-derechos-de-las-personas-consumidoras","status":"publish","type":"post","link":"https:\/\/lucentumconsumidores.org\/?p=1235","title":{"rendered":"Campa\u00f1a del Ministerio de Consumo : Lucha contra la contaminaci\u00f3n por pl\u00e1stico.  Campanya del Ministeri de Consum : Lluita contra la contaminaci\u00f3 per pl\u00e0stic."},"content":{"rendered":"\n<p><a href=\"https:\/\/app-eu.readspeaker.com\/cgi-bin\/rsent?customerid=11386&amp;lang=es_es&amp;voice=Pilar&amp;rule=rspeak&amp;readclass=informacion&amp;url=https:\/\/www.mscbs.gob.es\/consumo\/pec\/divulgacion\/diaMundial\/2021.htm\"><\/a>Adjuntamos el enlace, desde el que pod\u00e9is acceder a la campa\u00f1a que ha hecho el Ministerio de Consumo, en conmemoraci\u00f3n del d\u00eda mundial de los derechos de las personas consumidoras sobre la lucha contra la contaminaci\u00f3n por pl\u00e1stico. <\/p>\n\n\n\n<p><a href=\"https:\/\/www.mscbs.gob.es\/consumo\/pec\/divulgacion\/diaMundial\/2021.htm\">https:\/\/www.mscbs.gob.es\/consumo\/pec\/divulgacion\/diaMundial\/2021.htm<\/a><\/p>\n\n\n\n<figure class=\"wp-block-gallery has-nested-images columns-default is-cropped wp-block-gallery-1 is-layout-flex wp-block-gallery-is-layout-flex\">\n<figure class=\"wp-block-image size-large\"><img loading=\"lazy\" decoding=\"async\" width=\"1024\" height=\"683\" data-id=\"1236\" src=\"https:\/\/lucentumconsumidores.org\/wp-content\/uploads\/2021\/03\/the-bottle-5128607_1920-1024x683.jpg\" alt=\"\" class=\"wp-image-1236\" srcset=\"https:\/\/lucentumconsumidores.org\/wp-content\/uploads\/2021\/03\/the-bottle-5128607_1920-1024x683.jpg 1024w, https:\/\/lucentumconsumidores.org\/wp-content\/uploads\/2021\/03\/the-bottle-5128607_1920-300x200.jpg 300w, https:\/\/lucentumconsumidores.org\/wp-content\/uploads\/2021\/03\/the-bottle-5128607_1920-768x512.jpg 768w, https:\/\/lucentumconsumidores.org\/wp-content\/uploads\/2021\/03\/the-bottle-5128607_1920-1536x1024.jpg 1536w, https:\/\/lucentumconsumidores.org\/wp-content\/uploads\/2021\/03\/the-bottle-5128607_1920-480x320.jpg 480w, https:\/\/lucentumconsumidores.org\/wp-content\/uploads\/2021\/03\/the-bottle-5128607_1920.jpg 1920w\" sizes=\"auto, (max-width: 1024px) 100vw, 1024px\" \/><figcaption class=\"wp-element-caption\">Imagen de&nbsp;<a href=\"https:\/\/pixabay.com\/es\/users\/pasja1000-6355831\/?utm_source=link-attribution&amp;utm_medium=referral&amp;utm_campaign=image&amp;utm_content=5128607\">pasja1000<\/a>&nbsp;en&nbsp;<a href=\"https:\/\/pixabay.com\/es\/?utm_source=link-attribution&amp;utm_medium=referral&amp;utm_campaign=image&amp;utm_content=5128607\">Pixabay<\/a>&nbsp;<\/figcaption><\/figure>\n<\/figure>\n\n\n\n<p class=\"has-cyan-bluish-gray-color has-text-color has-link-color wp-elements-deab635e74d52105f5b958a226df7ba3\">Adjuntem l&#8217;enlla\u00e7, des del qual podeu accedir a la campanya que ha fet el Ministeri de Consum, en commemoraci\u00f3 del dia mundial dels drets de les persones consumidores sobre la lluita contra la contaminaci\u00f3 per pl\u00e0stic.<\/p>\n\n\n\n<p><a href=\"https:\/\/www.mscbs.gob.es\/consumo\/pec\/divulgacion\/diaMundial\/2021.htm\">https:\/\/www.mscbs.gob.es\/consumo\/pec\/divulgacion\/diaMundial\/2021.htm<\/a><\/p>\n\n\n\n<p><\/p>\n","protected":false},"excerpt":{"rendered":"<p>Adjuntamos el enlace, desde el que pod\u00e9is acceder a la campa\u00f1a que ha hecho el Ministerio de Consumo, en conmemoraci\u00f3n del d\u00eda mundial de los derechos de las personas consumidoras sobre la lucha contra la contaminaci\u00f3n por pl\u00e1stico. https:\/\/www.mscbs.gob.es\/consumo\/pec\/divulgacion\/diaMundial\/2021.htm Adjuntem l&#8217;enlla\u00e7, des del qual podeu accedir a la campanya que ha fet el Ministeri de&#8230;<\/p>\n","protected":false},"author":2,"featured_media":1236,"comment_status":"open","ping_status":"open","sticky":false,"template":"","format":"standard","meta":{"footnotes":""},"categories":[9,13,4,15],"tags":[],"class_list":["post-1235","post","type-post","status-publish","format-standard","has-post-thumbnail","hentry","category-consumo","category-general","category-medio-ambiente","category-noticias"],"jetpack_featured_media_url":"https:\/\/lucentumconsumidores.org\/wp-content\/uploads\/2021\/03\/the-bottle-5128607_1920.jpg","_links":{"self":[{"href":"https:\/\/lucentumconsumidores.org\/index.php?rest_route=\/wp\/v2\/posts\/1235","targetHints":{"allow":["GET"]}}],"collection":[{"href":"https:\/\/lucentumconsumidores.org\/index.php?rest_route=\/wp\/v2\/posts"}],"about":[{"href":"https:\/\/lucentumconsumidores.org\/index.php?rest_route=\/wp\/v2\/types\/post"}],"author":[{"embeddable":true,"href":"https:\/\/lucentumconsumidores.org\/index.php?rest_route=\/wp\/v2\/users\/2"}],"replies":[{"embeddable":true,"href":"https:\/\/lucentumconsumidores.org\/index.php?rest_route=%2Fwp%2Fv2%2Fcomments&post=1235"}],"version-history":[{"count":5,"href":"https:\/\/lucentumconsumidores.org\/index.php?rest_route=\/wp\/v2\/posts\/1235\/revisions"}],"predecessor-version":[{"id":3990,"href":"https:\/\/lucentumconsumidores.org\/index.php?rest_route=\/wp\/v2\/posts\/1235\/revisions\/3990"}],"wp:featuredmedia":[{"embeddable":true,"href":"https:\/\/lucentumconsumidores.org\/index.php?rest_route=\/wp\/v2\/media\/1236"}],"wp:attachment":[{"href":"https:\/\/lucentumconsumidores.org\/index.php?rest_route=%2Fwp%2Fv2%2Fmedia&parent=1235"}],"wp:term":[{"taxonomy":"category","embeddable":true,"href":"https:\/\/lucentumconsumidores.org\/index.php?rest_route=%2Fwp%2Fv2%2Fcategories&post=1235"},{"taxonomy":"post_tag","embeddable":true,"href":"https:\/\/lucentumconsumidores.org\/index.php?rest_route=%2Fwp%2Fv2%2Ftags&post=1235"}],"curies":[{"name":"wp","href":"https:\/\/api.w.org\/{rel}","templated":true}]}}