{"id":1272,"date":"2021-04-30T17:09:30","date_gmt":"2021-04-30T15:09:30","guid":{"rendered":"https:\/\/lucentumconsumidores.org\/?p=1272"},"modified":"2024-11-20T13:54:49","modified_gmt":"2024-11-20T11:54:49","slug":"el-gobierno-amplia-a-3-anos-la-garantia-de-los-productos-y-a-10-anos-sus-reparaciones","status":"publish","type":"post","link":"https:\/\/lucentumconsumidores.org\/?p=1272","title":{"rendered":"EL GOBIERNO AMPLIA A 3 A\u00d1OS LA GARANT\u00cdA DE LOS PRODUCTOS Y A 10 A\u00d1OS SUS REPARACIONES. EL GOVERN \u00c0MPLIA A 3 ANYS LA GARANTIA DELS PRODUCTES I A 10 ANYS LES SEUES REPARACIONS."},"content":{"rendered":"\n<figure class=\"wp-block-image is-resized\"><img decoding=\"async\" src=\"https:\/\/i.blogs.es\/7e4085\/ez_bm1xwyaquqcm\/450_1000.jpg\" alt=\"Ez Bm1xwyaquqcm\" style=\"width:668px;height:376px\"\/><\/figure>\n\n\n\n<p>El pasado martes el Consejo de Ministros aprob\u00f3 un decreto-ley&nbsp; que modifica la actual <strong>normativa de consumo<\/strong>,&nbsp; <strong>ampliando a 3 a\u00f1os la garant\u00eda de los productos<\/strong> y&nbsp; <strong>a 10 a\u00f1os<\/strong> el tiempo m\u00ednimo en el que los fabricantes estar\u00e1n obligados a disponer de piezas de repuesto, cuando el producto deja de fabricarse, <strong>garantizando las reparaciones<\/strong> y apostando por un incremento de la vida \u00fatil de los productos, con el objetivo de lograr un <strong>consumo m\u00e1s sostenible.<\/strong> <\/p>\n\n\n\n<p>Se ampl\u00eda tambi\u00e9n, a cinco a\u00f1os el plazo de prescripci\u00f3n para ejercer los derechos que el consumidor tiene cuando no est\u00e1 conforme con la compra. <\/p>\n\n\n\n<p>La <strong>reforma de Ley de consumo,<\/strong> tambi\u00e9n incluye nuevos derechos y garant\u00edas para los consumidores y usuarios del comercio online,  recogiendo la contrataci\u00f3n de contenidos y servicios digitales gratuitos al consumidor a cambio de sus datos personales.<\/p>\n\n\n\n<p>Seg\u00fan el <strong>Ministerio de Consumo<\/strong>, esta normativa, entrar\u00e1 en vigor el 1 de enero de 2022.<\/p>\n\n\n\n<p>&#8230;&#8230;&#8230;&#8230;&#8230;..<\/p>\n\n\n\n<p class=\"has-cyan-bluish-gray-color has-text-color has-link-color wp-elements-f068a767874bf1a6f9572ec125e5f589\">Dimarts passat el Consell de Ministres va aprovar un decret llei&nbsp; que modifica l&#8217;actual normativa de consum,&nbsp; ampliant a 3 anys la garantia dels productes i&nbsp; a 10 anys el temps m\u00ednim en el qual els fabricants estaran obligats a disposar de peces de recanvi, quan el producte deixa de fabricar-se, garantint les reparacions i apostant per un increment de la vida \u00fatil dels productes, amb l&#8217;objectiu d&#8217;aconseguir un consum m\u00e9s sostenible.<\/p>\n\n\n\n<p class=\"has-cyan-bluish-gray-color has-text-color has-link-color wp-elements-d175b0198f164650956f145074abd09c\">S&#8217;amplia tamb\u00e9, a cinc anys el termini de prescripci\u00f3 per a exercir els drets que el consumidor t\u00e9 quan no est\u00e0 conforme amb la compra.<\/p>\n\n\n\n<p class=\"has-cyan-bluish-gray-color has-text-color has-link-color wp-elements-444e9cba46861295adc5706aa303b0b4\">La reforma de Llei de consum, tamb\u00e9 inclou nous drets i garanties per als consumidors i usuaris del comer\u00e7 en l\u00ednia, arreplegant la contractaci\u00f3 de continguts i servicis digitals gratu\u00efts al consumidor a canvi de les seues dades personals.<\/p>\n\n\n\n<p class=\"has-cyan-bluish-gray-color has-text-color has-link-color wp-elements-37e4cfb69385efce243d13b4529392db\">Segons el Ministeri de Consum, esta normativa, entrar\u00e0 en vigor l&#8217;1 de gener de 2022.<\/p>\n","protected":false},"excerpt":{"rendered":"<p>El pasado martes el Consejo de Ministros aprob\u00f3 un decreto-ley&nbsp; que modifica la actual normativa de consumo,&nbsp; ampliando a 3 a\u00f1os la garant\u00eda de los productos y&nbsp; a 10 a\u00f1os el tiempo m\u00ednimo en el que los fabricantes estar\u00e1n obligados a disponer de piezas de repuesto, cuando el producto deja de fabricarse, garantizando las reparaciones&#8230;<\/p>\n","protected":false},"author":2,"featured_media":1305,"comment_status":"open","ping_status":"open","sticky":false,"template":"","format":"standard","meta":{"footnotes":""},"categories":[9],"tags":[],"class_list":["post-1272","post","type-post","status-publish","format-standard","has-post-thumbnail","hentry","category-consumo"],"jetpack_featured_media_url":"https:\/\/lucentumconsumidores.org\/wp-content\/uploads\/2021\/04\/GARANTIA-PRODUCTOS-2.jpg","_links":{"self":[{"href":"https:\/\/lucentumconsumidores.org\/index.php?rest_route=\/wp\/v2\/posts\/1272","targetHints":{"allow":["GET"]}}],"collection":[{"href":"https:\/\/lucentumconsumidores.org\/index.php?rest_route=\/wp\/v2\/posts"}],"about":[{"href":"https:\/\/lucentumconsumidores.org\/index.php?rest_route=\/wp\/v2\/types\/post"}],"author":[{"embeddable":true,"href":"https:\/\/lucentumconsumidores.org\/index.php?rest_route=\/wp\/v2\/users\/2"}],"replies":[{"embeddable":true,"href":"https:\/\/lucentumconsumidores.org\/index.php?rest_route=%2Fwp%2Fv2%2Fcomments&post=1272"}],"version-history":[{"count":7,"href":"https:\/\/lucentumconsumidores.org\/index.php?rest_route=\/wp\/v2\/posts\/1272\/revisions"}],"predecessor-version":[{"id":3983,"href":"https:\/\/lucentumconsumidores.org\/index.php?rest_route=\/wp\/v2\/posts\/1272\/revisions\/3983"}],"wp:featuredmedia":[{"embeddable":true,"href":"https:\/\/lucentumconsumidores.org\/index.php?rest_route=\/wp\/v2\/media\/1305"}],"wp:attachment":[{"href":"https:\/\/lucentumconsumidores.org\/index.php?rest_route=%2Fwp%2Fv2%2Fmedia&parent=1272"}],"wp:term":[{"taxonomy":"category","embeddable":true,"href":"https:\/\/lucentumconsumidores.org\/index.php?rest_route=%2Fwp%2Fv2%2Fcategories&post=1272"},{"taxonomy":"post_tag","embeddable":true,"href":"https:\/\/lucentumconsumidores.org\/index.php?rest_route=%2Fwp%2Fv2%2Ftags&post=1272"}],"curies":[{"name":"wp","href":"https:\/\/api.w.org\/{rel}","templated":true}]}}