{"id":1330,"date":"2021-05-12T10:10:51","date_gmt":"2021-05-12T08:10:51","guid":{"rendered":"https:\/\/lucentumconsumidores.org\/?p=1330"},"modified":"2024-11-04T08:04:48","modified_gmt":"2024-11-04T06:04:48","slug":"gva-participa-unpoquetdetu","status":"publish","type":"post","link":"https:\/\/lucentumconsumidores.org\/?p=1330","title":{"rendered":"GVA PARTICIPA: #UNPOQUETDETU"},"content":{"rendered":"\n<p><strong>POSA UN POQUET DE TU EN LA COMUNITAT<\/strong><\/p>\n\n\n\n<figure class=\"wp-block-gallery has-nested-images columns-default is-cropped wp-block-gallery-1 is-layout-flex wp-block-gallery-is-layout-flex\">\n<figure class=\"wp-block-image size-large\"><img loading=\"lazy\" decoding=\"async\" width=\"1024\" height=\"683\" data-id=\"1331\" src=\"https:\/\/lucentumconsumidores.org\/wp-content\/uploads\/2021\/05\/un-poqutet-de-tu-1024x683.jpg\" alt=\"\" class=\"wp-image-1331\" srcset=\"https:\/\/lucentumconsumidores.org\/wp-content\/uploads\/2021\/05\/un-poqutet-de-tu-1024x683.jpg 1024w, https:\/\/lucentumconsumidores.org\/wp-content\/uploads\/2021\/05\/un-poqutet-de-tu-300x200.jpg 300w, https:\/\/lucentumconsumidores.org\/wp-content\/uploads\/2021\/05\/un-poqutet-de-tu-768x512.jpg 768w, https:\/\/lucentumconsumidores.org\/wp-content\/uploads\/2021\/05\/un-poqutet-de-tu-1536x1024.jpg 1536w, https:\/\/lucentumconsumidores.org\/wp-content\/uploads\/2021\/05\/un-poqutet-de-tu-2048x1365.jpg 2048w, https:\/\/lucentumconsumidores.org\/wp-content\/uploads\/2021\/05\/un-poqutet-de-tu-480x320.jpg 480w\" sizes=\"auto, (max-width: 1024px) 100vw, 1024px\" \/><\/figure>\n<\/figure>\n\n\n\n<p>Ayer por streaming, asistimos a un evento convocado por  la Consellera de Participaci\u00f3n, Transparencia, Cooperaci\u00f3n y Calidad Democr\u00e1tica,&nbsp; D\u00f1a. Rosa P\u00e9rez Garijo y la Directora&nbsp; de Participaci\u00f3n Ciudadana, D\u00f1a. M\u00aa Jes\u00fas P\u00e9rez Galant,&nbsp; presentando los presupuestos participativos del 2022.  <\/p>\n\n\n\n<p>Y animando a la ciudadan\u00eda a participar en esta nueva iniciativa a trav\u00e9s del portal GVA Participa.  <\/p>\n\n\n\n<p>El proceso de participaci\u00f3n ciudadana se realizar\u00e1 en varias fases: Presentaci\u00f3n de proyectos,  revisi\u00f3n interna, fase de apoyos, evaluaci\u00f3n de proyectos, publicaci\u00f3n de presupuesto de proyectos, votaci\u00f3n final, resultados a la ciudadan\u00eda y Seguimiento y control.  Abriendo ahora, el plazo para presentar los proyectos ciudadanos hasta el 30 de mayo.<\/p>\n\n\n\n<p>La  consejera de Participaci\u00f3n ha expresado:  \u00abDeseamos que este proyecto venga para quedarse y permita que las reivindicaciones y propuestas ciudadanas sean una realidad \u00ab.<\/p>\n\n\n\n<p class=\"has-cyan-bluish-gray-color has-text-color has-link-color wp-elements-d07235728ac48319e43446b2b3d67f84\">Ahir per streaming, vam assistir a un esdeveniment convocat per la Consellera de Participaci\u00f3, Transpar\u00e8ncia, Cooperaci\u00f3 i Qualitat Democr\u00e0tica,\u00a0 Sra. Rosa P\u00e9rez Garijo i la Directora\u00a0 de Participaci\u00f3 Ciutadana, Sra. M\u00aa Jes\u00fas P\u00e9rez *Galant,\u00a0 presentant els pressupostos participatius del 2022.<\/p>\n\n\n\n<p class=\"has-cyan-bluish-gray-color has-text-color has-link-color wp-elements-c4c89924d2991ecf95442234e95fda8b\">I animant a la ciutadania a participar en esta nova iniciativa a trav\u00e9s del portal GVA Participa.<\/p>\n\n\n\n<p class=\"has-cyan-bluish-gray-color has-text-color has-link-color wp-elements-a9c5548fb54b835297a960c9c91c6aa7\">El proc\u00e9s de participaci\u00f3 ciutadana es realitzar\u00e0 en diverses fases: Presentaci\u00f3 de projectes, revisi\u00f3 interna, fase de suports, avaluaci\u00f3 de projectes, publicaci\u00f3 de pressupost de projectes, votaci\u00f3 final, resultats a la ciutadania i Seguiment i control. Obrint ara, el termini per a presentar els projectes ciutadans fins al 30 de maig.<\/p>\n\n\n\n<p class=\"has-cyan-bluish-gray-color has-text-color has-link-color wp-elements-aa7ba926a7f5e424d22ac0ec3afda844\">La consellera de Participaci\u00f3 ha expressat: \u00abDesitgem que este projecte vinga per a quedar-se i permeta que les reivindicacions i propostes ciutadanes siguen una realitat \u00ab.<\/p>\n\n\n\n<figure class=\"wp-block-embed is-type-video is-provider-youtube wp-block-embed-youtube wp-embed-aspect-16-9 wp-has-aspect-ratio\"><div class=\"wp-block-embed__wrapper\">\n<iframe loading=\"lazy\" title=\"Presentaci\u00f3 dels Pressupostos Participatius de la Generalitat\" width=\"640\" height=\"360\" src=\"https:\/\/www.youtube.com\/embed\/7k_bGf5TdHY?feature=oembed\" frameborder=\"0\" allow=\"accelerometer; autoplay; clipboard-write; encrypted-media; gyroscope; picture-in-picture; web-share\" referrerpolicy=\"strict-origin-when-cross-origin\" allowfullscreen><\/iframe>\n<\/div><\/figure>\n","protected":false},"excerpt":{"rendered":"<p>POSA UN POQUET DE TU EN LA COMUNITAT Ayer por streaming, asistimos a un evento convocado por la Consellera de Participaci\u00f3n, Transparencia, Cooperaci\u00f3n y Calidad Democr\u00e1tica,&nbsp; D\u00f1a. Rosa P\u00e9rez Garijo y la Directora&nbsp; de Participaci\u00f3n Ciudadana, D\u00f1a. M\u00aa Jes\u00fas P\u00e9rez Galant,&nbsp; presentando los presupuestos participativos del 2022. Y animando a la ciudadan\u00eda a participar en&#8230;<\/p>\n","protected":false},"author":2,"featured_media":1331,"comment_status":"open","ping_status":"open","sticky":false,"template":"","format":"standard","meta":{"footnotes":""},"categories":[3,5,13,15],"tags":[],"class_list":["post-1330","post","type-post","status-publish","format-standard","has-post-thumbnail","hentry","category-agenda","category-eventos","category-general","category-noticias"],"jetpack_featured_media_url":"https:\/\/lucentumconsumidores.org\/wp-content\/uploads\/2021\/05\/un-poqutet-de-tu-scaled.jpg","_links":{"self":[{"href":"https:\/\/lucentumconsumidores.org\/index.php?rest_route=\/wp\/v2\/posts\/1330","targetHints":{"allow":["GET"]}}],"collection":[{"href":"https:\/\/lucentumconsumidores.org\/index.php?rest_route=\/wp\/v2\/posts"}],"about":[{"href":"https:\/\/lucentumconsumidores.org\/index.php?rest_route=\/wp\/v2\/types\/post"}],"author":[{"embeddable":true,"href":"https:\/\/lucentumconsumidores.org\/index.php?rest_route=\/wp\/v2\/users\/2"}],"replies":[{"embeddable":true,"href":"https:\/\/lucentumconsumidores.org\/index.php?rest_route=%2Fwp%2Fv2%2Fcomments&post=1330"}],"version-history":[{"count":4,"href":"https:\/\/lucentumconsumidores.org\/index.php?rest_route=\/wp\/v2\/posts\/1330\/revisions"}],"predecessor-version":[{"id":3823,"href":"https:\/\/lucentumconsumidores.org\/index.php?rest_route=\/wp\/v2\/posts\/1330\/revisions\/3823"}],"wp:featuredmedia":[{"embeddable":true,"href":"https:\/\/lucentumconsumidores.org\/index.php?rest_route=\/wp\/v2\/media\/1331"}],"wp:attachment":[{"href":"https:\/\/lucentumconsumidores.org\/index.php?rest_route=%2Fwp%2Fv2%2Fmedia&parent=1330"}],"wp:term":[{"taxonomy":"category","embeddable":true,"href":"https:\/\/lucentumconsumidores.org\/index.php?rest_route=%2Fwp%2Fv2%2Fcategories&post=1330"},{"taxonomy":"post_tag","embeddable":true,"href":"https:\/\/lucentumconsumidores.org\/index.php?rest_route=%2Fwp%2Fv2%2Ftags&post=1330"}],"curies":[{"name":"wp","href":"https:\/\/api.w.org\/{rel}","templated":true}]}}