{"id":1440,"date":"2021-07-28T14:04:39","date_gmt":"2021-07-28T12:04:39","guid":{"rendered":"https:\/\/lucentumconsumidores.org\/?p=1440"},"modified":"2024-11-04T07:32:09","modified_gmt":"2024-11-04T05:32:09","slug":"el-consumidor-ante-la-justicia-cuando-y-como-reclamar-solo-ante-el-juez-charla-online","status":"publish","type":"post","link":"https:\/\/lucentumconsumidores.org\/?p=1440","title":{"rendered":"\u00abEL CONSUMIDOR ANTE LA JUSTICIA: CUANDO Y COMO RECLAMAR SOLO ANTE EL JUEZ.    \u00abCharla  Online\u00bb  &#8211;  \u00abEL CONSUMIDOR DAVANT LA JUST\u00cdCIA: QUAN I COM RECLAMAR NOM\u00c9S DAVANT EL JUTGE. \u00abXarrada En l\u00ednia\u00bb"},"content":{"rendered":"\n<figure class=\"wp-block-image size-large is-resized\"><img loading=\"lazy\" decoding=\"async\" width=\"1024\" height=\"683\" src=\"https:\/\/lucentumconsumidores.org\/wp-content\/uploads\/2021\/07\/reclamar-solo-1024x683.jpg\" alt=\"\" class=\"wp-image-1441\" style=\"width:627px;height:417px\" srcset=\"https:\/\/lucentumconsumidores.org\/wp-content\/uploads\/2021\/07\/reclamar-solo-1024x683.jpg 1024w, https:\/\/lucentumconsumidores.org\/wp-content\/uploads\/2021\/07\/reclamar-solo-300x200.jpg 300w, https:\/\/lucentumconsumidores.org\/wp-content\/uploads\/2021\/07\/reclamar-solo-768x512.jpg 768w, https:\/\/lucentumconsumidores.org\/wp-content\/uploads\/2021\/07\/reclamar-solo-1536x1024.jpg 1536w, https:\/\/lucentumconsumidores.org\/wp-content\/uploads\/2021\/07\/reclamar-solo-480x320.jpg 480w, https:\/\/lucentumconsumidores.org\/wp-content\/uploads\/2021\/07\/reclamar-solo.jpg 1920w\" sizes=\"auto, (max-width: 1024px) 100vw, 1024px\" \/><figcaption class=\"wp-element-caption\">Imagen de&nbsp;<a href=\"https:\/\/pixabay.com\/es\/users\/herbinisaac-3467892\/?utm_source=link-attribution&amp;utm_medium=referral&amp;utm_campaign=image&amp;utm_content=4926156\">herbinisaac<\/a>&nbsp;en&nbsp;<a href=\"https:\/\/pixabay.com\/es\/?utm_source=link-attribution&amp;utm_medium=referral&amp;utm_campaign=image&amp;utm_content=4926156\">Pixabay<\/a>&nbsp;<\/figcaption><\/figure>\n\n\n\n<p class=\"has-black-color has-text-color has-link-color wp-elements-5dd82722e855798334e422b0bcbb7119\">\u00bfTe gustar\u00eda saber c\u00f3mo y cu\u00e1ndo puedes reclamar ante la Justicia sin depender del servicio de abogado y procurador?   <\/p>\n\n\n\n<p class=\"has-cyan-bluish-gray-color has-text-color has-link-color wp-elements-9c2937484b61d3667e29cb7673266b81\">T&#8217;agradaria saber com i quan pots reclamar davant la Just\u00edcia sense dependre del servici d&#8217;advocat i procurador?<\/p>\n\n\n\n<p>Te ayudamos a descubrirlo &#8230;&#8230;.<\/p>\n\n\n\n<p class=\"has-cyan-bluish-gray-color has-text-color has-link-color wp-elements-1242e304d7d674e5b984fcd00ca50429\">T&#8217;ajudem a descobrir-ho \u2026\u2026.<\/p>\n\n\n\n<p>CHARLA ONLINE  <strong>\u00abEL CONSUMIDOR ANTE LA JUSTICIA: CUANDO Y COMO RECLAMAR SOLO ANTE EL JUEZ\u00bb<\/strong><\/p>\n\n\n\n<p class=\"has-cyan-bluish-gray-color has-text-color has-link-color wp-elements-54b7055bf095749da17dbdea4b48386f\">XARRADA EN L\u00cdNIA \u00abEL CONSUMIDOR DAVANT LA JUST\u00cdCIA: QUAN I COM RECLAMAR NOM\u00c9S DAVANT EL JUTGE\u00bb<\/p>\n\n\n\n<p>Te lo contamos el pr\u00f3ximo <strong>viernes d\u00eda 30 de julio a  las  12:00h<\/strong>                Ponente: Fabi\u00e1n Tasc\u00f3n.<\/p>\n\n\n\n<p class=\"has-cyan-bluish-gray-color has-text-color has-link-color wp-elements-97d32a5a12ddb1da624acb20d7258e9a\">T&#8217;ho expliquem divendres que ve dia 30 de juliol a les 12:*00h Ponent: Fabi\u00e1n Tasc\u00f3n.<\/p>\n\n\n\n<p>\u00bf Te lo vas a perder?     <\/p>\n\n\n\n<p class=\"has-cyan-bluish-gray-color has-text-color has-link-color wp-elements-ff7baf69ee471c35e7cdf5dcc0bdbad0\">T&#8217;ho perdr\u00e0s?<\/p>\n\n\n\n<p><strong>Inscribete aqu\u00ed <\/strong>&#8230;&#8230;<\/p>\n\n\n\n<p class=\"has-cyan-bluish-gray-color has-text-color has-link-color wp-elements-1bc86e0ec1ab76ea15ef6e8594df8774\">Inscribete ac\u00ed \u2026\u2026<\/p>\n\n\n\n<div class=\"wpcf7 no-js\" id=\"wpcf7-f819-o1\" lang=\"es-ES\" dir=\"ltr\">\n<div class=\"screen-reader-response\"><p role=\"status\" aria-live=\"polite\" aria-atomic=\"true\"><\/p> <ul><\/ul><\/div>\n<form action=\"\/index.php?rest_route=%2Fwp%2Fv2%2Fposts%2F1440#wpcf7-f819-o1\" method=\"post\" class=\"wpcf7-form init\" aria-label=\"Formulario de contacto\" novalidate=\"novalidate\" data-status=\"init\">\n<div style=\"display: none;\">\n<input type=\"hidden\" name=\"_wpcf7\" value=\"819\" \/>\n<input type=\"hidden\" name=\"_wpcf7_version\" value=\"5.9.8\" \/>\n<input type=\"hidden\" name=\"_wpcf7_locale\" value=\"es_ES\" \/>\n<input type=\"hidden\" name=\"_wpcf7_unit_tag\" value=\"wpcf7-f819-o1\" \/>\n<input type=\"hidden\" name=\"_wpcf7_container_post\" value=\"0\" \/>\n<input type=\"hidden\" name=\"_wpcf7_posted_data_hash\" value=\"\" \/>\n<\/div>\n<!-- wp:paragraph -->\n\n<!-- \/wp:paragraph -->\n\n<!-- wp:columns -->\n<div class=\"wp-block-columns\"><!-- wp:column -->\n\t<div class=\"wp-block-column\"><!-- wp:shortcode -->\n\t\t<div class=\"formularios\">\n\t\t\t<p><label> Nombre (obligatorio)<br \/>\n<span class=\"wpcf7-form-control-wrap\" data-name=\"your-name\"><input size=\"40\" maxlength=\"400\" class=\"wpcf7-form-control wpcf7-text wpcf7-validates-as-required\" aria-required=\"true\" aria-invalid=\"false\" value=\"\" type=\"text\" name=\"your-name\" \/><\/span> <\/label><br \/>\n<label> Apellidos (obligatorio)<br \/>\n<span class=\"wpcf7-form-control-wrap\" data-name=\"your-surname\"><input size=\"40\" maxlength=\"400\" class=\"wpcf7-form-control wpcf7-text wpcf7-validates-as-required\" aria-required=\"true\" aria-invalid=\"false\" value=\"\" type=\"text\" name=\"your-surname\" \/><\/span> <\/label><br \/>\n<label> correo electr\u00f3nico (obligatorio)<br \/>\n<span class=\"wpcf7-form-control-wrap\" data-name=\"your-email\"><input size=\"40\" maxlength=\"400\" class=\"wpcf7-form-control wpcf7-email wpcf7-validates-as-required wpcf7-text wpcf7-validates-as-email\" aria-required=\"true\" aria-invalid=\"false\" value=\"\" type=\"email\" name=\"your-email\" \/><\/span> <\/label><br \/>\n<label> Tel\u00e9fono (obligatorio)<br \/>\n<span class=\"wpcf7-form-control-wrap\" data-name=\"your-phone\"><input size=\"40\" maxlength=\"400\" class=\"wpcf7-form-control wpcf7-tel wpcf7-validates-as-required wpcf7-text wpcf7-validates-as-tel\" aria-required=\"true\" aria-invalid=\"false\" value=\"\" type=\"tel\" name=\"your-phone\" \/><\/span> <\/label>\n\t\t\t<\/p>\n\t\t\t<p><input class=\"wpcf7-form-control wpcf7-submit has-spinner boton-enviar\" id=\"btn-insc\" type=\"submit\" value=\"INSCRIBIRSE\" \/>\n\t\t\t<\/p>\n\t\t<\/div>\n<!-- \/wp:shortcode -->\n\t<\/div>\n<!-- \/wp:column -->\n\n<!-- wp:column -->\n\t<div class=\"wp-block-column\"><!-- wp:paragraph -->\n\t\t<p><strong>NOTA:<\/strong>\n\t\t<\/p>\n<!-- \/wp:paragraph -->\n\n<!-- wp:paragraph -->\n\t\t<p>Tras realizar la inscripci\u00f3n recibir\u00e1 un enlace en su correo electr\u00f3nico para acceder a la charla.\n\t\t<\/p>\n<!-- \/wp:paragraph -->\n\n<!-- wp:paragraph -->\n\t\t<p>En la secci\u00f3n \"requisitos t\u00e9cnicos\" se detallan las distintas opciones para acceder a la charla.\n\t\t<\/p>\n<!-- \/wp:paragraph -->\n\t<\/div>\n<!-- \/wp:column -->\n<\/div>\n<!-- \/wp:columns -->\n\n<!-- wp:paragraph -->\n\n<!-- \/wp:paragraph -->\n\n<!-- wp:paragraph -->\n<p><strong>REQUISITOS T\u00c9CNICOS<\/strong>\n<\/p>\n<!-- \/wp:paragraph -->\n\n<!-- wp:paragraph -->\n<p>Puede acceder a los seminarios online de varias formas:\n<\/p>\n<!-- \/wp:paragraph -->\n\n<!-- wp:paragraph -->\n<p>Desde su ordenador, a trav\u00e9s de su navegador web (preferentemente Google Chrome)\n<\/p>\n<!-- \/wp:paragraph -->\n\n<!-- wp:paragraph -->\n<p>Desde su tel\u00e9fono m\u00f3vil instalando la aplicaci\u00f3n webex para <a href=\"https:\/\/play.google.com\/store\/apps\/details?id=com.cisco.webex.meetings&amp;hl=es\">android<\/a> o <a href=\"https:\/\/apps.apple.com\/es\/app\/cisco-webex-meetings\/id298844386\">iphone<\/a> con la que podr\u00e1 emplear su tel\u00e9fono m\u00f3vil o t\u00e1blet para asistir a la charla online.\n<\/p>\n<!-- \/wp:paragraph -->\n\n<!-- wp:paragraph -->\n\n<!-- \/wp:paragraph --><div class=\"wpcf7-response-output\" aria-hidden=\"true\"><\/div>\n<\/form>\n<\/div>\n\n\n\n\n<p><\/p>\n","protected":false},"excerpt":{"rendered":"<p>\u00bfTe gustar\u00eda saber c\u00f3mo y cu\u00e1ndo puedes reclamar ante la Justicia sin depender del servicio de abogado y procurador? T&#8217;agradaria saber com i quan pots reclamar davant la Just\u00edcia sense dependre del servici d&#8217;advocat i procurador? Te ayudamos a descubrirlo &#8230;&#8230;. T&#8217;ajudem a descobrir-ho \u2026\u2026. CHARLA ONLINE \u00abEL CONSUMIDOR ANTE LA JUSTICIA: CUANDO Y COMO&#8230;<\/p>\n","protected":false},"author":2,"featured_media":1441,"comment_status":"open","ping_status":"open","sticky":false,"template":"","format":"standard","meta":{"footnotes":""},"categories":[14],"tags":[],"class_list":["post-1440","post","type-post","status-publish","format-standard","has-post-thumbnail","hentry","category-jornadas"],"jetpack_featured_media_url":"https:\/\/lucentumconsumidores.org\/wp-content\/uploads\/2021\/07\/reclamar-solo.jpg","_links":{"self":[{"href":"https:\/\/lucentumconsumidores.org\/index.php?rest_route=\/wp\/v2\/posts\/1440","targetHints":{"allow":["GET"]}}],"collection":[{"href":"https:\/\/lucentumconsumidores.org\/index.php?rest_route=\/wp\/v2\/posts"}],"about":[{"href":"https:\/\/lucentumconsumidores.org\/index.php?rest_route=\/wp\/v2\/types\/post"}],"author":[{"embeddable":true,"href":"https:\/\/lucentumconsumidores.org\/index.php?rest_route=\/wp\/v2\/users\/2"}],"replies":[{"embeddable":true,"href":"https:\/\/lucentumconsumidores.org\/index.php?rest_route=%2Fwp%2Fv2%2Fcomments&post=1440"}],"version-history":[{"count":6,"href":"https:\/\/lucentumconsumidores.org\/index.php?rest_route=\/wp\/v2\/posts\/1440\/revisions"}],"predecessor-version":[{"id":3805,"href":"https:\/\/lucentumconsumidores.org\/index.php?rest_route=\/wp\/v2\/posts\/1440\/revisions\/3805"}],"wp:featuredmedia":[{"embeddable":true,"href":"https:\/\/lucentumconsumidores.org\/index.php?rest_route=\/wp\/v2\/media\/1441"}],"wp:attachment":[{"href":"https:\/\/lucentumconsumidores.org\/index.php?rest_route=%2Fwp%2Fv2%2Fmedia&parent=1440"}],"wp:term":[{"taxonomy":"category","embeddable":true,"href":"https:\/\/lucentumconsumidores.org\/index.php?rest_route=%2Fwp%2Fv2%2Fcategories&post=1440"},{"taxonomy":"post_tag","embeddable":true,"href":"https:\/\/lucentumconsumidores.org\/index.php?rest_route=%2Fwp%2Fv2%2Ftags&post=1440"}],"curies":[{"name":"wp","href":"https:\/\/api.w.org\/{rel}","templated":true}]}}