{"id":1445,"date":"2021-07-27T10:50:30","date_gmt":"2021-07-27T08:50:30","guid":{"rendered":"https:\/\/lucentumconsumidores.org\/?p=1445"},"modified":"2024-11-04T07:37:36","modified_gmt":"2024-11-04T05:37:36","slug":"etiquetado-ecologico-y-consumo-responsable-charla-online","status":"publish","type":"post","link":"https:\/\/lucentumconsumidores.org\/?p=1445","title":{"rendered":"\u00abETIQUETADO ECOL\u00d3GICO Y CONSUMO SOSTENIBLE\u00bb  *Charla Online &#8211; \u00abETIQUETATGE ECOL\u00d2GIC I CONSUM SOSTENIBLE\u00bb *Xarrada En l\u00ednia"},"content":{"rendered":"\n<figure class=\"wp-block-image size-large is-resized\"><img loading=\"lazy\" decoding=\"async\" width=\"1024\" height=\"773\" src=\"https:\/\/lucentumconsumidores.org\/wp-content\/uploads\/2021\/07\/consumo-responsable-1024x773.jpg\" alt=\"\" class=\"wp-image-1446\" style=\"width:480px;height:362px\" srcset=\"https:\/\/lucentumconsumidores.org\/wp-content\/uploads\/2021\/07\/consumo-responsable-1024x773.jpg 1024w, https:\/\/lucentumconsumidores.org\/wp-content\/uploads\/2021\/07\/consumo-responsable-300x226.jpg 300w, https:\/\/lucentumconsumidores.org\/wp-content\/uploads\/2021\/07\/consumo-responsable-768x579.jpg 768w, https:\/\/lucentumconsumidores.org\/wp-content\/uploads\/2021\/07\/consumo-responsable.jpg 1210w\" sizes=\"auto, (max-width: 1024px) 100vw, 1024px\" \/><\/figure>\n\n\n\n<p>Tenemos infinidad de productos en el mercado etiquetados con simbolog\u00eda acorde con un consumo sostenible, lo cual a veces nos hace dudar a la hora de escoger unos u otros.   Si quieres aprender m\u00e1s sobre etiquetado &#8230;&#8230;..<\/p>\n\n\n\n<p class=\"has-cyan-bluish-gray-color has-text-color has-link-color wp-elements-096aed97f1e079d8abb811732c446fc4\"><strong>Tenim infinitat de productes en el mercat etiquetats amb simbologia d&#8217;acord amb un consum sostenible, la qual cosa a vegades ens fa dubtar a l&#8217;hora de triar els uns o els altres. Si vols aprendre m\u00e9s sobre etiquetatge \u2026\u2026..<\/strong><\/p>\n\n\n\n<p>\u00a1 Este es t\u00fa momento !    Sin moverte de tu casa o donde te venga bien &#8230;&#8230;<\/p>\n\n\n\n<p class=\"has-cyan-bluish-gray-color has-text-color has-link-color wp-elements-3445284bdbc4de45b03049267475bd70\"><strong>Este \u00e9s tu moment ! Sense moure&#8217;t de la teua casa o on et vinga b\u00e9 \u2026\u2026<\/strong><\/p>\n\n\n\n<p>CHARLA ONLINE   <strong>\u00abETIQUETADO ECOL\u00d3GICO Y CONSUMO SOSTENIBLE\u00bb<\/strong>   por  Alberto Curiel<\/p>\n\n\n\n<p class=\"has-cyan-bluish-gray-color has-text-color has-link-color wp-elements-5c51a78396e444577dbb975de76e72e3\"><strong>XARRADA EN L\u00cdNIA \u00abETIQUETATGE ECOL\u00d2GIC I CONSUM SOSTENIBLE\u00bb per Alberto Curiel<\/strong><\/p>\n\n\n\n<p class=\"has-text-align-center\"><strong>D\u00eda  29  de  julio  a las 17:00h<\/strong><\/p>\n\n\n\n<p class=\"has-text-align-center has-cyan-bluish-gray-color has-text-color has-link-color wp-elements-aace42ea261ce22af0b2cacb24e4beaa\"><strong>Dia 29 de juliol a les 17:00h<\/strong><\/p>\n\n\n\n<p>Te dejo el formulario de INSCRIPCI\u00d3N &#8230;   <strong>\u00a1\u00a1 Ap\u00fantate !!<\/strong><\/p>\n\n\n\n<p class=\"has-cyan-bluish-gray-color has-text-color has-link-color wp-elements-58d804e560dbcdf47e884766273a077a\"><strong>Et deixe el formulari d&#8217;INSCRIPCI\u00d3 \u2026 Apunta&#8217;t !!<\/strong><\/p>\n\n\n\n<div class=\"wpcf7 no-js\" id=\"wpcf7-f819-o1\" lang=\"es-ES\" dir=\"ltr\">\n<div class=\"screen-reader-response\"><p role=\"status\" aria-live=\"polite\" aria-atomic=\"true\"><\/p> <ul><\/ul><\/div>\n<form action=\"\/index.php?rest_route=%2Fwp%2Fv2%2Fposts%2F1445#wpcf7-f819-o1\" method=\"post\" class=\"wpcf7-form init\" aria-label=\"Formulario de contacto\" novalidate=\"novalidate\" data-status=\"init\">\n<div style=\"display: none;\">\n<input type=\"hidden\" name=\"_wpcf7\" value=\"819\" \/>\n<input type=\"hidden\" name=\"_wpcf7_version\" value=\"5.9.8\" \/>\n<input type=\"hidden\" name=\"_wpcf7_locale\" value=\"es_ES\" \/>\n<input type=\"hidden\" name=\"_wpcf7_unit_tag\" value=\"wpcf7-f819-o1\" \/>\n<input type=\"hidden\" name=\"_wpcf7_container_post\" value=\"0\" \/>\n<input type=\"hidden\" name=\"_wpcf7_posted_data_hash\" value=\"\" \/>\n<\/div>\n<!-- wp:paragraph -->\n\n<!-- \/wp:paragraph -->\n\n<!-- wp:columns -->\n<div class=\"wp-block-columns\"><!-- wp:column -->\n\t<div class=\"wp-block-column\"><!-- wp:shortcode -->\n\t\t<div class=\"formularios\">\n\t\t\t<p><label> Nombre (obligatorio)<br \/>\n<span class=\"wpcf7-form-control-wrap\" data-name=\"your-name\"><input size=\"40\" maxlength=\"400\" class=\"wpcf7-form-control wpcf7-text wpcf7-validates-as-required\" aria-required=\"true\" aria-invalid=\"false\" value=\"\" type=\"text\" name=\"your-name\" \/><\/span> <\/label><br \/>\n<label> Apellidos (obligatorio)<br \/>\n<span class=\"wpcf7-form-control-wrap\" data-name=\"your-surname\"><input size=\"40\" maxlength=\"400\" class=\"wpcf7-form-control wpcf7-text wpcf7-validates-as-required\" aria-required=\"true\" aria-invalid=\"false\" value=\"\" type=\"text\" name=\"your-surname\" \/><\/span> <\/label><br \/>\n<label> correo electr\u00f3nico (obligatorio)<br \/>\n<span class=\"wpcf7-form-control-wrap\" data-name=\"your-email\"><input size=\"40\" maxlength=\"400\" class=\"wpcf7-form-control wpcf7-email wpcf7-validates-as-required wpcf7-text wpcf7-validates-as-email\" aria-required=\"true\" aria-invalid=\"false\" value=\"\" type=\"email\" name=\"your-email\" \/><\/span> <\/label><br \/>\n<label> Tel\u00e9fono (obligatorio)<br \/>\n<span class=\"wpcf7-form-control-wrap\" data-name=\"your-phone\"><input size=\"40\" maxlength=\"400\" class=\"wpcf7-form-control wpcf7-tel wpcf7-validates-as-required wpcf7-text wpcf7-validates-as-tel\" aria-required=\"true\" aria-invalid=\"false\" value=\"\" type=\"tel\" name=\"your-phone\" \/><\/span> <\/label>\n\t\t\t<\/p>\n\t\t\t<p><input class=\"wpcf7-form-control wpcf7-submit has-spinner boton-enviar\" id=\"btn-insc\" type=\"submit\" value=\"INSCRIBIRSE\" \/>\n\t\t\t<\/p>\n\t\t<\/div>\n<!-- \/wp:shortcode -->\n\t<\/div>\n<!-- \/wp:column -->\n\n<!-- wp:column -->\n\t<div class=\"wp-block-column\"><!-- wp:paragraph -->\n\t\t<p><strong>NOTA:<\/strong>\n\t\t<\/p>\n<!-- \/wp:paragraph -->\n\n<!-- wp:paragraph -->\n\t\t<p>Tras realizar la inscripci\u00f3n recibir\u00e1 un enlace en su correo electr\u00f3nico para acceder a la charla.\n\t\t<\/p>\n<!-- \/wp:paragraph -->\n\n<!-- wp:paragraph -->\n\t\t<p>En la secci\u00f3n \"requisitos t\u00e9cnicos\" se detallan las distintas opciones para acceder a la charla.\n\t\t<\/p>\n<!-- \/wp:paragraph -->\n\t<\/div>\n<!-- \/wp:column -->\n<\/div>\n<!-- \/wp:columns -->\n\n<!-- wp:paragraph -->\n\n<!-- \/wp:paragraph -->\n\n<!-- wp:paragraph -->\n<p><strong>REQUISITOS T\u00c9CNICOS<\/strong>\n<\/p>\n<!-- \/wp:paragraph -->\n\n<!-- wp:paragraph -->\n<p>Puede acceder a los seminarios online de varias formas:\n<\/p>\n<!-- \/wp:paragraph -->\n\n<!-- wp:paragraph -->\n<p>Desde su ordenador, a trav\u00e9s de su navegador web (preferentemente Google Chrome)\n<\/p>\n<!-- \/wp:paragraph -->\n\n<!-- wp:paragraph -->\n<p>Desde su tel\u00e9fono m\u00f3vil instalando la aplicaci\u00f3n webex para <a href=\"https:\/\/play.google.com\/store\/apps\/details?id=com.cisco.webex.meetings&amp;hl=es\">android<\/a> o <a href=\"https:\/\/apps.apple.com\/es\/app\/cisco-webex-meetings\/id298844386\">iphone<\/a> con la que podr\u00e1 emplear su tel\u00e9fono m\u00f3vil o t\u00e1blet para asistir a la charla online.\n<\/p>\n<!-- \/wp:paragraph -->\n\n<!-- wp:paragraph -->\n\n<!-- \/wp:paragraph --><div class=\"wpcf7-response-output\" aria-hidden=\"true\"><\/div>\n<\/form>\n<\/div>\n\n\n\n\n<p><\/p>\n","protected":false},"excerpt":{"rendered":"<p>Tenemos infinidad de productos en el mercado etiquetados con simbolog\u00eda acorde con un consumo sostenible, lo cual a veces nos hace dudar a la hora de escoger unos u otros. Si quieres aprender m\u00e1s sobre etiquetado &#8230;&#8230;.. Tenim infinitat de productes en el mercat etiquetats amb simbologia d&#8217;acord amb un consum sostenible, la qual cosa&#8230;<\/p>\n","protected":false},"author":2,"featured_media":1446,"comment_status":"open","ping_status":"open","sticky":false,"template":"","format":"standard","meta":{"footnotes":""},"categories":[14],"tags":[],"class_list":["post-1445","post","type-post","status-publish","format-standard","has-post-thumbnail","hentry","category-jornadas"],"jetpack_featured_media_url":"https:\/\/lucentumconsumidores.org\/wp-content\/uploads\/2021\/07\/consumo-responsable.jpg","_links":{"self":[{"href":"https:\/\/lucentumconsumidores.org\/index.php?rest_route=\/wp\/v2\/posts\/1445","targetHints":{"allow":["GET"]}}],"collection":[{"href":"https:\/\/lucentumconsumidores.org\/index.php?rest_route=\/wp\/v2\/posts"}],"about":[{"href":"https:\/\/lucentumconsumidores.org\/index.php?rest_route=\/wp\/v2\/types\/post"}],"author":[{"embeddable":true,"href":"https:\/\/lucentumconsumidores.org\/index.php?rest_route=\/wp\/v2\/users\/2"}],"replies":[{"embeddable":true,"href":"https:\/\/lucentumconsumidores.org\/index.php?rest_route=%2Fwp%2Fv2%2Fcomments&post=1445"}],"version-history":[{"count":8,"href":"https:\/\/lucentumconsumidores.org\/index.php?rest_route=\/wp\/v2\/posts\/1445\/revisions"}],"predecessor-version":[{"id":3808,"href":"https:\/\/lucentumconsumidores.org\/index.php?rest_route=\/wp\/v2\/posts\/1445\/revisions\/3808"}],"wp:featuredmedia":[{"embeddable":true,"href":"https:\/\/lucentumconsumidores.org\/index.php?rest_route=\/wp\/v2\/media\/1446"}],"wp:attachment":[{"href":"https:\/\/lucentumconsumidores.org\/index.php?rest_route=%2Fwp%2Fv2%2Fmedia&parent=1445"}],"wp:term":[{"taxonomy":"category","embeddable":true,"href":"https:\/\/lucentumconsumidores.org\/index.php?rest_route=%2Fwp%2Fv2%2Fcategories&post=1445"},{"taxonomy":"post_tag","embeddable":true,"href":"https:\/\/lucentumconsumidores.org\/index.php?rest_route=%2Fwp%2Fv2%2Ftags&post=1445"}],"curies":[{"name":"wp","href":"https:\/\/api.w.org\/{rel}","templated":true}]}}