{"id":1594,"date":"2021-11-23T12:38:18","date_gmt":"2021-11-23T10:38:18","guid":{"rendered":"https:\/\/lucentumconsumidores.org\/?p=1594"},"modified":"2024-10-30T06:02:11","modified_gmt":"2024-10-30T04:02:11","slug":"violencia-de-genero-enfoque-actual-nacional-e-internacional","status":"publish","type":"post","link":"https:\/\/lucentumconsumidores.org\/?p=1594","title":{"rendered":"VIOLENCIA DE G\u00c9NERO \u00abEnfoque actual Nacional e Internacional\u00bb.  VIOL\u00c8NCIA DE G\u00c8NERE \u00abEnfocament actual Nacional i Internacional\u00bb."},"content":{"rendered":"\n<p>El  pasado jueves  d\u00eda 18  por la tarde, estuvimos con la Asociaci\u00f3n de Albatera, realizando una conferencia con motivo de la semana sobre la Violencia de G\u00e9nero,  titulada \u00abViolencia de G\u00e9nero, enfoque actual Nacional e internacional\u00bb &#8211; \u00abEl Impacto sobre la violencia de g\u00e9nero y violencia dom\u00e9stica\u00bb.    A cargo de las ponentes Ofelia Ripoll  y  Dana Raluca.  <\/p>\n\n\n\n<p>Fu\u00e9 una tarde muy agradable en la que los asistentes al evento mostraron mucho inter\u00e9s y participaci\u00f3n en la tertulia posterior a la charla. <\/p>\n\n\n\n<p class=\"has-cyan-bluish-gray-color has-text-color has-link-color wp-elements-2f4071aa6564655728b3818d96917544\">Dijous passat dia 18 a la vesprada, vam estar amb l&#8217;Associaci\u00f3 d&#8217;Albatera, realitzant una confer\u00e8ncia amb motiu de la setmana sobre la Viol\u00e8ncia de G\u00e8nere, titulada \u00abViol\u00e8ncia de G\u00e8nere, enfocament actual Nacional i internacional\u00bb &#8211; \u00abL&#8217;Impacte sobre la viol\u00e8ncia de g\u00e8nere i viol\u00e8ncia dom\u00e8stica\u00bb. A c\u00e0rrec de les ponents *Ofelia Ripoll i *Dana *Raluca.<\/p>\n\n\n\n<p class=\"has-cyan-bluish-gray-color has-text-color has-link-color wp-elements-66ce998b46eb6aca39e1cce45127c4d7\">Va anar una vesprada molt agradable en la qual els assistents a l&#8217;esdeveniment van mostrar molt d&#8217;inter\u00e9s i participaci\u00f3 en la tert\u00falia posterior a la xarrada.<\/p>\n\n\n\n<figure class=\"wp-block-image size-large\"><img loading=\"lazy\" decoding=\"async\" width=\"1024\" height=\"576\" src=\"https:\/\/lucentumconsumidores.org\/wp-content\/uploads\/2021\/11\/IMG-20211122-WA0006-1024x576.jpg\" alt=\"\" class=\"wp-image-1604\" srcset=\"https:\/\/lucentumconsumidores.org\/wp-content\/uploads\/2021\/11\/IMG-20211122-WA0006-1024x576.jpg 1024w, https:\/\/lucentumconsumidores.org\/wp-content\/uploads\/2021\/11\/IMG-20211122-WA0006-300x169.jpg 300w, https:\/\/lucentumconsumidores.org\/wp-content\/uploads\/2021\/11\/IMG-20211122-WA0006-768x432.jpg 768w, https:\/\/lucentumconsumidores.org\/wp-content\/uploads\/2021\/11\/IMG-20211122-WA0006-1536x864.jpg 1536w, https:\/\/lucentumconsumidores.org\/wp-content\/uploads\/2021\/11\/IMG-20211122-WA0006.jpg 1600w\" sizes=\"auto, (max-width: 1024px) 100vw, 1024px\" \/><figcaption class=\"wp-element-caption\">Ofelia Ripoll y Dana Raluca<\/figcaption><\/figure>\n\n\n\n<figure class=\"wp-block-image size-large\"><img loading=\"lazy\" decoding=\"async\" width=\"1024\" height=\"768\" src=\"https:\/\/lucentumconsumidores.org\/wp-content\/uploads\/2021\/11\/IMG-20211122-WA0005.jpg\" alt=\"\" class=\"wp-image-1597\" srcset=\"https:\/\/lucentumconsumidores.org\/wp-content\/uploads\/2021\/11\/IMG-20211122-WA0005.jpg 1024w, https:\/\/lucentumconsumidores.org\/wp-content\/uploads\/2021\/11\/IMG-20211122-WA0005-300x225.jpg 300w, https:\/\/lucentumconsumidores.org\/wp-content\/uploads\/2021\/11\/IMG-20211122-WA0005-768x576.jpg 768w, https:\/\/lucentumconsumidores.org\/wp-content\/uploads\/2021\/11\/IMG-20211122-WA0005-640x480.jpg 640w\" sizes=\"auto, (max-width: 1024px) 100vw, 1024px\" \/><\/figure>\n","protected":false},"excerpt":{"rendered":"<p>El pasado jueves d\u00eda 18 por la tarde, estuvimos con la Asociaci\u00f3n de Albatera, realizando una conferencia con motivo de la semana sobre la Violencia de G\u00e9nero, titulada \u00abViolencia de G\u00e9nero, enfoque actual Nacional e internacional\u00bb &#8211; \u00abEl Impacto sobre la violencia de g\u00e9nero y violencia dom\u00e9stica\u00bb. A cargo de las ponentes Ofelia Ripoll y&#8230;<\/p>\n","protected":false},"author":2,"featured_media":1604,"comment_status":"open","ping_status":"open","sticky":false,"template":"","format":"standard","meta":{"footnotes":""},"categories":[3,13,14,11],"tags":[],"class_list":["post-1594","post","type-post","status-publish","format-standard","has-post-thumbnail","hentry","category-agenda","category-general","category-jornadas","category-mujer"],"jetpack_featured_media_url":"https:\/\/lucentumconsumidores.org\/wp-content\/uploads\/2021\/11\/IMG-20211122-WA0006.jpg","_links":{"self":[{"href":"https:\/\/lucentumconsumidores.org\/index.php?rest_route=\/wp\/v2\/posts\/1594","targetHints":{"allow":["GET"]}}],"collection":[{"href":"https:\/\/lucentumconsumidores.org\/index.php?rest_route=\/wp\/v2\/posts"}],"about":[{"href":"https:\/\/lucentumconsumidores.org\/index.php?rest_route=\/wp\/v2\/types\/post"}],"author":[{"embeddable":true,"href":"https:\/\/lucentumconsumidores.org\/index.php?rest_route=\/wp\/v2\/users\/2"}],"replies":[{"embeddable":true,"href":"https:\/\/lucentumconsumidores.org\/index.php?rest_route=%2Fwp%2Fv2%2Fcomments&post=1594"}],"version-history":[{"count":5,"href":"https:\/\/lucentumconsumidores.org\/index.php?rest_route=\/wp\/v2\/posts\/1594\/revisions"}],"predecessor-version":[{"id":3748,"href":"https:\/\/lucentumconsumidores.org\/index.php?rest_route=\/wp\/v2\/posts\/1594\/revisions\/3748"}],"wp:featuredmedia":[{"embeddable":true,"href":"https:\/\/lucentumconsumidores.org\/index.php?rest_route=\/wp\/v2\/media\/1604"}],"wp:attachment":[{"href":"https:\/\/lucentumconsumidores.org\/index.php?rest_route=%2Fwp%2Fv2%2Fmedia&parent=1594"}],"wp:term":[{"taxonomy":"category","embeddable":true,"href":"https:\/\/lucentumconsumidores.org\/index.php?rest_route=%2Fwp%2Fv2%2Fcategories&post=1594"},{"taxonomy":"post_tag","embeddable":true,"href":"https:\/\/lucentumconsumidores.org\/index.php?rest_route=%2Fwp%2Fv2%2Ftags&post=1594"}],"curies":[{"name":"wp","href":"https:\/\/api.w.org\/{rel}","templated":true}]}}