{"id":1629,"date":"2021-12-01T11:56:35","date_gmt":"2021-12-01T09:56:35","guid":{"rendered":"https:\/\/lucentumconsumidores.org\/?p=1629"},"modified":"2024-10-30T05:38:22","modified_gmt":"2024-10-30T03:38:22","slug":"vii-jornada-mpac","status":"publish","type":"post","link":"https:\/\/lucentumconsumidores.org\/?p=1629","title":{"rendered":"VII JORNADA MPAC."},"content":{"rendered":"\n<figure class=\"wp-block-image size-large\"><img loading=\"lazy\" decoding=\"async\" width=\"977\" height=\"1024\" src=\"https:\/\/lucentumconsumidores.org\/wp-content\/uploads\/2021\/12\/IMG-20211201-WA0000-2-977x1024.jpg\" alt=\"\" class=\"wp-image-1631\" srcset=\"https:\/\/lucentumconsumidores.org\/wp-content\/uploads\/2021\/12\/IMG-20211201-WA0000-2-977x1024.jpg 977w, https:\/\/lucentumconsumidores.org\/wp-content\/uploads\/2021\/12\/IMG-20211201-WA0000-2-286x300.jpg 286w, https:\/\/lucentumconsumidores.org\/wp-content\/uploads\/2021\/12\/IMG-20211201-WA0000-2-768x805.jpg 768w, https:\/\/lucentumconsumidores.org\/wp-content\/uploads\/2021\/12\/IMG-20211201-WA0000-2-1465x1536.jpg 1465w, https:\/\/lucentumconsumidores.org\/wp-content\/uploads\/2021\/12\/IMG-20211201-WA0000-2.jpg 1527w\" sizes=\"auto, (max-width: 977px) 100vw, 977px\" \/><\/figure>\n\n\n\n<p>D\u00eda 1 de diciembre, nos encontramos en Madrid, en el Consejo Econ\u00f3mico y Social.  En la VII Jornada MPAC.<\/p>\n\n\n\n<p>Programa:                                                                                                                          * Presentaci\u00f3n de los resultados de la encuesta de h\u00e1bitos de compra y consumo 2021.                                                                                                                                                   * I Mesa de trabajo: El nuevo consumidor. Adaptaci\u00f3n y compromiso con el planeta. Nuevos desaf\u00edos en alimentaci\u00f3n.  Nuevas reivindicaciones.                                                                                         * II Mesa redonda: Resultados Encuesta.  Debate: Consumidor 2021: Adaptaci\u00f3n, compromiso, resiliencia, demandas y nuevas oportunidades. <\/p>\n\n\n\n<p class=\"has-cyan-bluish-gray-color has-text-color has-link-color wp-elements-d70cf9f9893a83288338af959bb1d138\">Dia 1 de desembre, ens trobem a Madrid, en el Consell Econ\u00f2mic i Social. En la VII Jornada MPAC.<\/p>\n\n\n\n<p class=\"has-cyan-bluish-gray-color has-text-color has-link-color wp-elements-f22242ce64a7070c1605de986b1b0dfa\">Programa: * Presentaci\u00f3 dels resultats de l&#8217;enquesta d&#8217;h\u00e0bits de compra i consum 2021. * I Taula de treball: El nou consumidor. Adaptaci\u00f3 i comprom\u00eds amb el planeta. Nous desafiaments en alimentaci\u00f3. Noves reivindicacions. * II Taula redona: Resultats Enquesta. Debat: Consumidor 2021: Adaptaci\u00f3, comprom\u00eds, resili\u00e8ncia, demandes i noves oportunitats.<\/p>\n\n\n\n<figure class=\"wp-block-image size-large\"><img loading=\"lazy\" decoding=\"async\" width=\"659\" height=\"1024\" src=\"https:\/\/lucentumconsumidores.org\/wp-content\/uploads\/2021\/12\/IMG-20211201-WA0001-2-659x1024.jpg\" alt=\"\" class=\"wp-image-1633\" srcset=\"https:\/\/lucentumconsumidores.org\/wp-content\/uploads\/2021\/12\/IMG-20211201-WA0001-2-659x1024.jpg 659w, https:\/\/lucentumconsumidores.org\/wp-content\/uploads\/2021\/12\/IMG-20211201-WA0001-2-193x300.jpg 193w, https:\/\/lucentumconsumidores.org\/wp-content\/uploads\/2021\/12\/IMG-20211201-WA0001-2-768x1194.jpg 768w, https:\/\/lucentumconsumidores.org\/wp-content\/uploads\/2021\/12\/IMG-20211201-WA0001-2-988x1536.jpg 988w, https:\/\/lucentumconsumidores.org\/wp-content\/uploads\/2021\/12\/IMG-20211201-WA0001-2.jpg 1143w\" sizes=\"auto, (max-width: 659px) 100vw, 659px\" \/><\/figure>\n","protected":false},"excerpt":{"rendered":"<p>D\u00eda 1 de diciembre, nos encontramos en Madrid, en el Consejo Econ\u00f3mico y Social. En la VII Jornada MPAC. Programa: * Presentaci\u00f3n de los resultados de la encuesta de h\u00e1bitos de compra y consumo 2021. * I Mesa de trabajo: El nuevo consumidor. Adaptaci\u00f3n y compromiso con el planeta. Nuevos desaf\u00edos en alimentaci\u00f3n. Nuevas reivindicaciones&#8230;.<\/p>\n","protected":false},"author":2,"featured_media":1631,"comment_status":"open","ping_status":"open","sticky":false,"template":"","format":"standard","meta":{"footnotes":""},"categories":[9,13,14,15],"tags":[],"class_list":["post-1629","post","type-post","status-publish","format-standard","has-post-thumbnail","hentry","category-consumo","category-general","category-jornadas","category-noticias"],"jetpack_featured_media_url":"https:\/\/lucentumconsumidores.org\/wp-content\/uploads\/2021\/12\/IMG-20211201-WA0000-2.jpg","_links":{"self":[{"href":"https:\/\/lucentumconsumidores.org\/index.php?rest_route=\/wp\/v2\/posts\/1629","targetHints":{"allow":["GET"]}}],"collection":[{"href":"https:\/\/lucentumconsumidores.org\/index.php?rest_route=\/wp\/v2\/posts"}],"about":[{"href":"https:\/\/lucentumconsumidores.org\/index.php?rest_route=\/wp\/v2\/types\/post"}],"author":[{"embeddable":true,"href":"https:\/\/lucentumconsumidores.org\/index.php?rest_route=\/wp\/v2\/users\/2"}],"replies":[{"embeddable":true,"href":"https:\/\/lucentumconsumidores.org\/index.php?rest_route=%2Fwp%2Fv2%2Fcomments&post=1629"}],"version-history":[{"count":2,"href":"https:\/\/lucentumconsumidores.org\/index.php?rest_route=\/wp\/v2\/posts\/1629\/revisions"}],"predecessor-version":[{"id":3740,"href":"https:\/\/lucentumconsumidores.org\/index.php?rest_route=\/wp\/v2\/posts\/1629\/revisions\/3740"}],"wp:featuredmedia":[{"embeddable":true,"href":"https:\/\/lucentumconsumidores.org\/index.php?rest_route=\/wp\/v2\/media\/1631"}],"wp:attachment":[{"href":"https:\/\/lucentumconsumidores.org\/index.php?rest_route=%2Fwp%2Fv2%2Fmedia&parent=1629"}],"wp:term":[{"taxonomy":"category","embeddable":true,"href":"https:\/\/lucentumconsumidores.org\/index.php?rest_route=%2Fwp%2Fv2%2Fcategories&post=1629"},{"taxonomy":"post_tag","embeddable":true,"href":"https:\/\/lucentumconsumidores.org\/index.php?rest_route=%2Fwp%2Fv2%2Ftags&post=1629"}],"curies":[{"name":"wp","href":"https:\/\/api.w.org\/{rel}","templated":true}]}}