{"id":1665,"date":"2021-12-17T12:00:11","date_gmt":"2021-12-17T10:00:11","guid":{"rendered":"https:\/\/lucentumconsumidores.org\/?p=1665"},"modified":"2024-11-20T13:48:43","modified_gmt":"2024-11-20T11:48:43","slug":"recetas-para-un-consumo-responsable","status":"publish","type":"post","link":"https:\/\/lucentumconsumidores.org\/?p=1665","title":{"rendered":"RECETAS PARA UN CONSUMO RESPONSABLE. RECEPTES PER A UN CONSUM RESPONSABLE."},"content":{"rendered":"\n<figure class=\"wp-block-image size-large\"><img loading=\"lazy\" decoding=\"async\" width=\"1024\" height=\"683\" src=\"https:\/\/lucentumconsumidores.org\/wp-content\/uploads\/2021\/12\/christmas-tree-g7ca153cde_1920-1024x683.jpg\" alt=\"\" class=\"wp-image-1666\" srcset=\"https:\/\/lucentumconsumidores.org\/wp-content\/uploads\/2021\/12\/christmas-tree-g7ca153cde_1920-1024x683.jpg 1024w, https:\/\/lucentumconsumidores.org\/wp-content\/uploads\/2021\/12\/christmas-tree-g7ca153cde_1920-300x200.jpg 300w, https:\/\/lucentumconsumidores.org\/wp-content\/uploads\/2021\/12\/christmas-tree-g7ca153cde_1920-768x512.jpg 768w, https:\/\/lucentumconsumidores.org\/wp-content\/uploads\/2021\/12\/christmas-tree-g7ca153cde_1920-1536x1024.jpg 1536w, https:\/\/lucentumconsumidores.org\/wp-content\/uploads\/2021\/12\/christmas-tree-g7ca153cde_1920-480x320.jpg 480w, https:\/\/lucentumconsumidores.org\/wp-content\/uploads\/2021\/12\/christmas-tree-g7ca153cde_1920.jpg 1920w\" sizes=\"auto, (max-width: 1024px) 100vw, 1024px\" \/><\/figure>\n\n\n\n<p>En estas fechas tan entra\u00f1ables, adem\u00e1s del esp\u00edritu navide\u00f1o nos invade el consumismo.  Es una \u00e9poca de tradiciones y una de ellas  es consumir m\u00e1s, tanto en comida, bebida, regalos, decoraciones&#8230;&#8230; <\/p>\n\n\n\n<p>Por eso y por un Consumo Responsable, os dejamos aqu\u00ed un enlace con consejos,  para que hagas de t\u00fa Navidad  m\u00e1s responsable con el medio ambiente.                                                                                                             <\/p>\n\n\n\n<p><a href=\"https:\/\/cindi.gva.es\/va\/web\/consumo\/receptes-nadalenques-consum-responsable\" target=\"_blank\" rel=\"noreferrer noopener\">https:\/\/cindi.gva.es\/va\/web\/consumo\/receptes-nadalenques-consum-responsable<\/a><\/p>\n\n\n\n<p class=\"has-cyan-bluish-gray-color has-text-color has-link-color wp-elements-d3079ff4596d17ad6619f5e5d4696924\">En estes dates tan entranyables, a m\u00e9s de l&#8217;esperit nadalenc ens enva\u00efx el consumisme. \u00c9s una \u00e8poca de tradicions i una d&#8217;elles \u00e9s consumir m\u00e9s, tant en menjar, beguda, regals, decoracions\u2026\u2026<\/p>\n\n\n\n<p class=\"has-cyan-bluish-gray-color has-text-color has-link-color wp-elements-fd25c3d4395353d356ea8b44767d9018\">Per aix\u00f2 i per un Consum Responsable, us deixem #ac\u00ed un enlla\u00e7 amb consells, perqu\u00e8 faces de tu Nadal m\u00e9s responsable amb el medi ambient.<\/p>\n\n\n\n<p><a href=\"https:\/\/cindi.gva.es\/va\/web\/consumo\/receptes-nadalenques-consum-responsable\">https:\/\/cindi.gva.es\/va\/web\/consumo\/receptes-nadalenques-consum-responsable<\/a><\/p>\n","protected":false},"excerpt":{"rendered":"<p>En estas fechas tan entra\u00f1ables, adem\u00e1s del esp\u00edritu navide\u00f1o nos invade el consumismo. Es una \u00e9poca de tradiciones y una de ellas es consumir m\u00e1s, tanto en comida, bebida, regalos, decoraciones&#8230;&#8230; Por eso y por un Consumo Responsable, os dejamos aqu\u00ed un enlace con consejos, para que hagas de t\u00fa Navidad m\u00e1s responsable con el&#8230;<\/p>\n","protected":false},"author":2,"featured_media":1666,"comment_status":"open","ping_status":"open","sticky":false,"template":"","format":"standard","meta":{"footnotes":""},"categories":[9,8],"tags":[],"class_list":["post-1665","post","type-post","status-publish","format-standard","has-post-thumbnail","hentry","category-consumo","category-publicaciones"],"jetpack_featured_media_url":"https:\/\/lucentumconsumidores.org\/wp-content\/uploads\/2021\/12\/christmas-tree-g7ca153cde_1920.jpg","_links":{"self":[{"href":"https:\/\/lucentumconsumidores.org\/index.php?rest_route=\/wp\/v2\/posts\/1665","targetHints":{"allow":["GET"]}}],"collection":[{"href":"https:\/\/lucentumconsumidores.org\/index.php?rest_route=\/wp\/v2\/posts"}],"about":[{"href":"https:\/\/lucentumconsumidores.org\/index.php?rest_route=\/wp\/v2\/types\/post"}],"author":[{"embeddable":true,"href":"https:\/\/lucentumconsumidores.org\/index.php?rest_route=\/wp\/v2\/users\/2"}],"replies":[{"embeddable":true,"href":"https:\/\/lucentumconsumidores.org\/index.php?rest_route=%2Fwp%2Fv2%2Fcomments&post=1665"}],"version-history":[{"count":7,"href":"https:\/\/lucentumconsumidores.org\/index.php?rest_route=\/wp\/v2\/posts\/1665\/revisions"}],"predecessor-version":[{"id":3979,"href":"https:\/\/lucentumconsumidores.org\/index.php?rest_route=\/wp\/v2\/posts\/1665\/revisions\/3979"}],"wp:featuredmedia":[{"embeddable":true,"href":"https:\/\/lucentumconsumidores.org\/index.php?rest_route=\/wp\/v2\/media\/1666"}],"wp:attachment":[{"href":"https:\/\/lucentumconsumidores.org\/index.php?rest_route=%2Fwp%2Fv2%2Fmedia&parent=1665"}],"wp:term":[{"taxonomy":"category","embeddable":true,"href":"https:\/\/lucentumconsumidores.org\/index.php?rest_route=%2Fwp%2Fv2%2Fcategories&post=1665"},{"taxonomy":"post_tag","embeddable":true,"href":"https:\/\/lucentumconsumidores.org\/index.php?rest_route=%2Fwp%2Fv2%2Ftags&post=1665"}],"curies":[{"name":"wp","href":"https:\/\/api.w.org\/{rel}","templated":true}]}}