{"id":1760,"date":"2022-03-16T14:17:25","date_gmt":"2022-03-16T12:17:25","guid":{"rendered":"https:\/\/lucentumconsumidores.org\/?p=1760"},"modified":"2024-10-30T05:11:12","modified_gmt":"2024-10-30T03:11:12","slug":"jornada-15-de-marzo-dia-del-consumidor","status":"publish","type":"post","link":"https:\/\/lucentumconsumidores.org\/?p=1760","title":{"rendered":"JORNADA 15 DE MARZO D\u00eda del Consumidor. JORNADA 15 DE MAR\u00c7 Dia del Consumidor."},"content":{"rendered":"\n<figure class=\"wp-block-image size-large is-resized\"><img loading=\"lazy\" decoding=\"async\" width=\"1024\" height=\"428\" src=\"https:\/\/lucentumconsumidores.org\/wp-content\/uploads\/2022\/03\/IMG_20220315_121657_970-2-1-1024x428.jpg\" alt=\"\" class=\"wp-image-1772\" srcset=\"https:\/\/lucentumconsumidores.org\/wp-content\/uploads\/2022\/03\/IMG_20220315_121657_970-2-1-1024x428.jpg 1024w, https:\/\/lucentumconsumidores.org\/wp-content\/uploads\/2022\/03\/IMG_20220315_121657_970-2-1-300x125.jpg 300w, https:\/\/lucentumconsumidores.org\/wp-content\/uploads\/2022\/03\/IMG_20220315_121657_970-2-1-768x321.jpg 768w, https:\/\/lucentumconsumidores.org\/wp-content\/uploads\/2022\/03\/IMG_20220315_121657_970-2-1-1536x642.jpg 1536w, https:\/\/lucentumconsumidores.org\/wp-content\/uploads\/2022\/03\/IMG_20220315_121657_970-2-1-2048x856.jpg 2048w\" sizes=\"auto, (max-width: 1024px) 100vw, 1024px\" \/><figcaption class=\"wp-element-caption\">D\u00f1a. Soledad Morales, Presienta de Federaci\u00f3n Lucentum junto  a  D\u00f1a. Pilar Santos del \u00c1guila, Directora Territorial de la Direcci\u00f3n General de Consumo-GVA , D\u00f1a. Lidia L\u00f3pez Rodr\u00edguez, Concejal de Consumo Excmo. Ayuntamiento de Alicante  y  D. Juan Carlos Gumiel de COPE Alicante, que fue el moderador del evento. <\/figcaption><\/figure>\n\n\n\n<p>Ayer d\u00eda 15 de Marzo  <strong>\u00abD\u00cdA MUNDIAL DEL CONSUMIDOR\u00bb<\/strong>,  estuvimos  en el Sal\u00f3n de actos de la Casa de la Festa,  celebrando este d\u00eda tan importante para todos los consumidores. <\/p>\n\n\n\n<p>La inauguraci\u00f3n del evento estuvo a cargo de D\u00f1a. Lidia L\u00f3pez Rodr\u00edguez, Concejala de Consumo del Excmo. Ayuntamiento de Alicante. <\/p>\n\n\n\n<p>Despu\u00e9s tuvo lugar la presentaci\u00f3n de distintos proyectos formativos al consumidor.    Todos muy interesantes,  \u00fatiles y  de actualidad.<\/p>\n\n\n\n<p class=\"has-cyan-bluish-gray-color has-text-color has-link-color wp-elements-a7509615fe36ed83b6b6c86276407090\">Ahir dia 15 de Mar\u00e7 \u00abDIA MUNDIAL DEL CONSUMIDOR\u00bb, vam estar en la Sala d&#8217;actes de la Casa de la Festa, celebrant este dia tan important per a tots els consumidors.<\/p>\n\n\n\n<p class=\"has-cyan-bluish-gray-color has-text-color has-link-color wp-elements-28e18ed98f017176d0cb93789246bebc\">La inauguraci\u00f3 de l&#8217;esdeveniment va estar a c\u00e0rrec de Sra. Lidia L\u00f3pez Rodr\u00edguez, Regidora de Consum de l&#8217;Excm. Ajuntament d&#8217;Alacant.<\/p>\n\n\n\n<p class=\"has-cyan-bluish-gray-color has-text-color has-link-color wp-elements-a70ba3adbde34d20929cccb706a804f5\">Despr\u00e9s va tindre lloc la presentaci\u00f3 de diferents projectes formatius al consumidor. Tots molt interessants, \u00fatils i d&#8217;actualitat.<\/p>\n\n\n\n<figure class=\"wp-block-image size-large is-resized\"><img loading=\"lazy\" decoding=\"async\" width=\"681\" height=\"253\" src=\"https:\/\/lucentumconsumidores.org\/wp-content\/uploads\/2022\/03\/Ponencias-2.jpg\" alt=\"\" class=\"wp-image-1767\" style=\"width:487px;height:180px\" srcset=\"https:\/\/lucentumconsumidores.org\/wp-content\/uploads\/2022\/03\/Ponencias-2.jpg 681w, https:\/\/lucentumconsumidores.org\/wp-content\/uploads\/2022\/03\/Ponencias-2-300x111.jpg 300w\" sizes=\"auto, (max-width: 681px) 100vw, 681px\" \/><\/figure>\n\n\n\n<p>Y   la  <strong>FEDERACI\u00d3N LUCENTUM<\/strong>, con su Presidenta Soledad Morales,   junto a la Directora Territorial  de la  <strong>Direcci\u00f3n General de Consumo &#8211; GVA<\/strong> ,  Pilar Santos del \u00c1guila,  hicieron la presentaci\u00f3n  de la Campa\u00f1a publicitaria <strong>\u00abUSA EL PODER\u00bb<\/strong>.     Campa\u00f1a  dise\u00f1ada por Lucentum y otras Asociaciones de Consumo (ADICAE, UNAE, &#8230;) en colaboraci\u00f3n con la Direcci\u00f3n General, para dar visibilidad a  las Asociaciones de Consumidores.  Compuesta por carteler\u00eda  por un consumo responsable y  un video promocional. <\/p>\n\n\n\n<p class=\"has-cyan-bluish-gray-color has-text-color has-link-color wp-elements-f56d79e3f544b461770d8b7a2b6cffbc\">I la FEDERACI\u00d3 LUCENTUM, amb la seua Presidenta Soledad Morales, al costat de la Directora Territorial de la Direcci\u00f3 General de Consum &#8211; GVA , Pilar Santos de l&#8217;\u00c0guila, van fer la presentaci\u00f3 de la Campanya publicit\u00e0ria \u00abUSA EL PODER\u00bb. Campanya dissenyada per *Lucentum i altres Associacions de Consum (ADICAE, UNAE, \u2026) en col\u00b7laboraci\u00f3 amb la Direcci\u00f3 General, per a donar visibilitat a les Associacions de Consumidors. Composta per cartelleria per un consum responsable i un v\u00eddeo promocional.<\/p>\n\n\n\n<figure class=\"wp-block-gallery has-nested-images columns-default is-cropped wp-block-gallery-1 is-layout-flex wp-block-gallery-is-layout-flex\">\n<figure class=\"wp-block-image size-large\"><img loading=\"lazy\" decoding=\"async\" width=\"238\" height=\"383\" data-id=\"1781\" src=\"https:\/\/lucentumconsumidores.org\/wp-content\/uploads\/2022\/03\/Sin-titulo-3.jpg\" alt=\"\" class=\"wp-image-1781\" srcset=\"https:\/\/lucentumconsumidores.org\/wp-content\/uploads\/2022\/03\/Sin-titulo-3.jpg 238w, https:\/\/lucentumconsumidores.org\/wp-content\/uploads\/2022\/03\/Sin-titulo-3-186x300.jpg 186w\" sizes=\"auto, (max-width: 238px) 100vw, 238px\" \/><\/figure>\n\n\n\n<figure class=\"wp-block-image size-large\"><img loading=\"lazy\" decoding=\"async\" width=\"917\" height=\"1024\" data-id=\"1800\" src=\"https:\/\/lucentumconsumidores.org\/wp-content\/uploads\/2022\/03\/IMG-20220315-WA0003-2-917x1024.jpg\" alt=\"\" class=\"wp-image-1800\" srcset=\"https:\/\/lucentumconsumidores.org\/wp-content\/uploads\/2022\/03\/IMG-20220315-WA0003-2-917x1024.jpg 917w, https:\/\/lucentumconsumidores.org\/wp-content\/uploads\/2022\/03\/IMG-20220315-WA0003-2-269x300.jpg 269w, https:\/\/lucentumconsumidores.org\/wp-content\/uploads\/2022\/03\/IMG-20220315-WA0003-2-768x858.jpg 768w, https:\/\/lucentumconsumidores.org\/wp-content\/uploads\/2022\/03\/IMG-20220315-WA0003-2-1375x1536.jpg 1375w, https:\/\/lucentumconsumidores.org\/wp-content\/uploads\/2022\/03\/IMG-20220315-WA0003-2.jpg 1505w\" sizes=\"auto, (max-width: 917px) 100vw, 917px\" \/><\/figure>\n<\/figure>\n\n\n\n<p>La ma\u00f1ana termino con una Mesa Redonda, con el t\u00edtulo \u00abPresente y futuro de la formaci\u00f3n del consumidor\u00bb.  <\/p>\n\n\n\n<p class=\"has-cyan-bluish-gray-color has-text-color has-link-color wp-elements-9ad3e5404ee9dc35e17894f4bd928149\">El mat\u00ed acabe amb una Taula Redona, amb el t\u00edtol \u00abPresent i futur de la formaci\u00f3 del consumidor\u00bb.<\/p>\n\n\n\n<figure class=\"wp-block-gallery has-nested-images columns-default is-cropped wp-block-gallery-2 is-layout-flex wp-block-gallery-is-layout-flex\">\n<figure class=\"wp-block-image size-large\"><img loading=\"lazy\" decoding=\"async\" width=\"1024\" height=\"538\" data-id=\"1785\" src=\"https:\/\/lucentumconsumidores.org\/wp-content\/uploads\/2022\/03\/IMG_20220315_132320_573-2-1-1024x538.jpg\" alt=\"\" class=\"wp-image-1785\" srcset=\"https:\/\/lucentumconsumidores.org\/wp-content\/uploads\/2022\/03\/IMG_20220315_132320_573-2-1-1024x538.jpg 1024w, https:\/\/lucentumconsumidores.org\/wp-content\/uploads\/2022\/03\/IMG_20220315_132320_573-2-1-300x158.jpg 300w, https:\/\/lucentumconsumidores.org\/wp-content\/uploads\/2022\/03\/IMG_20220315_132320_573-2-1-768x403.jpg 768w, https:\/\/lucentumconsumidores.org\/wp-content\/uploads\/2022\/03\/IMG_20220315_132320_573-2-1-1536x807.jpg 1536w, https:\/\/lucentumconsumidores.org\/wp-content\/uploads\/2022\/03\/IMG_20220315_132320_573-2-1-2048x1076.jpg 2048w\" sizes=\"auto, (max-width: 1024px) 100vw, 1024px\" \/><\/figure>\n\n\n\n<figure class=\"wp-block-image size-large\"><img loading=\"lazy\" decoding=\"async\" width=\"1024\" height=\"578\" data-id=\"1786\" src=\"https:\/\/lucentumconsumidores.org\/wp-content\/uploads\/2022\/03\/IMG_20220315_140515_952-2-1-1024x578.jpg\" alt=\"\" class=\"wp-image-1786\" srcset=\"https:\/\/lucentumconsumidores.org\/wp-content\/uploads\/2022\/03\/IMG_20220315_140515_952-2-1-1024x578.jpg 1024w, https:\/\/lucentumconsumidores.org\/wp-content\/uploads\/2022\/03\/IMG_20220315_140515_952-2-1-300x169.jpg 300w, https:\/\/lucentumconsumidores.org\/wp-content\/uploads\/2022\/03\/IMG_20220315_140515_952-2-1-768x433.jpg 768w, https:\/\/lucentumconsumidores.org\/wp-content\/uploads\/2022\/03\/IMG_20220315_140515_952-2-1-1536x866.jpg 1536w, https:\/\/lucentumconsumidores.org\/wp-content\/uploads\/2022\/03\/IMG_20220315_140515_952-2-1-2048x1155.jpg 2048w\" sizes=\"auto, (max-width: 1024px) 100vw, 1024px\" \/><\/figure>\n<\/figure>\n\n\n\n<p>Por la tarde  fue el turno de las ponencias de  diversos temas.  Nuestra Federaci\u00f3n imparti\u00f3 la ponencia de <strong>\u00abEl Consumidor ante la Justicia\u00bb<\/strong>  a cargo de  nuestro t\u00e9cnico<strong> <\/strong>en consumo, Fabi\u00e1n Tasc\u00f3n.  <\/p>\n\n\n\n<p class=\"has-cyan-bluish-gray-color has-text-color has-link-color wp-elements-0b96b4ba834cdb0a13158d6db9c51640\">A la vesprada va ser el torn de les pon\u00e8ncies de diversos temes. La nostra Federaci\u00f3 va impartir la pon\u00e8ncia de \u00abEl Consumidor davant la Just\u00edcia\u00bb a c\u00e0rrec del nostre t\u00e8cnic en consum, Fabi\u00e1n Tasc\u00f3n.<\/p>\n\n\n\n<figure class=\"wp-block-image size-large\"><img loading=\"lazy\" decoding=\"async\" width=\"1024\" height=\"594\" src=\"https:\/\/lucentumconsumidores.org\/wp-content\/uploads\/2022\/03\/IMG-20220315-WA0012-2-1-1024x594.jpg\" alt=\"\" class=\"wp-image-1792\" srcset=\"https:\/\/lucentumconsumidores.org\/wp-content\/uploads\/2022\/03\/IMG-20220315-WA0012-2-1-1024x594.jpg 1024w, https:\/\/lucentumconsumidores.org\/wp-content\/uploads\/2022\/03\/IMG-20220315-WA0012-2-1-300x174.jpg 300w, https:\/\/lucentumconsumidores.org\/wp-content\/uploads\/2022\/03\/IMG-20220315-WA0012-2-1-768x446.jpg 768w, https:\/\/lucentumconsumidores.org\/wp-content\/uploads\/2022\/03\/IMG-20220315-WA0012-2-1.jpg 1497w\" sizes=\"auto, (max-width: 1024px) 100vw, 1024px\" \/><\/figure>\n\n\n\n<p>Tambi\u00e9n tuvimos el honor de contar con la presencia de <strong>D. Luis Barcala, Excmo. Sr. Alcalde del Ayuntamiento de Alicante<\/strong>, que no quiso perderse esta magn\u00edfica Jornada.  <\/p>\n\n\n\n<p class=\"has-cyan-bluish-gray-color has-text-color has-link-color wp-elements-2d0f2a8016af70309d5bdb4346ad91cd\">Tamb\u00e9 vam tindre l&#8217;honor de comptar amb la pres\u00e8ncia de Sr. Luis Barcala, Excm. Sr. Alcalde de l&#8217;Ajuntament d&#8217;Alacant, que no va voler perdre&#8217;s esta magn\u00edfica Jornada.<\/p>\n\n\n\n<figure class=\"wp-block-image size-large\"><img loading=\"lazy\" decoding=\"async\" width=\"1024\" height=\"649\" src=\"https:\/\/lucentumconsumidores.org\/wp-content\/uploads\/2022\/03\/IMG-20220315-WA0011-2-1-1024x649.jpg\" alt=\"\" class=\"wp-image-1793\" srcset=\"https:\/\/lucentumconsumidores.org\/wp-content\/uploads\/2022\/03\/IMG-20220315-WA0011-2-1-1024x649.jpg 1024w, https:\/\/lucentumconsumidores.org\/wp-content\/uploads\/2022\/03\/IMG-20220315-WA0011-2-1-300x190.jpg 300w, https:\/\/lucentumconsumidores.org\/wp-content\/uploads\/2022\/03\/IMG-20220315-WA0011-2-1-768x487.jpg 768w, https:\/\/lucentumconsumidores.org\/wp-content\/uploads\/2022\/03\/IMG-20220315-WA0011-2-1.jpg 1523w\" sizes=\"auto, (max-width: 1024px) 100vw, 1024px\" \/><\/figure>\n","protected":false},"excerpt":{"rendered":"<p>Ayer d\u00eda 15 de Marzo \u00abD\u00cdA MUNDIAL DEL CONSUMIDOR\u00bb, estuvimos en el Sal\u00f3n de actos de la Casa de la Festa, celebrando este d\u00eda tan importante para todos los consumidores. La inauguraci\u00f3n del evento estuvo a cargo de D\u00f1a. Lidia L\u00f3pez Rodr\u00edguez, Concejala de Consumo del Excmo. Ayuntamiento de Alicante. Despu\u00e9s tuvo lugar la presentaci\u00f3n&#8230;<\/p>\n","protected":false},"author":2,"featured_media":1782,"comment_status":"open","ping_status":"open","sticky":false,"template":"","format":"standard","meta":{"footnotes":""},"categories":[3,9,20,5,13,14],"tags":[],"class_list":["post-1760","post","type-post","status-publish","format-standard","has-post-thumbnail","hentry","category-agenda","category-consumo","category-destacadas","category-eventos","category-general","category-jornadas"],"jetpack_featured_media_url":"https:\/\/lucentumconsumidores.org\/wp-content\/uploads\/2022\/03\/IMG_20220315_132320_573-scaled.jpg","_links":{"self":[{"href":"https:\/\/lucentumconsumidores.org\/index.php?rest_route=\/wp\/v2\/posts\/1760","targetHints":{"allow":["GET"]}}],"collection":[{"href":"https:\/\/lucentumconsumidores.org\/index.php?rest_route=\/wp\/v2\/posts"}],"about":[{"href":"https:\/\/lucentumconsumidores.org\/index.php?rest_route=\/wp\/v2\/types\/post"}],"author":[{"embeddable":true,"href":"https:\/\/lucentumconsumidores.org\/index.php?rest_route=\/wp\/v2\/users\/2"}],"replies":[{"embeddable":true,"href":"https:\/\/lucentumconsumidores.org\/index.php?rest_route=%2Fwp%2Fv2%2Fcomments&post=1760"}],"version-history":[{"count":9,"href":"https:\/\/lucentumconsumidores.org\/index.php?rest_route=\/wp\/v2\/posts\/1760\/revisions"}],"predecessor-version":[{"id":3715,"href":"https:\/\/lucentumconsumidores.org\/index.php?rest_route=\/wp\/v2\/posts\/1760\/revisions\/3715"}],"wp:featuredmedia":[{"embeddable":true,"href":"https:\/\/lucentumconsumidores.org\/index.php?rest_route=\/wp\/v2\/media\/1782"}],"wp:attachment":[{"href":"https:\/\/lucentumconsumidores.org\/index.php?rest_route=%2Fwp%2Fv2%2Fmedia&parent=1760"}],"wp:term":[{"taxonomy":"category","embeddable":true,"href":"https:\/\/lucentumconsumidores.org\/index.php?rest_route=%2Fwp%2Fv2%2Fcategories&post=1760"},{"taxonomy":"post_tag","embeddable":true,"href":"https:\/\/lucentumconsumidores.org\/index.php?rest_route=%2Fwp%2Fv2%2Ftags&post=1760"}],"curies":[{"name":"wp","href":"https:\/\/api.w.org\/{rel}","templated":true}]}}