{"id":1836,"date":"2022-03-24T14:06:58","date_gmt":"2022-03-24T12:06:58","guid":{"rendered":"https:\/\/lucentumconsumidores.org\/?p=1836"},"modified":"2024-10-30T05:03:40","modified_gmt":"2024-10-30T03:03:40","slug":"presentacion-del-logotipo-por-el-centenario-del-mercado-central-de-alicante","status":"publish","type":"post","link":"https:\/\/lucentumconsumidores.org\/?p=1836","title":{"rendered":"PRESENTACI\u00d3N DEL LOGOTIPO POR EL CENTENARIO DEL MERCADO CENTRAL DE ALICANTE.  PRESENTACI\u00d3 DEL LOGOTIP PEL CENTENARI DEL MERCAT CENTRAL D&#8217;ALACANT."},"content":{"rendered":"\n<p>Ayer d\u00eda 23 de marzo de 2022,  estuvimos en la presentaci\u00f3n del Logotipo por el Centenario del Mercado Central de Alicante.    El evento fue presentado por el Sr. Alcalde,  D. Luis Barcala  y  por la Concejala de Comercio, Hosteler\u00eda y Consumo, D\u00f1a.Lidia L\u00f3pez.  El dise\u00f1o es del artista alicantino, Don Jos\u00e9 Mar\u00eda Mor\u00e1n Berrutti que muy generosamente lo ha cedido al legado del patrimonio de Alicante.<\/p>\n\n\n\n<p class=\"has-cyan-bluish-gray-color has-text-color has-link-color wp-elements-7c998aac5508f72d225ea18a649041f9\">Ahir dia 23 de mar\u00e7 de 2022, vam estar en la presentaci\u00f3 del Logotip pel Centenari del Mercat Central d&#8217;Alacant. L&#8217;esdeveniment va ser presentat pel Sr. Alcalde, Sr. Luis Barcala i per la Regidora de Comer\u00e7, Hostaleria i Consum, *D\u00f1a.Lidia L\u00f3pez. El disseny \u00e9s de l&#8217;artista alacant\u00ed, Don Jos\u00e9 Mar\u00eda Mor\u00e1n Berrutti que molt generosament ho ha cedit al llegat del patrimoni d&#8217;Alacant.<\/p>\n\n\n\n<figure class=\"wp-block-image size-large\"><img loading=\"lazy\" decoding=\"async\" width=\"1024\" height=\"747\" src=\"https:\/\/lucentumconsumidores.org\/wp-content\/uploads\/2022\/03\/Centenario-Mercado2-1024x747.jpg\" alt=\"\" class=\"wp-image-1838\" srcset=\"https:\/\/lucentumconsumidores.org\/wp-content\/uploads\/2022\/03\/Centenario-Mercado2-1024x747.jpg 1024w, https:\/\/lucentumconsumidores.org\/wp-content\/uploads\/2022\/03\/Centenario-Mercado2-300x219.jpg 300w, https:\/\/lucentumconsumidores.org\/wp-content\/uploads\/2022\/03\/Centenario-Mercado2-768x560.jpg 768w, https:\/\/lucentumconsumidores.org\/wp-content\/uploads\/2022\/03\/Centenario-Mercado2-1536x1121.jpg 1536w, https:\/\/lucentumconsumidores.org\/wp-content\/uploads\/2022\/03\/Centenario-Mercado2.jpg 2035w\" sizes=\"auto, (max-width: 1024px) 100vw, 1024px\" \/><\/figure>\n","protected":false},"excerpt":{"rendered":"<p>Ayer d\u00eda 23 de marzo de 2022, estuvimos en la presentaci\u00f3n del Logotipo por el Centenario del Mercado Central de Alicante. El evento fue presentado por el Sr. Alcalde, D. Luis Barcala y por la Concejala de Comercio, Hosteler\u00eda y Consumo, D\u00f1a.Lidia L\u00f3pez. El dise\u00f1o es del artista alicantino, Don Jos\u00e9 Mar\u00eda Mor\u00e1n Berrutti que&#8230;<\/p>\n","protected":false},"author":2,"featured_media":1837,"comment_status":"open","ping_status":"open","sticky":false,"template":"","format":"standard","meta":{"footnotes":""},"categories":[9,5,15],"tags":[],"class_list":["post-1836","post","type-post","status-publish","format-standard","has-post-thumbnail","hentry","category-consumo","category-eventos","category-noticias"],"jetpack_featured_media_url":"https:\/\/lucentumconsumidores.org\/wp-content\/uploads\/2022\/03\/Centenario-Mercado-4.jpg","_links":{"self":[{"href":"https:\/\/lucentumconsumidores.org\/index.php?rest_route=\/wp\/v2\/posts\/1836","targetHints":{"allow":["GET"]}}],"collection":[{"href":"https:\/\/lucentumconsumidores.org\/index.php?rest_route=\/wp\/v2\/posts"}],"about":[{"href":"https:\/\/lucentumconsumidores.org\/index.php?rest_route=\/wp\/v2\/types\/post"}],"author":[{"embeddable":true,"href":"https:\/\/lucentumconsumidores.org\/index.php?rest_route=\/wp\/v2\/users\/2"}],"replies":[{"embeddable":true,"href":"https:\/\/lucentumconsumidores.org\/index.php?rest_route=%2Fwp%2Fv2%2Fcomments&post=1836"}],"version-history":[{"count":4,"href":"https:\/\/lucentumconsumidores.org\/index.php?rest_route=\/wp\/v2\/posts\/1836\/revisions"}],"predecessor-version":[{"id":3711,"href":"https:\/\/lucentumconsumidores.org\/index.php?rest_route=\/wp\/v2\/posts\/1836\/revisions\/3711"}],"wp:featuredmedia":[{"embeddable":true,"href":"https:\/\/lucentumconsumidores.org\/index.php?rest_route=\/wp\/v2\/media\/1837"}],"wp:attachment":[{"href":"https:\/\/lucentumconsumidores.org\/index.php?rest_route=%2Fwp%2Fv2%2Fmedia&parent=1836"}],"wp:term":[{"taxonomy":"category","embeddable":true,"href":"https:\/\/lucentumconsumidores.org\/index.php?rest_route=%2Fwp%2Fv2%2Fcategories&post=1836"},{"taxonomy":"post_tag","embeddable":true,"href":"https:\/\/lucentumconsumidores.org\/index.php?rest_route=%2Fwp%2Fv2%2Ftags&post=1836"}],"curies":[{"name":"wp","href":"https:\/\/api.w.org\/{rel}","templated":true}]}}