{"id":1979,"date":"2022-09-26T13:50:56","date_gmt":"2022-09-26T11:50:56","guid":{"rendered":"https:\/\/lucentumconsumidores.org\/?p=1979"},"modified":"2024-10-30T04:38:13","modified_gmt":"2024-10-30T02:38:13","slug":"desarrollo-economico-y-sectores-productivos-2","status":"publish","type":"post","link":"https:\/\/lucentumconsumidores.org\/?p=1979","title":{"rendered":"DESARROLLO ECON\u00d3MICO Y SECTORES PRODUCTIVOS.  DESENROTLLAMENT ECON\u00d2MIC I SECTORS PRODUCTIUS."},"content":{"rendered":"<div class=\"wp-block-image\">\n<figure class=\"aligncenter size-large is-resized\"><img loading=\"lazy\" decoding=\"async\" width=\"225\" height=\"225\" src=\"https:\/\/lucentumconsumidores.org\/wp-content\/uploads\/2021\/10\/Logo-diputacion.png\" alt=\"\" class=\"wp-image-1553\" style=\"width:152px;height:152px\" srcset=\"https:\/\/lucentumconsumidores.org\/wp-content\/uploads\/2021\/10\/Logo-diputacion.png 225w, https:\/\/lucentumconsumidores.org\/wp-content\/uploads\/2021\/10\/Logo-diputacion-150x150.png 150w\" sizes=\"auto, (max-width: 225px) 100vw, 225px\" \/><\/figure>\n<\/div>\n\n\n<p>La  Diputaci\u00f3n  de  Alicante  &#8211;   DESARROLLO  ECON\u00d3MICO   Y  SECTORES PRODUCTIVOS,   ha otorgado a la Federaci\u00f3n Provincial de  Amas de Casa, Consumidores y Usuarios de Alicante,  una Subvenci\u00f3n nominativa,  para   la realizaci\u00f3n del Proyecto PIC de informaci\u00f3n y formaci\u00f3n al consumidor en distintas Asociaciones de nuestra Federaci\u00f3n. <\/p>\n\n\n\n<p class=\"has-cyan-bluish-gray-color has-text-color has-link-color wp-elements-cc8c16022ce471b41d9811b4428dc825\">La Diputaci\u00f3 d&#8217;Alacant &#8211; DESENROTLLAMENT ECON\u00d2MIC I SECTORS PRODUCTIUS, ha atorgat a la Federaci\u00f3 Provincial de Mestresses de casa, Consumidors i Usuaris d&#8217;Alacant, una Subvenci\u00f3 nominativa, per a la realitzaci\u00f3 del Projecte PIC d&#8217;informaci\u00f3 i formaci\u00f3 al consumidor en diferents Associacions de la nostra Federaci\u00f3.<\/p>\n","protected":false},"excerpt":{"rendered":"<p>La Diputaci\u00f3n de Alicante &#8211; DESARROLLO ECON\u00d3MICO Y SECTORES PRODUCTIVOS, ha otorgado a la Federaci\u00f3n Provincial de Amas de Casa, Consumidores y Usuarios de Alicante, una Subvenci\u00f3n nominativa, para la realizaci\u00f3n del Proyecto PIC de informaci\u00f3n y formaci\u00f3n al consumidor en distintas Asociaciones de nuestra Federaci\u00f3n. La Diputaci\u00f3 d&#8217;Alacant &#8211; DESENROTLLAMENT ECON\u00d2MIC I SECTORS PRODUCTIUS,&#8230;<\/p>\n","protected":false},"author":2,"featured_media":3244,"comment_status":"open","ping_status":"open","sticky":false,"template":"","format":"standard","meta":{"footnotes":""},"categories":[15],"tags":[],"class_list":["post-1979","post","type-post","status-publish","format-standard","has-post-thumbnail","hentry","category-noticias"],"jetpack_featured_media_url":"","_links":{"self":[{"href":"https:\/\/lucentumconsumidores.org\/index.php?rest_route=\/wp\/v2\/posts\/1979","targetHints":{"allow":["GET"]}}],"collection":[{"href":"https:\/\/lucentumconsumidores.org\/index.php?rest_route=\/wp\/v2\/posts"}],"about":[{"href":"https:\/\/lucentumconsumidores.org\/index.php?rest_route=\/wp\/v2\/types\/post"}],"author":[{"embeddable":true,"href":"https:\/\/lucentumconsumidores.org\/index.php?rest_route=\/wp\/v2\/users\/2"}],"replies":[{"embeddable":true,"href":"https:\/\/lucentumconsumidores.org\/index.php?rest_route=%2Fwp%2Fv2%2Fcomments&post=1979"}],"version-history":[{"count":3,"href":"https:\/\/lucentumconsumidores.org\/index.php?rest_route=\/wp\/v2\/posts\/1979\/revisions"}],"predecessor-version":[{"id":3691,"href":"https:\/\/lucentumconsumidores.org\/index.php?rest_route=\/wp\/v2\/posts\/1979\/revisions\/3691"}],"wp:featuredmedia":[{"embeddable":true,"href":"https:\/\/lucentumconsumidores.org\/index.php?rest_route=\/"}],"wp:attachment":[{"href":"https:\/\/lucentumconsumidores.org\/index.php?rest_route=%2Fwp%2Fv2%2Fmedia&parent=1979"}],"wp:term":[{"taxonomy":"category","embeddable":true,"href":"https:\/\/lucentumconsumidores.org\/index.php?rest_route=%2Fwp%2Fv2%2Fcategories&post=1979"},{"taxonomy":"post_tag","embeddable":true,"href":"https:\/\/lucentumconsumidores.org\/index.php?rest_route=%2Fwp%2Fv2%2Ftags&post=1979"}],"curies":[{"name":"wp","href":"https:\/\/api.w.org\/{rel}","templated":true}]}}