{"id":2221,"date":"2022-12-01T12:50:43","date_gmt":"2022-12-01T10:50:43","guid":{"rendered":"https:\/\/lucentumconsumidores.org\/?p=2221"},"modified":"2024-10-30T03:56:05","modified_gmt":"2024-10-30T01:56:05","slug":"viii-jornada-mpac-habitos-de-compra-y-consumo-2022","status":"publish","type":"post","link":"https:\/\/lucentumconsumidores.org\/?p=2221","title":{"rendered":"VIII JORNADA MPAC. HABITOS DE COMPRA Y CONSUMO 2022.     VIII JORNADA MPAC. HABITOS DE COMPRA I CONSUM 2022."},"content":{"rendered":"\n<figure class=\"wp-block-image size-large\"><img loading=\"lazy\" decoding=\"async\" width=\"1024\" height=\"768\" src=\"https:\/\/lucentumconsumidores.org\/wp-content\/uploads\/2022\/12\/IMG-20221201-WA0001-1024x768.jpg\" alt=\"\" class=\"wp-image-2222\" srcset=\"https:\/\/lucentumconsumidores.org\/wp-content\/uploads\/2022\/12\/IMG-20221201-WA0001-1024x768.jpg 1024w, https:\/\/lucentumconsumidores.org\/wp-content\/uploads\/2022\/12\/IMG-20221201-WA0001-300x225.jpg 300w, https:\/\/lucentumconsumidores.org\/wp-content\/uploads\/2022\/12\/IMG-20221201-WA0001-768x576.jpg 768w, https:\/\/lucentumconsumidores.org\/wp-content\/uploads\/2022\/12\/IMG-20221201-WA0001-1536x1152.jpg 1536w, https:\/\/lucentumconsumidores.org\/wp-content\/uploads\/2022\/12\/IMG-20221201-WA0001-640x480.jpg 640w, https:\/\/lucentumconsumidores.org\/wp-content\/uploads\/2022\/12\/IMG-20221201-WA0001.jpg 1600w\" sizes=\"auto, (max-width: 1024px) 100vw, 1024px\" \/><\/figure>\n\n\n\n<p>D\u00eda 1 de diciembre &#8211; CES (Consejo Econ\u00f3mico y Social ) <\/p>\n\n\n\n<p>VIII Jornada MPAC (Mesa Partici\u00f3n. Asociaciones de Consumidores).   Presentaci\u00f3n de resultados de la encuesta de h\u00e1bitos de compra y consumo 2022.<\/p>\n\n\n\n<figure class=\"wp-block-image size-large\"><img loading=\"lazy\" decoding=\"async\" width=\"1024\" height=\"768\" src=\"https:\/\/lucentumconsumidores.org\/wp-content\/uploads\/2022\/12\/IMG-20221201-WA0002-1024x768.jpg\" alt=\"\" class=\"wp-image-2223\" srcset=\"https:\/\/lucentumconsumidores.org\/wp-content\/uploads\/2022\/12\/IMG-20221201-WA0002-1024x768.jpg 1024w, https:\/\/lucentumconsumidores.org\/wp-content\/uploads\/2022\/12\/IMG-20221201-WA0002-300x225.jpg 300w, https:\/\/lucentumconsumidores.org\/wp-content\/uploads\/2022\/12\/IMG-20221201-WA0002-768x576.jpg 768w, https:\/\/lucentumconsumidores.org\/wp-content\/uploads\/2022\/12\/IMG-20221201-WA0002-1536x1152.jpg 1536w, https:\/\/lucentumconsumidores.org\/wp-content\/uploads\/2022\/12\/IMG-20221201-WA0002-640x480.jpg 640w, https:\/\/lucentumconsumidores.org\/wp-content\/uploads\/2022\/12\/IMG-20221201-WA0002.jpg 1600w\" sizes=\"auto, (max-width: 1024px) 100vw, 1024px\" \/><\/figure>\n\n\n\n<p class=\"has-cyan-bluish-gray-color has-text-color has-link-color wp-elements-e4317426e2e9f866329ca14b55fd36a7\">Dia 1 de desembre &#8211; CES (Consell Econ\u00f2mic i Social )<\/p>\n\n\n\n<p class=\"has-cyan-bluish-gray-color has-text-color has-link-color wp-elements-38c11d7a595e6792617dc5f212cb5caa\">VIII Jornada MPAC (Mesa Partici\u00f3. Associacions de Consumidors). Presentaci\u00f3 de resultats de l&#8217;enquesta d&#8217;h\u00e0bits de compra i consum 2022.<\/p>\n","protected":false},"excerpt":{"rendered":"<p>D\u00eda 1 de diciembre &#8211; CES (Consejo Econ\u00f3mico y Social ) VIII Jornada MPAC (Mesa Partici\u00f3n. Asociaciones de Consumidores). Presentaci\u00f3n de resultados de la encuesta de h\u00e1bitos de compra y consumo 2022. Dia 1 de desembre &#8211; CES (Consell Econ\u00f2mic i Social ) VIII Jornada MPAC (Mesa Partici\u00f3. Associacions de Consumidors). Presentaci\u00f3 de resultats de&#8230;<\/p>\n","protected":false},"author":2,"featured_media":2222,"comment_status":"open","ping_status":"open","sticky":false,"template":"","format":"standard","meta":{"footnotes":""},"categories":[9],"tags":[],"class_list":["post-2221","post","type-post","status-publish","format-standard","has-post-thumbnail","hentry","category-consumo"],"jetpack_featured_media_url":"https:\/\/lucentumconsumidores.org\/wp-content\/uploads\/2022\/12\/IMG-20221201-WA0001.jpg","_links":{"self":[{"href":"https:\/\/lucentumconsumidores.org\/index.php?rest_route=\/wp\/v2\/posts\/2221","targetHints":{"allow":["GET"]}}],"collection":[{"href":"https:\/\/lucentumconsumidores.org\/index.php?rest_route=\/wp\/v2\/posts"}],"about":[{"href":"https:\/\/lucentumconsumidores.org\/index.php?rest_route=\/wp\/v2\/types\/post"}],"author":[{"embeddable":true,"href":"https:\/\/lucentumconsumidores.org\/index.php?rest_route=\/wp\/v2\/users\/2"}],"replies":[{"embeddable":true,"href":"https:\/\/lucentumconsumidores.org\/index.php?rest_route=%2Fwp%2Fv2%2Fcomments&post=2221"}],"version-history":[{"count":2,"href":"https:\/\/lucentumconsumidores.org\/index.php?rest_route=\/wp\/v2\/posts\/2221\/revisions"}],"predecessor-version":[{"id":3663,"href":"https:\/\/lucentumconsumidores.org\/index.php?rest_route=\/wp\/v2\/posts\/2221\/revisions\/3663"}],"wp:featuredmedia":[{"embeddable":true,"href":"https:\/\/lucentumconsumidores.org\/index.php?rest_route=\/wp\/v2\/media\/2222"}],"wp:attachment":[{"href":"https:\/\/lucentumconsumidores.org\/index.php?rest_route=%2Fwp%2Fv2%2Fmedia&parent=2221"}],"wp:term":[{"taxonomy":"category","embeddable":true,"href":"https:\/\/lucentumconsumidores.org\/index.php?rest_route=%2Fwp%2Fv2%2Fcategories&post=2221"},{"taxonomy":"post_tag","embeddable":true,"href":"https:\/\/lucentumconsumidores.org\/index.php?rest_route=%2Fwp%2Fv2%2Ftags&post=2221"}],"curies":[{"name":"wp","href":"https:\/\/api.w.org\/{rel}","templated":true}]}}