{"id":2225,"date":"2022-12-02T22:34:52","date_gmt":"2022-12-02T20:34:52","guid":{"rendered":"https:\/\/lucentumconsumidores.org\/?p=2225"},"modified":"2024-10-30T03:53:46","modified_gmt":"2024-10-30T01:53:46","slug":"iii-congreso-de-transformacion-social-y-humana","status":"publish","type":"post","link":"https:\/\/lucentumconsumidores.org\/?p=2225","title":{"rendered":"III CONGRESO DE TRANSFORMACI\u00d3N SOCIAL Y HUMANA.    III CONGR\u00c9S DE TRANSFORMACI\u00d3 SOCIAL I HUMANA."},"content":{"rendered":"\n<figure class=\"wp-block-image size-large is-resized\"><img loading=\"lazy\" decoding=\"async\" width=\"1024\" height=\"768\" src=\"https:\/\/lucentumconsumidores.org\/wp-content\/uploads\/2022\/12\/IMG-20221202-WA0001-1024x768.jpg\" alt=\"\" class=\"wp-image-2226\" style=\"width:732px;height:549px\" srcset=\"https:\/\/lucentumconsumidores.org\/wp-content\/uploads\/2022\/12\/IMG-20221202-WA0001-1024x768.jpg 1024w, https:\/\/lucentumconsumidores.org\/wp-content\/uploads\/2022\/12\/IMG-20221202-WA0001-300x225.jpg 300w, https:\/\/lucentumconsumidores.org\/wp-content\/uploads\/2022\/12\/IMG-20221202-WA0001-768x576.jpg 768w, https:\/\/lucentumconsumidores.org\/wp-content\/uploads\/2022\/12\/IMG-20221202-WA0001-1536x1152.jpg 1536w, https:\/\/lucentumconsumidores.org\/wp-content\/uploads\/2022\/12\/IMG-20221202-WA0001-640x480.jpg 640w, https:\/\/lucentumconsumidores.org\/wp-content\/uploads\/2022\/12\/IMG-20221202-WA0001.jpg 2048w\" sizes=\"auto, (max-width: 1024px) 100vw, 1024px\" \/><\/figure>\n\n\n\n<p>Hoy,  viernes 2 de diciembre,  hemos estado en el Auditorio de la Diputaci\u00f3n de Alicante (ADDA),   donde  se  ha  celebrado el   <strong>III CONGRESO  DE TRANSFORMACI\u00d3N  SOCIAL  Y  HUMANA<\/strong>.<\/p>\n\n\n\n<p>Organizado por la Agencia Local de Desarrollo y  la nueva Asociaci\u00f3n del Voluntariado,  bajo el lema  <strong>\u00abPersonas con Valor\u00bb<\/strong>.   La inauguraci\u00f3n del congreso ha estado a cargo del  Alcalde de Alicante,  Luis Barcala  y del Presidente  de  la  Diputaci\u00f3n Provincial,  Carlos Maz\u00f3n,   y  donde han participado  personalidades de la talla de Vicente Vall\u00e9s, Teresa Viejo, Manuel Cerd\u00e1n.<\/p>\n\n\n\n<p class=\"has-cyan-bluish-gray-color has-text-color has-link-color wp-elements-ee205bd1a8692703d0121f8af7deabda\">Hui, divendres 2 de desembre, hem sigut a l&#8217;Auditori de la Diputaci\u00f3 d&#8217;Alacant (*ADDA), on s&#8217;ha celebrat l&#8217;III CONGR\u00c9S DE TRANSFORMACI\u00d3 SOCIAL I HUMANA.<\/p>\n\n\n\n<p class=\"has-cyan-bluish-gray-color has-text-color has-link-color wp-elements-5f6e62213d386d8b23e4788e384e6273\">Organitzat per l&#8217;Ag\u00e8ncia Local de Desenrotllament i la nova Associaci\u00f3 del Voluntariat, sota el lema \u00abPersones amb Valor\u00bb. La inauguraci\u00f3 del congr\u00e9s ha estat a c\u00e0rrec de l&#8217;Alcalde d&#8217;Alacant, Luis Barcala i del President de la Diputaci\u00f3 Provincial, Carlos Maz\u00f3n, i on han participat personalitats de la talla de Vicente Vall\u00e9s, Teresa *Viejo, Manuel Cerd\u00e1n.<\/p>\n\n\n\n<figure class=\"wp-block-image size-large is-resized\"><img loading=\"lazy\" decoding=\"async\" width=\"494\" height=\"640\" src=\"https:\/\/lucentumconsumidores.org\/wp-content\/uploads\/2022\/12\/IMG-20221202-WA0000-2.jpg\" alt=\"\" class=\"wp-image-2227\" style=\"width:573px;height:742px\" srcset=\"https:\/\/lucentumconsumidores.org\/wp-content\/uploads\/2022\/12\/IMG-20221202-WA0000-2.jpg 494w, https:\/\/lucentumconsumidores.org\/wp-content\/uploads\/2022\/12\/IMG-20221202-WA0000-2-232x300.jpg 232w\" sizes=\"auto, (max-width: 494px) 100vw, 494px\" \/><figcaption class=\"wp-element-caption\"><strong>Vicente Vall\u00e9s<\/strong>&nbsp;(director del informativo de la noche de Antena3)<\/figcaption><\/figure>\n","protected":false},"excerpt":{"rendered":"<p>Hoy, viernes 2 de diciembre, hemos estado en el Auditorio de la Diputaci\u00f3n de Alicante (ADDA), donde se ha celebrado el III CONGRESO DE TRANSFORMACI\u00d3N SOCIAL Y HUMANA. Organizado por la Agencia Local de Desarrollo y la nueva Asociaci\u00f3n del Voluntariado, bajo el lema \u00abPersonas con Valor\u00bb. La inauguraci\u00f3n del congreso ha estado a cargo&#8230;<\/p>\n","protected":false},"author":2,"featured_media":2226,"comment_status":"open","ping_status":"open","sticky":false,"template":"","format":"standard","meta":{"footnotes":""},"categories":[14],"tags":[],"class_list":["post-2225","post","type-post","status-publish","format-standard","has-post-thumbnail","hentry","category-jornadas"],"jetpack_featured_media_url":"https:\/\/lucentumconsumidores.org\/wp-content\/uploads\/2022\/12\/IMG-20221202-WA0001.jpg","_links":{"self":[{"href":"https:\/\/lucentumconsumidores.org\/index.php?rest_route=\/wp\/v2\/posts\/2225","targetHints":{"allow":["GET"]}}],"collection":[{"href":"https:\/\/lucentumconsumidores.org\/index.php?rest_route=\/wp\/v2\/posts"}],"about":[{"href":"https:\/\/lucentumconsumidores.org\/index.php?rest_route=\/wp\/v2\/types\/post"}],"author":[{"embeddable":true,"href":"https:\/\/lucentumconsumidores.org\/index.php?rest_route=\/wp\/v2\/users\/2"}],"replies":[{"embeddable":true,"href":"https:\/\/lucentumconsumidores.org\/index.php?rest_route=%2Fwp%2Fv2%2Fcomments&post=2225"}],"version-history":[{"count":2,"href":"https:\/\/lucentumconsumidores.org\/index.php?rest_route=\/wp\/v2\/posts\/2225\/revisions"}],"predecessor-version":[{"id":3661,"href":"https:\/\/lucentumconsumidores.org\/index.php?rest_route=\/wp\/v2\/posts\/2225\/revisions\/3661"}],"wp:featuredmedia":[{"embeddable":true,"href":"https:\/\/lucentumconsumidores.org\/index.php?rest_route=\/wp\/v2\/media\/2226"}],"wp:attachment":[{"href":"https:\/\/lucentumconsumidores.org\/index.php?rest_route=%2Fwp%2Fv2%2Fmedia&parent=2225"}],"wp:term":[{"taxonomy":"category","embeddable":true,"href":"https:\/\/lucentumconsumidores.org\/index.php?rest_route=%2Fwp%2Fv2%2Fcategories&post=2225"},{"taxonomy":"post_tag","embeddable":true,"href":"https:\/\/lucentumconsumidores.org\/index.php?rest_route=%2Fwp%2Fv2%2Ftags&post=2225"}],"curies":[{"name":"wp","href":"https:\/\/api.w.org\/{rel}","templated":true}]}}