{"id":2266,"date":"2023-02-07T15:59:29","date_gmt":"2023-02-07T13:59:29","guid":{"rendered":"https:\/\/lucentumconsumidores.org\/?p=2266"},"modified":"2024-10-29T19:37:56","modified_gmt":"2024-10-29T17:37:56","slug":"ley-de-diversidad-familiar","status":"publish","type":"post","link":"https:\/\/lucentumconsumidores.org\/?p=2266","title":{"rendered":"LEY DE DIVERSIDAD FAMILIAR.                                  LLEI DE DIVERSITAT FAMILIAR."},"content":{"rendered":"\n<figure class=\"wp-block-image size-large\"><img loading=\"lazy\" decoding=\"async\" width=\"1024\" height=\"1024\" src=\"https:\/\/lucentumconsumidores.org\/wp-content\/uploads\/2023\/02\/IMG-20230207-WA0003-1024x1024.jpg\" alt=\"\" class=\"wp-image-2271\" srcset=\"https:\/\/lucentumconsumidores.org\/wp-content\/uploads\/2023\/02\/IMG-20230207-WA0003-1024x1024.jpg 1024w, https:\/\/lucentumconsumidores.org\/wp-content\/uploads\/2023\/02\/IMG-20230207-WA0003-300x300.jpg 300w, https:\/\/lucentumconsumidores.org\/wp-content\/uploads\/2023\/02\/IMG-20230207-WA0003-150x150.jpg 150w, https:\/\/lucentumconsumidores.org\/wp-content\/uploads\/2023\/02\/IMG-20230207-WA0003-768x768.jpg 768w, https:\/\/lucentumconsumidores.org\/wp-content\/uploads\/2023\/02\/IMG-20230207-WA0003-1536x1536.jpg 1536w, https:\/\/lucentumconsumidores.org\/wp-content\/uploads\/2023\/02\/IMG-20230207-WA0003.jpg 1728w\" sizes=\"auto, (max-width: 1024px) 100vw, 1024px\" \/><figcaption class=\"wp-element-caption\">Soledad Morales, Presidenta de Federaci\u00f3n Lucentum con la Periodista, Carmen Alcayde <\/figcaption><\/figure>\n\n\n\n<p>Hoy d\u00eda 07\/02\/23, hemos estado en la CASA MEDITERR\u00c1NEO, donde ha tenido lugar la presentaci\u00f3n de la Ley valenciana de diversidad funcional y apoyo a las familias. Evento institucional organizado por la Vicepresidencia y Conselleria de Igualdad y Pol\u00edticas Inclusivas,  que ha moderado la periodista Carmen Alcayde. <\/p>\n\n\n\n<p class=\"has-cyan-bluish-gray-color has-text-color has-link-color wp-elements-83a7b23d3546dcacea2894961843dc23\">Hui dia 07\/02\/23, hem sigut a la CASA MEDITERRANI, on ha tingut lloc la presentaci\u00f3 de la Llei valenciana de diversitat funcional i suport a les fam\u00edlies. Esdeveniment institucional organitzat per la Vicepresid\u00e8ncia i Conselleria d&#8217;Igualtat i Pol\u00edtiques Inclusives, que ha moderat la periodista Carmen Alcayde.<\/p>\n\n\n\n<figure class=\"wp-block-image size-full is-resized\"><img loading=\"lazy\" decoding=\"async\" width=\"898\" height=\"753\" src=\"https:\/\/lucentumconsumidores.org\/wp-content\/uploads\/2023\/02\/IMG-20230207-WA0002-Rect-1-1.jpg\" alt=\"\" class=\"wp-image-2274\" style=\"aspect-ratio:1;width:840px;height:auto\" srcset=\"https:\/\/lucentumconsumidores.org\/wp-content\/uploads\/2023\/02\/IMG-20230207-WA0002-Rect-1-1.jpg 898w, https:\/\/lucentumconsumidores.org\/wp-content\/uploads\/2023\/02\/IMG-20230207-WA0002-Rect-1-1-300x252.jpg 300w, https:\/\/lucentumconsumidores.org\/wp-content\/uploads\/2023\/02\/IMG-20230207-WA0002-Rect-1-1-768x644.jpg 768w\" sizes=\"auto, (max-width: 898px) 100vw, 898px\" \/><figcaption class=\"wp-element-caption\">Aitana Mas Mas (Vicepresidenta del Consell  y Consellera de Igualdad y Pol\u00edticas Inclusivas)<\/figcaption><\/figure>\n\n\n\n<figure class=\"wp-block-image size-full\"><img loading=\"lazy\" decoding=\"async\" width=\"883\" height=\"801\" src=\"https:\/\/lucentumconsumidores.org\/wp-content\/uploads\/2023\/02\/IMG-20230207-WA0001-Rect-1.jpg\" alt=\"\" class=\"wp-image-2275\" srcset=\"https:\/\/lucentumconsumidores.org\/wp-content\/uploads\/2023\/02\/IMG-20230207-WA0001-Rect-1.jpg 883w, https:\/\/lucentumconsumidores.org\/wp-content\/uploads\/2023\/02\/IMG-20230207-WA0001-Rect-1-300x272.jpg 300w, https:\/\/lucentumconsumidores.org\/wp-content\/uploads\/2023\/02\/IMG-20230207-WA0001-Rect-1-768x697.jpg 768w\" sizes=\"auto, (max-width: 883px) 100vw, 883px\" \/><figcaption class=\"wp-element-caption\">Andr\u00e9s Perell\u00f3 Rodr\u00edguez (Director General de Casa Mediterr\u00e1neo)<\/figcaption><\/figure>\n","protected":false},"excerpt":{"rendered":"<p>Hoy d\u00eda 07\/02\/23, hemos estado en la CASA MEDITERR\u00c1NEO, donde ha tenido lugar la presentaci\u00f3n de la Ley valenciana de diversidad funcional y apoyo a las familias. Evento institucional organizado por la Vicepresidencia y Conselleria de Igualdad y Pol\u00edticas Inclusivas, que ha moderado la periodista Carmen Alcayde. Hui dia 07\/02\/23, hem sigut a la CASA&#8230;<\/p>\n","protected":false},"author":2,"featured_media":2271,"comment_status":"open","ping_status":"open","sticky":false,"template":"","format":"standard","meta":{"footnotes":""},"categories":[9,13,14],"tags":[],"class_list":["post-2266","post","type-post","status-publish","format-standard","has-post-thumbnail","hentry","category-consumo","category-general","category-jornadas"],"jetpack_featured_media_url":"https:\/\/lucentumconsumidores.org\/wp-content\/uploads\/2023\/02\/IMG-20230207-WA0003.jpg","_links":{"self":[{"href":"https:\/\/lucentumconsumidores.org\/index.php?rest_route=\/wp\/v2\/posts\/2266","targetHints":{"allow":["GET"]}}],"collection":[{"href":"https:\/\/lucentumconsumidores.org\/index.php?rest_route=\/wp\/v2\/posts"}],"about":[{"href":"https:\/\/lucentumconsumidores.org\/index.php?rest_route=\/wp\/v2\/types\/post"}],"author":[{"embeddable":true,"href":"https:\/\/lucentumconsumidores.org\/index.php?rest_route=\/wp\/v2\/users\/2"}],"replies":[{"embeddable":true,"href":"https:\/\/lucentumconsumidores.org\/index.php?rest_route=%2Fwp%2Fv2%2Fcomments&post=2266"}],"version-history":[{"count":5,"href":"https:\/\/lucentumconsumidores.org\/index.php?rest_route=\/wp\/v2\/posts\/2266\/revisions"}],"predecessor-version":[{"id":3655,"href":"https:\/\/lucentumconsumidores.org\/index.php?rest_route=\/wp\/v2\/posts\/2266\/revisions\/3655"}],"wp:featuredmedia":[{"embeddable":true,"href":"https:\/\/lucentumconsumidores.org\/index.php?rest_route=\/wp\/v2\/media\/2271"}],"wp:attachment":[{"href":"https:\/\/lucentumconsumidores.org\/index.php?rest_route=%2Fwp%2Fv2%2Fmedia&parent=2266"}],"wp:term":[{"taxonomy":"category","embeddable":true,"href":"https:\/\/lucentumconsumidores.org\/index.php?rest_route=%2Fwp%2Fv2%2Fcategories&post=2266"},{"taxonomy":"post_tag","embeddable":true,"href":"https:\/\/lucentumconsumidores.org\/index.php?rest_route=%2Fwp%2Fv2%2Ftags&post=2266"}],"curies":[{"name":"wp","href":"https:\/\/api.w.org\/{rel}","templated":true}]}}