{"id":2500,"date":"2023-07-11T10:41:02","date_gmt":"2023-07-11T08:41:02","guid":{"rendered":"https:\/\/lucentumconsumidores.org\/?p=2500"},"modified":"2024-10-09T19:52:52","modified_gmt":"2024-10-09T17:52:52","slug":"alicante-gastronomica-alma-mediterranea","status":"publish","type":"post","link":"https:\/\/lucentumconsumidores.org\/?p=2500","title":{"rendered":"ALICANTE GASTRON\u00d3MICA \u00abAlma Mediterr\u00e1nea\u00bb                                             ALACANT GASTRON\u00d2MICA \u00ab\u00c0nima Mediterr\u00e0nia\u00bb"},"content":{"rendered":"\n<figure class=\"wp-block-gallery has-nested-images columns-default is-cropped wp-block-gallery-1 is-layout-flex wp-block-gallery-is-layout-flex\">\n<figure class=\"wp-block-image size-large\"><img loading=\"lazy\" decoding=\"async\" width=\"1024\" height=\"657\" data-id=\"2503\" src=\"https:\/\/lucentumconsumidores.org\/wp-content\/uploads\/2023\/07\/1-1024x657.jpg\" alt=\"\" class=\"wp-image-2503\" srcset=\"https:\/\/lucentumconsumidores.org\/wp-content\/uploads\/2023\/07\/1-1024x657.jpg 1024w, https:\/\/lucentumconsumidores.org\/wp-content\/uploads\/2023\/07\/1-300x193.jpg 300w, https:\/\/lucentumconsumidores.org\/wp-content\/uploads\/2023\/07\/1-768x493.jpg 768w, https:\/\/lucentumconsumidores.org\/wp-content\/uploads\/2023\/07\/1.jpg 1055w\" sizes=\"auto, (max-width: 1024px) 100vw, 1024px\" \/><\/figure>\n<\/figure>\n\n\n\n<p>Ayer, lunes d\u00eda 10 de julio asistimos a la presentaci\u00f3n  de la <strong>V edici\u00f3n de Alicante Gastron\u00f3mica \u00abALMA MEDITERR\u00c1NEA\u00bb<\/strong>.  El evento tuvo lugar en la Casa del Mediterr\u00e1neo y conto con la participaci\u00f3n de Gema Amor, Presidenta  de  Alicante Gastron\u00f3mica,  Carlos Maz\u00f3n,  Presidente de la Diputaci\u00f3n  y  Francesc Colomer, Secretario auton\u00f3mico de Turismo.  <\/p>\n\n\n\n<p>&#8230;&#8230;&#8230;&#8230;&#8230;&#8230;&#8230;&#8230;<\/p>\n\n\n\n<p>Ahir, dilluns dia 10 de juliol vam assistir a la presentaci\u00f3 de la V edici\u00f3 d&#8217;Alacant Gastron\u00f2mica \u00ab\u00c0NIMA MEDITERR\u00c0NIA\u00bb. L&#8217;esdeveniment va tindre lloc a la Casa del Mediterrani i *conto amb la participaci\u00f3 de Gema Amor, Presidenta d&#8217;Alacant Gastron\u00f2mica, Carlos Maz\u00f3n, President de la Diputaci\u00f3 i Francesc Colomer, Secretari auton\u00f2mic de Turisme.<\/p>\n\n\n\n<figure class=\"wp-block-gallery has-nested-images columns-default is-cropped wp-block-gallery-2 is-layout-flex wp-block-gallery-is-layout-flex\">\n<figure class=\"wp-block-image size-large\"><img loading=\"lazy\" decoding=\"async\" width=\"767\" height=\"785\" data-id=\"2504\" src=\"https:\/\/lucentumconsumidores.org\/wp-content\/uploads\/2023\/07\/Presentacion-2.jpg\" alt=\"\" class=\"wp-image-2504\" srcset=\"https:\/\/lucentumconsumidores.org\/wp-content\/uploads\/2023\/07\/Presentacion-2.jpg 767w, https:\/\/lucentumconsumidores.org\/wp-content\/uploads\/2023\/07\/Presentacion-2-293x300.jpg 293w\" sizes=\"auto, (max-width: 767px) 100vw, 767px\" \/><\/figure>\n\n\n\n<figure class=\"wp-block-image size-large\"><img loading=\"lazy\" decoding=\"async\" width=\"1016\" height=\"578\" data-id=\"2505\" src=\"https:\/\/lucentumconsumidores.org\/wp-content\/uploads\/2023\/07\/IMG-20230710-WA0003-2.jpg\" alt=\"\" class=\"wp-image-2505\" srcset=\"https:\/\/lucentumconsumidores.org\/wp-content\/uploads\/2023\/07\/IMG-20230710-WA0003-2.jpg 1016w, https:\/\/lucentumconsumidores.org\/wp-content\/uploads\/2023\/07\/IMG-20230710-WA0003-2-300x171.jpg 300w, https:\/\/lucentumconsumidores.org\/wp-content\/uploads\/2023\/07\/IMG-20230710-WA0003-2-768x437.jpg 768w\" sizes=\"auto, (max-width: 1016px) 100vw, 1016px\" \/><\/figure>\n<\/figure>\n\n\n\n<p>Esta feria culinaria de Alicante tendr\u00e1 lugar entre el 29 de septiembre y el 2 de octubre en IFA, donde se dar\u00e1n cita a n\u00fameros chefs con Estrellas Michel\u00edn y Soles Repsol, contar\u00e1 con m\u00e1ster class de alta cocina, ponencias y talleres gastron\u00f3micos, concursos profesionales, salas de catas y maridajes, el XVI campeonato de Espa\u00f1a de tortilla de patata, el rinc\u00f3n de las estrellas y los soles, la isla de las tapas, el t\u00fanel del  vino con m\u00e1s de 150 referencias, mas de 250 expositores y venta de productos.   Tambi\u00e9n contar\u00e1 con presencia internacional, ya que este a\u00f1o se ha invitado a Grecia a participar con su cocina mediterr\u00e1nea y degustaciones de sus productos y platos t\u00edpicos.     \u00abUn gran encuentro de culinario\u00bb<\/p>\n\n\n\n<p>&#8230;&#8230;&#8230;&#8230;&#8230;&#8230;&#8230;&#8230;..<\/p>\n\n\n\n<p>Esta fira culin\u00e0ria d&#8217;Alacant tindr\u00e0 lloc entre el 29 de setembre i el 2 d&#8217;octubre en IFA, on es donaran cita a n\u00fameros xefs amb Estreles Michel\u00edn i Sols Repsol, comptar\u00e0 amb m\u00e0ster class d&#8217;alta cuina, pon\u00e8ncies i tallers gastron\u00f2mics, concursos professionals, sales de tastos i maridatges, el XVI campionat d&#8217;Espanya de truita de cre\u00eflla, el rac\u00f3 de les estreles i els sols, l&#8217;illa de les tapes, el t\u00fanel del vi amb m\u00e9s de 150 refer\u00e8ncies, mes de 250 expositors i venda de productes. Tamb\u00e9 comptar\u00e0 amb pres\u00e8ncia internacional, ja que enguany s&#8217;ha convidat a Gr\u00e8cia a participar amb la seua cuina mediterr\u00e0nia i degustacions dels seus productes i plats t\u00edpics. \u00abUna gran trobada de culinari\u00bb<\/p>\n","protected":false},"excerpt":{"rendered":"<p>Ayer, lunes d\u00eda 10 de julio asistimos a la presentaci\u00f3n de la V edici\u00f3n de Alicante Gastron\u00f3mica \u00abALMA MEDITERR\u00c1NEA\u00bb. El evento tuvo lugar en la Casa del Mediterr\u00e1neo y conto con la participaci\u00f3n de Gema Amor, Presidenta de Alicante Gastron\u00f3mica, Carlos Maz\u00f3n, Presidente de la Diputaci\u00f3n y Francesc Colomer, Secretario auton\u00f3mico de Turismo. &#8230;&#8230;&#8230;&#8230;&#8230;&#8230;&#8230;&#8230; Ahir,&#8230;<\/p>\n","protected":false},"author":2,"featured_media":2503,"comment_status":"open","ping_status":"open","sticky":false,"template":"","format":"standard","meta":{"footnotes":""},"categories":[3,9,20,5],"tags":[],"class_list":["post-2500","post","type-post","status-publish","format-standard","has-post-thumbnail","hentry","category-agenda","category-consumo","category-destacadas","category-eventos"],"jetpack_featured_media_url":"https:\/\/lucentumconsumidores.org\/wp-content\/uploads\/2023\/07\/1.jpg","_links":{"self":[{"href":"https:\/\/lucentumconsumidores.org\/index.php?rest_route=\/wp\/v2\/posts\/2500","targetHints":{"allow":["GET"]}}],"collection":[{"href":"https:\/\/lucentumconsumidores.org\/index.php?rest_route=\/wp\/v2\/posts"}],"about":[{"href":"https:\/\/lucentumconsumidores.org\/index.php?rest_route=\/wp\/v2\/types\/post"}],"author":[{"embeddable":true,"href":"https:\/\/lucentumconsumidores.org\/index.php?rest_route=\/wp\/v2\/users\/2"}],"replies":[{"embeddable":true,"href":"https:\/\/lucentumconsumidores.org\/index.php?rest_route=%2Fwp%2Fv2%2Fcomments&post=2500"}],"version-history":[{"count":3,"href":"https:\/\/lucentumconsumidores.org\/index.php?rest_route=\/wp\/v2\/posts\/2500\/revisions"}],"predecessor-version":[{"id":3545,"href":"https:\/\/lucentumconsumidores.org\/index.php?rest_route=\/wp\/v2\/posts\/2500\/revisions\/3545"}],"wp:featuredmedia":[{"embeddable":true,"href":"https:\/\/lucentumconsumidores.org\/index.php?rest_route=\/wp\/v2\/media\/2503"}],"wp:attachment":[{"href":"https:\/\/lucentumconsumidores.org\/index.php?rest_route=%2Fwp%2Fv2%2Fmedia&parent=2500"}],"wp:term":[{"taxonomy":"category","embeddable":true,"href":"https:\/\/lucentumconsumidores.org\/index.php?rest_route=%2Fwp%2Fv2%2Fcategories&post=2500"},{"taxonomy":"post_tag","embeddable":true,"href":"https:\/\/lucentumconsumidores.org\/index.php?rest_route=%2Fwp%2Fv2%2Ftags&post=2500"}],"curies":[{"name":"wp","href":"https:\/\/api.w.org\/{rel}","templated":true}]}}