{"id":2576,"date":"2023-09-25T11:12:15","date_gmt":"2023-09-25T09:12:15","guid":{"rendered":"https:\/\/lucentumconsumidores.org\/?p=2576"},"modified":"2024-10-09T19:33:23","modified_gmt":"2024-10-09T17:33:23","slug":"banco-de-espana","status":"publish","type":"post","link":"https:\/\/lucentumconsumidores.org\/?p=2576","title":{"rendered":"BANCO DE ESPA\u00d1A  &#8211;  BANC D&#8217;ESPANYA"},"content":{"rendered":"\n<figure class=\"wp-block-gallery has-nested-images columns-default is-cropped wp-block-gallery-1 is-layout-flex wp-block-gallery-is-layout-flex\">\n<figure class=\"wp-block-image size-large\"><img loading=\"lazy\" decoding=\"async\" width=\"1024\" height=\"771\" data-id=\"2577\" src=\"https:\/\/lucentumconsumidores.org\/wp-content\/uploads\/2023\/09\/IMG20230921123232-1024x771.jpg\" alt=\"\" class=\"wp-image-2577\" srcset=\"https:\/\/lucentumconsumidores.org\/wp-content\/uploads\/2023\/09\/IMG20230921123232-1024x771.jpg 1024w, https:\/\/lucentumconsumidores.org\/wp-content\/uploads\/2023\/09\/IMG20230921123232-300x226.jpg 300w, https:\/\/lucentumconsumidores.org\/wp-content\/uploads\/2023\/09\/IMG20230921123232-768x578.jpg 768w, https:\/\/lucentumconsumidores.org\/wp-content\/uploads\/2023\/09\/IMG20230921123232-1536x1157.jpg 1536w, https:\/\/lucentumconsumidores.org\/wp-content\/uploads\/2023\/09\/IMG20230921123232-2048x1542.jpg 2048w\" sizes=\"auto, (max-width: 1024px) 100vw, 1024px\" \/><\/figure>\n<\/figure>\n\n\n\n<p class=\"has-text-align-left\">Reuni\u00f3n mantenida el pasado jueves, con el Banco de Espa\u00f1a, sucursal de Alicante,  dentro  del  plan  de educaci\u00f3n financiera.                                        En el evento participaron  distintas organizaciones locales  y  provinciales  para planificar posibles acciones de colaboraci\u00f3n con dicho banco. <\/p>\n\n\n\n<p>&#8230;&#8230;&#8230;&#8230;&#8230;&#8230;.<\/p>\n\n\n\n<p>Reuni\u00f3 mantinguda dijous passat, amb el Banc d&#8217;Espanya, sucursal d&#8217;Alacant, dins del pla d&#8217;educaci\u00f3 financera. En l&#8217;esdeveniment van participar diferents organitzacions locals i provincials per a planificar possibles accions de col\u00b7laboraci\u00f3 amb este banc.<\/p>\n","protected":false},"excerpt":{"rendered":"<p>Reuni\u00f3n mantenida el pasado jueves, con el Banco de Espa\u00f1a, sucursal de Alicante, dentro del plan de educaci\u00f3n financiera. En el evento participaron distintas organizaciones locales y provinciales para planificar posibles acciones de colaboraci\u00f3n con dicho banco. &#8230;&#8230;&#8230;&#8230;&#8230;&#8230;. Reuni\u00f3 mantinguda dijous passat, amb el Banc d&#8217;Espanya, sucursal d&#8217;Alacant, dins del pla d&#8217;educaci\u00f3 financera. En l&#8217;esdeveniment&#8230;<\/p>\n","protected":false},"author":2,"featured_media":2577,"comment_status":"open","ping_status":"open","sticky":false,"template":"","format":"standard","meta":{"footnotes":""},"categories":[3,20,5,14],"tags":[],"class_list":["post-2576","post","type-post","status-publish","format-standard","has-post-thumbnail","hentry","category-agenda","category-destacadas","category-eventos","category-jornadas"],"jetpack_featured_media_url":"https:\/\/lucentumconsumidores.org\/wp-content\/uploads\/2023\/09\/IMG20230921123232-scaled.jpg","_links":{"self":[{"href":"https:\/\/lucentumconsumidores.org\/index.php?rest_route=\/wp\/v2\/posts\/2576","targetHints":{"allow":["GET"]}}],"collection":[{"href":"https:\/\/lucentumconsumidores.org\/index.php?rest_route=\/wp\/v2\/posts"}],"about":[{"href":"https:\/\/lucentumconsumidores.org\/index.php?rest_route=\/wp\/v2\/types\/post"}],"author":[{"embeddable":true,"href":"https:\/\/lucentumconsumidores.org\/index.php?rest_route=\/wp\/v2\/users\/2"}],"replies":[{"embeddable":true,"href":"https:\/\/lucentumconsumidores.org\/index.php?rest_route=%2Fwp%2Fv2%2Fcomments&post=2576"}],"version-history":[{"count":4,"href":"https:\/\/lucentumconsumidores.org\/index.php?rest_route=\/wp\/v2\/posts\/2576\/revisions"}],"predecessor-version":[{"id":3536,"href":"https:\/\/lucentumconsumidores.org\/index.php?rest_route=\/wp\/v2\/posts\/2576\/revisions\/3536"}],"wp:featuredmedia":[{"embeddable":true,"href":"https:\/\/lucentumconsumidores.org\/index.php?rest_route=\/wp\/v2\/media\/2577"}],"wp:attachment":[{"href":"https:\/\/lucentumconsumidores.org\/index.php?rest_route=%2Fwp%2Fv2%2Fmedia&parent=2576"}],"wp:term":[{"taxonomy":"category","embeddable":true,"href":"https:\/\/lucentumconsumidores.org\/index.php?rest_route=%2Fwp%2Fv2%2Fcategories&post=2576"},{"taxonomy":"post_tag","embeddable":true,"href":"https:\/\/lucentumconsumidores.org\/index.php?rest_route=%2Fwp%2Fv2%2Ftags&post=2576"}],"curies":[{"name":"wp","href":"https:\/\/api.w.org\/{rel}","templated":true}]}}