{"id":2721,"date":"2023-11-26T18:54:01","date_gmt":"2023-11-26T16:54:01","guid":{"rendered":"https:\/\/lucentumconsumidores.org\/?p=2721"},"modified":"2024-10-09T18:54:22","modified_gmt":"2024-10-09T16:54:22","slug":"iberconsumo","status":"publish","type":"post","link":"https:\/\/lucentumconsumidores.org\/?p=2721","title":{"rendered":"CLAUSURA &#8211; II CONGRESO NACIONAL DE RESPONSABLES DEL HOGAR.                  CLAUSURA &#8211; II CONGR\u00c9S NACIONAL DE RESPONSABLES DE LA LLAR."},"content":{"rendered":"\n<figure class=\"wp-block-image size-large is-resized\"><img loading=\"lazy\" decoding=\"async\" width=\"1024\" height=\"768\" src=\"https:\/\/lucentumconsumidores.org\/wp-content\/uploads\/2023\/11\/IMG-20231123-WA0004-1024x768.jpg\" alt=\"\" class=\"wp-image-2722\" style=\"width:741px;height:556px\" srcset=\"https:\/\/lucentumconsumidores.org\/wp-content\/uploads\/2023\/11\/IMG-20231123-WA0004-1024x768.jpg 1024w, https:\/\/lucentumconsumidores.org\/wp-content\/uploads\/2023\/11\/IMG-20231123-WA0004-300x225.jpg 300w, https:\/\/lucentumconsumidores.org\/wp-content\/uploads\/2023\/11\/IMG-20231123-WA0004-768x576.jpg 768w, https:\/\/lucentumconsumidores.org\/wp-content\/uploads\/2023\/11\/IMG-20231123-WA0004-1536x1152.jpg 1536w, https:\/\/lucentumconsumidores.org\/wp-content\/uploads\/2023\/11\/IMG-20231123-WA0004-640x480.jpg 640w, https:\/\/lucentumconsumidores.org\/wp-content\/uploads\/2023\/11\/IMG-20231123-WA0004.jpg 2048w\" sizes=\"auto, (max-width: 1024px) 100vw, 1024px\" \/><\/figure>\n\n\n\n<p>La clausura del II Congreso Nacional de Responsables del Hogar, se celebro en el Teatro Romea de Murcia.  El evento comenz\u00f3 con la ponencia \u00abEl bienestar comienza en casa\u00bb.  Siguiendo con una mesa redonda \u00abGestionando lo importante\u00bb<\/p>\n\n\n\n<p>Tambi\u00e9n se ha presentado a la junta directiva de la reci\u00e9n creada  Confederaci\u00f3n Nacional de Amas de Casa, IBERCONSUMO.<\/p>\n\n\n\n<p>Posteriormente se proyect\u00f3 el documental \u00abHasta la Orilla: amas de casa, pilares del bienestar\u00bb, conmemorando el 60 aniversario del movimiento asociativo de amas de casa en la Regi\u00f3n de Murcia. <\/p>\n\n\n\n<p>Terminando con una actuaci\u00f3n musical y  con la entrega de Diplomas acreditativos de asistencia al Congreso. <\/p>\n\n\n\n<p>Unos d\u00edas de convivencia muy aprovechados y productivos.<\/p>\n\n\n\n<p>&#8230;&#8230;&#8230;&#8230;&#8230;&#8230;&#8230;&#8230;&#8230;..<\/p>\n\n\n\n<p>La clausura de l&#8217;II Congr\u00e9s Nacional de Responsables de la Llar, se celebre en el Teatre Romea de M\u00farcia. L&#8217;esdeveniment va comen\u00e7ar amb la pon\u00e8ncia \u00abEl benestar comen\u00e7a a casa\u00bb. Seguint amb una taula redona \u00abGestionant l&#8217;important\u00bb<\/p>\n\n\n\n<p>Tamb\u00e9 s&#8217;ha presentat a la junta directiva de la recentment creada Confederaci\u00f3 Nacional de Mestresses de casa, *IBERCONSUMO.<\/p>\n\n\n\n<p>Posteriorment es va projectar el documental \u00abFins a la Riba: mestresses de casa, pilars del benestar\u00bb, commemorant el 60 aniversari del moviment associatiu de mestresses de casa a la Regi\u00f3 de M\u00farcia.<\/p>\n\n\n\n<p>Acabant amb una actuaci\u00f3 musical i amb el lliurament de Diplomes acreditatius d&#8217;assist\u00e8ncia al Congr\u00e9s.<\/p>\n\n\n\n<p>Uns dies de conviv\u00e8ncia molt aprofitats i productius.<\/p>\n","protected":false},"excerpt":{"rendered":"<p>La clausura del II Congreso Nacional de Responsables del Hogar, se celebro en el Teatro Romea de Murcia. El evento comenz\u00f3 con la ponencia \u00abEl bienestar comienza en casa\u00bb. Siguiendo con una mesa redonda \u00abGestionando lo importante\u00bb Tambi\u00e9n se ha presentado a la junta directiva de la reci\u00e9n creada Confederaci\u00f3n Nacional de Amas de Casa,&#8230;<\/p>\n","protected":false},"author":2,"featured_media":2722,"comment_status":"open","ping_status":"open","sticky":false,"template":"","format":"standard","meta":{"footnotes":""},"categories":[9,20,5,13,14],"tags":[],"class_list":["post-2721","post","type-post","status-publish","format-standard","has-post-thumbnail","hentry","category-consumo","category-destacadas","category-eventos","category-general","category-jornadas"],"jetpack_featured_media_url":"https:\/\/lucentumconsumidores.org\/wp-content\/uploads\/2023\/11\/IMG-20231123-WA0004.jpg","_links":{"self":[{"href":"https:\/\/lucentumconsumidores.org\/index.php?rest_route=\/wp\/v2\/posts\/2721","targetHints":{"allow":["GET"]}}],"collection":[{"href":"https:\/\/lucentumconsumidores.org\/index.php?rest_route=\/wp\/v2\/posts"}],"about":[{"href":"https:\/\/lucentumconsumidores.org\/index.php?rest_route=\/wp\/v2\/types\/post"}],"author":[{"embeddable":true,"href":"https:\/\/lucentumconsumidores.org\/index.php?rest_route=\/wp\/v2\/users\/2"}],"replies":[{"embeddable":true,"href":"https:\/\/lucentumconsumidores.org\/index.php?rest_route=%2Fwp%2Fv2%2Fcomments&post=2721"}],"version-history":[{"count":3,"href":"https:\/\/lucentumconsumidores.org\/index.php?rest_route=\/wp\/v2\/posts\/2721\/revisions"}],"predecessor-version":[{"id":3516,"href":"https:\/\/lucentumconsumidores.org\/index.php?rest_route=\/wp\/v2\/posts\/2721\/revisions\/3516"}],"wp:featuredmedia":[{"embeddable":true,"href":"https:\/\/lucentumconsumidores.org\/index.php?rest_route=\/wp\/v2\/media\/2722"}],"wp:attachment":[{"href":"https:\/\/lucentumconsumidores.org\/index.php?rest_route=%2Fwp%2Fv2%2Fmedia&parent=2721"}],"wp:term":[{"taxonomy":"category","embeddable":true,"href":"https:\/\/lucentumconsumidores.org\/index.php?rest_route=%2Fwp%2Fv2%2Fcategories&post=2721"},{"taxonomy":"post_tag","embeddable":true,"href":"https:\/\/lucentumconsumidores.org\/index.php?rest_route=%2Fwp%2Fv2%2Ftags&post=2721"}],"curies":[{"name":"wp","href":"https:\/\/api.w.org\/{rel}","templated":true}]}}