{"id":2768,"date":"2024-01-19T11:26:32","date_gmt":"2024-01-19T09:26:32","guid":{"rendered":"https:\/\/lucentumconsumidores.org\/?p=2768"},"modified":"2024-10-09T18:39:34","modified_gmt":"2024-10-09T16:39:34","slug":"sois-cultura-musical","status":"publish","type":"post","link":"https:\/\/lucentumconsumidores.org\/?p=2768","title":{"rendered":"SOIS CULTURA MUSICAL.                                         SOU CULTURA MUSICAL."},"content":{"rendered":"\n<figure class=\"wp-block-image size-large\"><img loading=\"lazy\" decoding=\"async\" width=\"1024\" height=\"733\" src=\"https:\/\/lucentumconsumidores.org\/wp-content\/uploads\/2024\/01\/IMG-20240119-WA0003-2-1024x733.jpg\" alt=\"\" class=\"wp-image-2769\" srcset=\"https:\/\/lucentumconsumidores.org\/wp-content\/uploads\/2024\/01\/IMG-20240119-WA0003-2-1024x733.jpg 1024w, https:\/\/lucentumconsumidores.org\/wp-content\/uploads\/2024\/01\/IMG-20240119-WA0003-2-300x215.jpg 300w, https:\/\/lucentumconsumidores.org\/wp-content\/uploads\/2024\/01\/IMG-20240119-WA0003-2-768x550.jpg 768w, https:\/\/lucentumconsumidores.org\/wp-content\/uploads\/2024\/01\/IMG-20240119-WA0003-2-1536x1100.jpg 1536w, https:\/\/lucentumconsumidores.org\/wp-content\/uploads\/2024\/01\/IMG-20240119-WA0003-2.jpg 1814w\" sizes=\"auto, (max-width: 1024px) 100vw, 1024px\" \/><figcaption class=\"wp-element-caption\"><sub>Ana Serna Garc\u00eda, Vicepresidenta de la Diputaci\u00f3n de Alicante<\/sub> <sub>con Soledad Morales, Presidenta de Federaci\u00f3n Lucentum. <\/sub>  <\/figcaption><\/figure>\n\n\n\n<p><strong>II EDICI\u00d3N DE LOS PREMIOS SOIS CULTURA MUSICAL<\/strong>, organizados por la&nbsp;Diputaci\u00f3n&nbsp;Provincial de&nbsp;Alicante&nbsp;y la&nbsp;Fundaci\u00f3n&nbsp;ADDA.   Se  celebraron ayer,  jueves 18 de enero, en el Auditorio de la Diputaci\u00f3n de Alicante.    La gala cont\u00f3 con la actuaci\u00f3n de&nbsp; <strong>ADDA SINF\u00d3NICA<\/strong>,  haciendo un recorrido por la cultura musical alicantina.<\/p>\n\n\n\n<p><strong>II EDICI\u00d3 DELS PREMIS SOU CULTURA MUSICAL<\/strong>, organitzats per la\u00a0Diputaci\u00f3\u00a0Provincial d&#8217;Alacant\u00a0\u00a0i la\u00a0Fundaci\u00f3\u00a0ADDA. Es van celebrar ahir, dijous 18 de gener, a l&#8217;Auditori de la Diputaci\u00f3 d&#8217;Alacant. La gala va comptar amb l&#8217;actuaci\u00f3 de\u00a0 ADDA SIMF\u00d2NICA, fent un recorregut per la cultura musical alacantina.<\/p>\n\n\n\n<figure class=\"wp-block-gallery has-nested-images columns-default is-cropped wp-block-gallery-1 is-layout-flex wp-block-gallery-is-layout-flex\">\n<figure class=\"wp-block-image size-large\"><img loading=\"lazy\" decoding=\"async\" width=\"1024\" height=\"762\" data-id=\"2770\" src=\"https:\/\/lucentumconsumidores.org\/wp-content\/uploads\/2024\/01\/IMG-20240119-WA0001-1024x762.jpg\" alt=\"\" class=\"wp-image-2770\" srcset=\"https:\/\/lucentumconsumidores.org\/wp-content\/uploads\/2024\/01\/IMG-20240119-WA0001-1024x762.jpg 1024w, https:\/\/lucentumconsumidores.org\/wp-content\/uploads\/2024\/01\/IMG-20240119-WA0001-300x223.jpg 300w, https:\/\/lucentumconsumidores.org\/wp-content\/uploads\/2024\/01\/IMG-20240119-WA0001-768x571.jpg 768w, https:\/\/lucentumconsumidores.org\/wp-content\/uploads\/2024\/01\/IMG-20240119-WA0001-1536x1143.jpg 1536w, https:\/\/lucentumconsumidores.org\/wp-content\/uploads\/2024\/01\/IMG-20240119-WA0001.jpg 1969w\" sizes=\"auto, (max-width: 1024px) 100vw, 1024px\" \/><\/figure>\n\n\n\n<figure class=\"wp-block-image size-large\"><img loading=\"lazy\" decoding=\"async\" width=\"1024\" height=\"919\" data-id=\"2771\" src=\"https:\/\/lucentumconsumidores.org\/wp-content\/uploads\/2024\/01\/IMG-20240119-WA0002-2-1024x919.jpg\" alt=\"\" class=\"wp-image-2771\" srcset=\"https:\/\/lucentumconsumidores.org\/wp-content\/uploads\/2024\/01\/IMG-20240119-WA0002-2-1024x919.jpg 1024w, https:\/\/lucentumconsumidores.org\/wp-content\/uploads\/2024\/01\/IMG-20240119-WA0002-2-300x269.jpg 300w, https:\/\/lucentumconsumidores.org\/wp-content\/uploads\/2024\/01\/IMG-20240119-WA0002-2-768x689.jpg 768w, https:\/\/lucentumconsumidores.org\/wp-content\/uploads\/2024\/01\/IMG-20240119-WA0002-2.jpg 1430w\" sizes=\"auto, (max-width: 1024px) 100vw, 1024px\" \/><\/figure>\n<\/figure>\n\n\n\n<p>Todo un honor haber asistido a este gran evento.                                                                                                  Tot un honor haver assistit a este gran esdeveniment.<\/p>\n","protected":false},"excerpt":{"rendered":"<p>II EDICI\u00d3N DE LOS PREMIOS SOIS CULTURA MUSICAL, organizados por la&nbsp;Diputaci\u00f3n&nbsp;Provincial de&nbsp;Alicante&nbsp;y la&nbsp;Fundaci\u00f3n&nbsp;ADDA. Se celebraron ayer, jueves 18 de enero, en el Auditorio de la Diputaci\u00f3n de Alicante. La gala cont\u00f3 con la actuaci\u00f3n de&nbsp; ADDA SINF\u00d3NICA, haciendo un recorrido por la cultura musical alicantina. II EDICI\u00d3 DELS PREMIS SOU CULTURA MUSICAL, organitzats per la\u00a0Diputaci\u00f3\u00a0Provincial&#8230;<\/p>\n","protected":false},"author":2,"featured_media":2769,"comment_status":"open","ping_status":"open","sticky":false,"template":"","format":"standard","meta":{"footnotes":""},"categories":[3,20,5,13],"tags":[],"class_list":["post-2768","post","type-post","status-publish","format-standard","has-post-thumbnail","hentry","category-agenda","category-destacadas","category-eventos","category-general"],"jetpack_featured_media_url":"https:\/\/lucentumconsumidores.org\/wp-content\/uploads\/2024\/01\/IMG-20240119-WA0003-2.jpg","_links":{"self":[{"href":"https:\/\/lucentumconsumidores.org\/index.php?rest_route=\/wp\/v2\/posts\/2768","targetHints":{"allow":["GET"]}}],"collection":[{"href":"https:\/\/lucentumconsumidores.org\/index.php?rest_route=\/wp\/v2\/posts"}],"about":[{"href":"https:\/\/lucentumconsumidores.org\/index.php?rest_route=\/wp\/v2\/types\/post"}],"author":[{"embeddable":true,"href":"https:\/\/lucentumconsumidores.org\/index.php?rest_route=\/wp\/v2\/users\/2"}],"replies":[{"embeddable":true,"href":"https:\/\/lucentumconsumidores.org\/index.php?rest_route=%2Fwp%2Fv2%2Fcomments&post=2768"}],"version-history":[{"count":5,"href":"https:\/\/lucentumconsumidores.org\/index.php?rest_route=\/wp\/v2\/posts\/2768\/revisions"}],"predecessor-version":[{"id":3506,"href":"https:\/\/lucentumconsumidores.org\/index.php?rest_route=\/wp\/v2\/posts\/2768\/revisions\/3506"}],"wp:featuredmedia":[{"embeddable":true,"href":"https:\/\/lucentumconsumidores.org\/index.php?rest_route=\/wp\/v2\/media\/2769"}],"wp:attachment":[{"href":"https:\/\/lucentumconsumidores.org\/index.php?rest_route=%2Fwp%2Fv2%2Fmedia&parent=2768"}],"wp:term":[{"taxonomy":"category","embeddable":true,"href":"https:\/\/lucentumconsumidores.org\/index.php?rest_route=%2Fwp%2Fv2%2Fcategories&post=2768"},{"taxonomy":"post_tag","embeddable":true,"href":"https:\/\/lucentumconsumidores.org\/index.php?rest_route=%2Fwp%2Fv2%2Ftags&post=2768"}],"curies":[{"name":"wp","href":"https:\/\/api.w.org\/{rel}","templated":true}]}}