{"id":2775,"date":"2024-01-30T11:09:57","date_gmt":"2024-01-30T09:09:57","guid":{"rendered":"https:\/\/lucentumconsumidores.org\/?p=2775"},"modified":"2024-09-27T11:16:45","modified_gmt":"2024-09-27T09:16:45","slug":"comercio-consumo-y-artesania","status":"publish","type":"post","link":"https:\/\/lucentumconsumidores.org\/?p=2775","title":{"rendered":"COMERCIO, CONSUMO Y ARTESANIA.              COMER\u00c7, CONSUM I ARTESANIA."},"content":{"rendered":"\n<figure class=\"wp-block-image size-large\"><img loading=\"lazy\" decoding=\"async\" width=\"1024\" height=\"771\" src=\"https:\/\/lucentumconsumidores.org\/wp-content\/uploads\/2024\/01\/COASOC1-1024x771.jpg\" alt=\"\" class=\"wp-image-2776\" srcset=\"https:\/\/lucentumconsumidores.org\/wp-content\/uploads\/2024\/01\/COASOC1-1024x771.jpg 1024w, https:\/\/lucentumconsumidores.org\/wp-content\/uploads\/2024\/01\/COASOC1-300x226.jpg 300w, https:\/\/lucentumconsumidores.org\/wp-content\/uploads\/2024\/01\/COASOC1-768x578.jpg 768w, https:\/\/lucentumconsumidores.org\/wp-content\/uploads\/2024\/01\/COASOC1-1536x1157.jpg 1536w, https:\/\/lucentumconsumidores.org\/wp-content\/uploads\/2024\/01\/COASOC1-2048x1542.jpg 2048w\" sizes=\"auto, (max-width: 1024px) 100vw, 1024px\" \/><\/figure>\n\n\n\n<p>Ayer, d\u00eda 29\/01\/24,  acudimos  a la convocatoria de  la Directora general de Comercio, Artesan\u00eda y Consumo,  Mar\u00eda Isabel S\u00e1ez Mart\u00ednez que celebro una  jornada  informativa  en  Alicante,  sobre  las ayudas  en materia  de comercio, consumo y artesan\u00eda 2024.   <\/p>\n\n\n\n<p>Ahir, dia 29\/01\/24, vam acudir a la convocat\u00f2ria de la Directora general de Comer\u00e7, Artesania i Consum, Mar\u00eda Isabel S\u00e1ez Mart\u00ednez que celebre una jornada informativa a Alacant, sobre les ajudes en mat\u00e8ria de comer\u00e7, consum i artesania 2024.<\/p>\n","protected":false},"excerpt":{"rendered":"<p>Ayer, d\u00eda 29\/01\/24, acudimos a la convocatoria de la Directora general de Comercio, Artesan\u00eda y Consumo, Mar\u00eda Isabel S\u00e1ez Mart\u00ednez que celebro una jornada informativa en Alicante, sobre las ayudas en materia de comercio, consumo y artesan\u00eda 2024. Ahir, dia 29\/01\/24, vam acudir a la convocat\u00f2ria de la Directora general de Comer\u00e7, Artesania i Consum,&#8230;<\/p>\n","protected":false},"author":2,"featured_media":2776,"comment_status":"open","ping_status":"open","sticky":false,"template":"","format":"standard","meta":{"footnotes":""},"categories":[3,5],"tags":[],"class_list":["post-2775","post","type-post","status-publish","format-standard","has-post-thumbnail","hentry","category-agenda","category-eventos"],"jetpack_featured_media_url":"https:\/\/lucentumconsumidores.org\/wp-content\/uploads\/2024\/01\/COASOC1-scaled.jpg","_links":{"self":[{"href":"https:\/\/lucentumconsumidores.org\/index.php?rest_route=\/wp\/v2\/posts\/2775","targetHints":{"allow":["GET"]}}],"collection":[{"href":"https:\/\/lucentumconsumidores.org\/index.php?rest_route=\/wp\/v2\/posts"}],"about":[{"href":"https:\/\/lucentumconsumidores.org\/index.php?rest_route=\/wp\/v2\/types\/post"}],"author":[{"embeddable":true,"href":"https:\/\/lucentumconsumidores.org\/index.php?rest_route=\/wp\/v2\/users\/2"}],"replies":[{"embeddable":true,"href":"https:\/\/lucentumconsumidores.org\/index.php?rest_route=%2Fwp%2Fv2%2Fcomments&post=2775"}],"version-history":[{"count":2,"href":"https:\/\/lucentumconsumidores.org\/index.php?rest_route=\/wp\/v2\/posts\/2775\/revisions"}],"predecessor-version":[{"id":3337,"href":"https:\/\/lucentumconsumidores.org\/index.php?rest_route=\/wp\/v2\/posts\/2775\/revisions\/3337"}],"wp:featuredmedia":[{"embeddable":true,"href":"https:\/\/lucentumconsumidores.org\/index.php?rest_route=\/wp\/v2\/media\/2776"}],"wp:attachment":[{"href":"https:\/\/lucentumconsumidores.org\/index.php?rest_route=%2Fwp%2Fv2%2Fmedia&parent=2775"}],"wp:term":[{"taxonomy":"category","embeddable":true,"href":"https:\/\/lucentumconsumidores.org\/index.php?rest_route=%2Fwp%2Fv2%2Fcategories&post=2775"},{"taxonomy":"post_tag","embeddable":true,"href":"https:\/\/lucentumconsumidores.org\/index.php?rest_route=%2Fwp%2Fv2%2Ftags&post=2775"}],"curies":[{"name":"wp","href":"https:\/\/api.w.org\/{rel}","templated":true}]}}