{"id":2810,"date":"2024-03-04T10:50:46","date_gmt":"2024-03-04T08:50:46","guid":{"rendered":"https:\/\/lucentumconsumidores.org\/?p=2810"},"modified":"2024-09-27T11:46:10","modified_gmt":"2024-09-27T09:46:10","slug":"dia-internacional-de-la-mujer","status":"publish","type":"post","link":"https:\/\/lucentumconsumidores.org\/?p=2810","title":{"rendered":"D\u00eda Internacional de la MUJER.                           Dia Internacional de la DONA."},"content":{"rendered":"\n<figure class=\"wp-block-image size-large is-resized\"><img loading=\"lazy\" decoding=\"async\" width=\"730\" height=\"1024\" src=\"https:\/\/lucentumconsumidores.org\/wp-content\/uploads\/2024\/03\/CARTEL-2024-1-730x1024.jpg\" alt=\"\" class=\"wp-image-2812\" style=\"width:741px;height:1039px\" srcset=\"https:\/\/lucentumconsumidores.org\/wp-content\/uploads\/2024\/03\/CARTEL-2024-1-730x1024.jpg 730w, https:\/\/lucentumconsumidores.org\/wp-content\/uploads\/2024\/03\/CARTEL-2024-1-214x300.jpg 214w, https:\/\/lucentumconsumidores.org\/wp-content\/uploads\/2024\/03\/CARTEL-2024-1-768x1078.jpg 768w, https:\/\/lucentumconsumidores.org\/wp-content\/uploads\/2024\/03\/CARTEL-2024-1-1095x1536.jpg 1095w, https:\/\/lucentumconsumidores.org\/wp-content\/uploads\/2024\/03\/CARTEL-2024-1-1460x2048.jpg 1460w, https:\/\/lucentumconsumidores.org\/wp-content\/uploads\/2024\/03\/CARTEL-2024-1-scaled.jpg 1825w\" sizes=\"auto, (max-width: 730px) 100vw, 730px\" \/><\/figure>\n\n\n\n<p>Comenzamos la semana con actividades para celebrar el d\u00eda internacional de la Mujer.    Una vez m\u00e1s, hemos realizado concurso de bocetos para hacer cartel conmemorativo del&nbsp; <strong>d\u00eda 8 de marzo<\/strong>,   \u00ab<strong>D\u00cdA INTERNACIONAL DE LA MUJER\u00bb<\/strong>   con el lema  \u00abTODAS LAS MUJERES, TODOS LOS DERECHOS\u00bb<\/p>\n\n\n\n<p>Entre los participantes, sali\u00f3 elegido el de nuestra Asociaci\u00f3n de Amas de Casa de Onil, que participo con esta magn\u00edfica pintura con la que hemos creado dicho cartel.<\/p>\n\n\n\n<p>\u00a1Gracias y Felicidades a la Asociaci\u00f3n de ONIL por vuestra participaci\u00f3n! y Gracias, tambi\u00e9n al resto de colaboraciones.<\/p>\n\n\n\n<p>&#8230;&#8230;&#8230;&#8230;&#8230;&#8230;&#8230;&#8230;&#8230;&#8230;..<\/p>\n\n\n\n<p>Comencem la setmana amb activitats per a celebrar el dia internacional de la Dona. Una vegada m\u00e9s, hem realitzat concurs d&#8217;esbossos per a fer cartell commemoratiu del dia&nbsp; 8 de mar\u00e7, \u00abDIA INTERNACIONAL DE LA DONA\u00bb amb el lema \u00abTOTES LES DONES, TOTS ELS DRETS\u00bb<\/p>\n\n\n\n<p>Entre els participants, va eixir triat el de la nostra Associaci\u00f3 de Mestresses de casa d&#8217;Onil, que participe amb esta magn\u00edfica pintura amb la qual hem creat este cartell.<\/p>\n\n\n\n<p>Gr\u00e0cies i Felicitats a l&#8217;Associaci\u00f3 d&#8217;ONIL per la vostra participaci\u00f3! i Gr\u00e0cies, tamb\u00e9 a la resta de col\u00b7laboracions.<\/p>\n","protected":false},"excerpt":{"rendered":"<p>Comenzamos la semana con actividades para celebrar el d\u00eda internacional de la Mujer. Una vez m\u00e1s, hemos realizado concurso de bocetos para hacer cartel conmemorativo del&nbsp; d\u00eda 8 de marzo, \u00abD\u00cdA INTERNACIONAL DE LA MUJER\u00bb con el lema \u00abTODAS LAS MUJERES, TODOS LOS DERECHOS\u00bb Entre los participantes, sali\u00f3 elegido el de nuestra Asociaci\u00f3n de Amas&#8230;<\/p>\n","protected":false},"author":2,"featured_media":2818,"comment_status":"open","ping_status":"open","sticky":false,"template":"","format":"standard","meta":{"footnotes":""},"categories":[20,5,13,11,15],"tags":[],"class_list":["post-2810","post","type-post","status-publish","format-standard","has-post-thumbnail","hentry","category-destacadas","category-eventos","category-general","category-mujer","category-noticias"],"jetpack_featured_media_url":"https:\/\/lucentumconsumidores.org\/wp-content\/uploads\/2024\/03\/mini-2.jpg","_links":{"self":[{"href":"https:\/\/lucentumconsumidores.org\/index.php?rest_route=\/wp\/v2\/posts\/2810","targetHints":{"allow":["GET"]}}],"collection":[{"href":"https:\/\/lucentumconsumidores.org\/index.php?rest_route=\/wp\/v2\/posts"}],"about":[{"href":"https:\/\/lucentumconsumidores.org\/index.php?rest_route=\/wp\/v2\/types\/post"}],"author":[{"embeddable":true,"href":"https:\/\/lucentumconsumidores.org\/index.php?rest_route=\/wp\/v2\/users\/2"}],"replies":[{"embeddable":true,"href":"https:\/\/lucentumconsumidores.org\/index.php?rest_route=%2Fwp%2Fv2%2Fcomments&post=2810"}],"version-history":[{"count":5,"href":"https:\/\/lucentumconsumidores.org\/index.php?rest_route=\/wp\/v2\/posts\/2810\/revisions"}],"predecessor-version":[{"id":3351,"href":"https:\/\/lucentumconsumidores.org\/index.php?rest_route=\/wp\/v2\/posts\/2810\/revisions\/3351"}],"wp:featuredmedia":[{"embeddable":true,"href":"https:\/\/lucentumconsumidores.org\/index.php?rest_route=\/wp\/v2\/media\/2818"}],"wp:attachment":[{"href":"https:\/\/lucentumconsumidores.org\/index.php?rest_route=%2Fwp%2Fv2%2Fmedia&parent=2810"}],"wp:term":[{"taxonomy":"category","embeddable":true,"href":"https:\/\/lucentumconsumidores.org\/index.php?rest_route=%2Fwp%2Fv2%2Fcategories&post=2810"},{"taxonomy":"post_tag","embeddable":true,"href":"https:\/\/lucentumconsumidores.org\/index.php?rest_route=%2Fwp%2Fv2%2Ftags&post=2810"}],"curies":[{"name":"wp","href":"https:\/\/api.w.org\/{rel}","templated":true}]}}