{"id":2842,"date":"2024-03-08T10:39:48","date_gmt":"2024-03-08T08:39:48","guid":{"rendered":"https:\/\/lucentumconsumidores.org\/?p=2842"},"modified":"2024-11-15T10:54:07","modified_gmt":"2024-11-15T08:54:07","slug":"nutricion-y-salud","status":"publish","type":"post","link":"https:\/\/lucentumconsumidores.org\/?p=2842","title":{"rendered":"NUTRICI\u00d3N Y ALIMENTACI\u00d3N SALUDABLE Y SOSTENIBLE.  NUTRICI\u00d3 I ALIMENTACI\u00d3 SALUDABLE I SOSTENIBLE."},"content":{"rendered":"\n<figure class=\"wp-block-image size-large is-resized\"><img loading=\"lazy\" decoding=\"async\" width=\"1024\" height=\"597\" src=\"https:\/\/lucentumconsumidores.org\/wp-content\/uploads\/2024\/03\/IMG-20240308-WA0006-2-1024x597.jpg\" alt=\"\" class=\"wp-image-2847\" srcset=\"https:\/\/lucentumconsumidores.org\/wp-content\/uploads\/2024\/03\/IMG-20240308-WA0006-2-1024x597.jpg 1024w, https:\/\/lucentumconsumidores.org\/wp-content\/uploads\/2024\/03\/IMG-20240308-WA0006-2-300x175.jpg 300w, https:\/\/lucentumconsumidores.org\/wp-content\/uploads\/2024\/03\/IMG-20240308-WA0006-2-768x448.jpg 768w, https:\/\/lucentumconsumidores.org\/wp-content\/uploads\/2024\/03\/IMG-20240308-WA0006-2-1536x896.jpg 1536w, https:\/\/lucentumconsumidores.org\/wp-content\/uploads\/2024\/03\/IMG-20240308-WA0006-2.jpg 1600w\" sizes=\"auto, (max-width: 1024px) 100vw, 1024px\" \/><figcaption class=\"wp-element-caption\">Daniel Reyna y Soledad Morales con Hortensia Villarreal,  Presidenta de Asociaci\u00f3n de Amas de Casa y Consumidores de Novelda.<\/figcaption><\/figure>\n\n\n\n<p>Ayer estuvimos con nuestras compa\u00f1eras de la Asociaci\u00f3n de Novelda, donde disfrutamos de una charla magn\u00edfica y muy beneficiosa, titulada&#8230;. \u00abNUTRICI\u00d3N Y ALIMENTACI\u00d3N SALUDABLE Y SOSTENIBLE\u00bb<\/p>\n\n\n\n<p class=\"has-text-align-left\">Impartida por Soledad Morales y Daniel Reyna, nos descubrieron las claves para conseguir una alimentaci\u00f3n saludable y sostenible.<\/p>\n\n\n\n<p>&#8230;&#8230;&#8230;&#8230;&#8230;..<\/p>\n\n\n\n<p>Ahir vam estar amb les nostres companyes de l&#8217;Associaci\u00f3 de Novelda, on gaudim d&#8217;una xarrada magn\u00edfica i molt beneficiosa, titulada\u2026. \u00abNUTRICI\u00d3 I ALIMENTACI\u00d3 SALUDABLE I SOSTENIBLE\u00bb<\/p>\n\n\n\n<p>Impartida per Soledad Morales l Daniel Reyna, ens va descobrir les claus per a aconseguir una alimentaci\u00f3 saludable i sostenible. <\/p>\n\n\n\n<figure class=\"wp-block-gallery has-nested-images columns-default is-cropped wp-block-gallery-1 is-layout-flex wp-block-gallery-is-layout-flex\">\n<figure class=\"wp-block-image size-large\"><img loading=\"lazy\" decoding=\"async\" width=\"1024\" height=\"768\" data-id=\"2844\" src=\"https:\/\/lucentumconsumidores.org\/wp-content\/uploads\/2024\/03\/IMG-20240308-WA0004-1024x768.jpg\" alt=\"\" class=\"wp-image-2844\" srcset=\"https:\/\/lucentumconsumidores.org\/wp-content\/uploads\/2024\/03\/IMG-20240308-WA0004-1024x768.jpg 1024w, https:\/\/lucentumconsumidores.org\/wp-content\/uploads\/2024\/03\/IMG-20240308-WA0004-300x225.jpg 300w, https:\/\/lucentumconsumidores.org\/wp-content\/uploads\/2024\/03\/IMG-20240308-WA0004-768x576.jpg 768w, https:\/\/lucentumconsumidores.org\/wp-content\/uploads\/2024\/03\/IMG-20240308-WA0004-1536x1152.jpg 1536w, https:\/\/lucentumconsumidores.org\/wp-content\/uploads\/2024\/03\/IMG-20240308-WA0004-640x480.jpg 640w, https:\/\/lucentumconsumidores.org\/wp-content\/uploads\/2024\/03\/IMG-20240308-WA0004.jpg 1600w\" sizes=\"auto, (max-width: 1024px) 100vw, 1024px\" \/><\/figure>\n\n\n\n<figure class=\"wp-block-image size-large\"><img loading=\"lazy\" decoding=\"async\" width=\"1024\" height=\"599\" data-id=\"2845\" src=\"https:\/\/lucentumconsumidores.org\/wp-content\/uploads\/2024\/03\/IMG-20240308-WA0005-1024x599.jpg\" alt=\"\" class=\"wp-image-2845\" srcset=\"https:\/\/lucentumconsumidores.org\/wp-content\/uploads\/2024\/03\/IMG-20240308-WA0005-1024x599.jpg 1024w, https:\/\/lucentumconsumidores.org\/wp-content\/uploads\/2024\/03\/IMG-20240308-WA0005-300x176.jpg 300w, https:\/\/lucentumconsumidores.org\/wp-content\/uploads\/2024\/03\/IMG-20240308-WA0005-768x449.jpg 768w, https:\/\/lucentumconsumidores.org\/wp-content\/uploads\/2024\/03\/IMG-20240308-WA0005-1536x899.jpg 1536w, https:\/\/lucentumconsumidores.org\/wp-content\/uploads\/2024\/03\/IMG-20240308-WA0005.jpg 1600w\" sizes=\"auto, (max-width: 1024px) 100vw, 1024px\" \/><\/figure>\n<\/figure>\n","protected":false},"excerpt":{"rendered":"<p>Ayer estuvimos con nuestras compa\u00f1eras de la Asociaci\u00f3n de Novelda, donde disfrutamos de una charla magn\u00edfica y muy beneficiosa, titulada&#8230;. \u00abNUTRICI\u00d3N Y ALIMENTACI\u00d3N SALUDABLE Y SOSTENIBLE\u00bb Impartida por Soledad Morales y Daniel Reyna, nos descubrieron las claves para conseguir una alimentaci\u00f3n saludable y sostenible. &#8230;&#8230;&#8230;&#8230;&#8230;.. Ahir vam estar amb les nostres companyes de l&#8217;Associaci\u00f3 de&#8230;<\/p>\n","protected":false},"author":2,"featured_media":2846,"comment_status":"open","ping_status":"open","sticky":false,"template":"","format":"standard","meta":{"footnotes":""},"categories":[20,14,10],"tags":[],"class_list":["post-2842","post","type-post","status-publish","format-standard","has-post-thumbnail","hentry","category-destacadas","category-jornadas","category-salud-y-alimentacion"],"jetpack_featured_media_url":"https:\/\/lucentumconsumidores.org\/wp-content\/uploads\/2024\/03\/IMG-20240308-WA0006-1.jpg","_links":{"self":[{"href":"https:\/\/lucentumconsumidores.org\/index.php?rest_route=\/wp\/v2\/posts\/2842","targetHints":{"allow":["GET"]}}],"collection":[{"href":"https:\/\/lucentumconsumidores.org\/index.php?rest_route=\/wp\/v2\/posts"}],"about":[{"href":"https:\/\/lucentumconsumidores.org\/index.php?rest_route=\/wp\/v2\/types\/post"}],"author":[{"embeddable":true,"href":"https:\/\/lucentumconsumidores.org\/index.php?rest_route=\/wp\/v2\/users\/2"}],"replies":[{"embeddable":true,"href":"https:\/\/lucentumconsumidores.org\/index.php?rest_route=%2Fwp%2Fv2%2Fcomments&post=2842"}],"version-history":[{"count":10,"href":"https:\/\/lucentumconsumidores.org\/index.php?rest_route=\/wp\/v2\/posts\/2842\/revisions"}],"predecessor-version":[{"id":3897,"href":"https:\/\/lucentumconsumidores.org\/index.php?rest_route=\/wp\/v2\/posts\/2842\/revisions\/3897"}],"wp:featuredmedia":[{"embeddable":true,"href":"https:\/\/lucentumconsumidores.org\/index.php?rest_route=\/wp\/v2\/media\/2846"}],"wp:attachment":[{"href":"https:\/\/lucentumconsumidores.org\/index.php?rest_route=%2Fwp%2Fv2%2Fmedia&parent=2842"}],"wp:term":[{"taxonomy":"category","embeddable":true,"href":"https:\/\/lucentumconsumidores.org\/index.php?rest_route=%2Fwp%2Fv2%2Fcategories&post=2842"},{"taxonomy":"post_tag","embeddable":true,"href":"https:\/\/lucentumconsumidores.org\/index.php?rest_route=%2Fwp%2Fv2%2Ftags&post=2842"}],"curies":[{"name":"wp","href":"https:\/\/api.w.org\/{rel}","templated":true}]}}