{"id":2863,"date":"2024-03-15T13:11:25","date_gmt":"2024-03-15T11:11:25","guid":{"rendered":"https:\/\/lucentumconsumidores.org\/?p=2863"},"modified":"2024-11-15T10:55:39","modified_gmt":"2024-11-15T08:55:39","slug":"el-dia-del-consumidor","status":"publish","type":"post","link":"https:\/\/lucentumconsumidores.org\/?p=2863","title":{"rendered":"D\u00cdA DEL CONSUMIDOR"},"content":{"rendered":"\n<figure class=\"wp-block-gallery has-nested-images columns-default is-cropped wp-block-gallery-1 is-layout-flex wp-block-gallery-is-layout-flex\">\n<figure class=\"wp-block-image size-large\"><img loading=\"lazy\" decoding=\"async\" width=\"721\" height=\"429\" data-id=\"2865\" src=\"https:\/\/lucentumconsumidores.org\/wp-content\/uploads\/2024\/03\/IMG-20240314-WA0030-2.jpg\" alt=\"\" class=\"wp-image-2865\" srcset=\"https:\/\/lucentumconsumidores.org\/wp-content\/uploads\/2024\/03\/IMG-20240314-WA0030-2.jpg 721w, https:\/\/lucentumconsumidores.org\/wp-content\/uploads\/2024\/03\/IMG-20240314-WA0030-2-300x179.jpg 300w\" sizes=\"auto, (max-width: 721px) 100vw, 721px\" \/><\/figure>\n\n\n\n<figure class=\"wp-block-image size-large\"><img loading=\"lazy\" decoding=\"async\" width=\"1024\" height=\"768\" data-id=\"2864\" src=\"https:\/\/lucentumconsumidores.org\/wp-content\/uploads\/2024\/03\/IMG-20240314-WA0004-1024x768.jpg\" alt=\"\" class=\"wp-image-2864\" srcset=\"https:\/\/lucentumconsumidores.org\/wp-content\/uploads\/2024\/03\/IMG-20240314-WA0004-1024x768.jpg 1024w, https:\/\/lucentumconsumidores.org\/wp-content\/uploads\/2024\/03\/IMG-20240314-WA0004-300x225.jpg 300w, https:\/\/lucentumconsumidores.org\/wp-content\/uploads\/2024\/03\/IMG-20240314-WA0004-768x576.jpg 768w, https:\/\/lucentumconsumidores.org\/wp-content\/uploads\/2024\/03\/IMG-20240314-WA0004-1536x1152.jpg 1536w, https:\/\/lucentumconsumidores.org\/wp-content\/uploads\/2024\/03\/IMG-20240314-WA0004-640x480.jpg 640w, https:\/\/lucentumconsumidores.org\/wp-content\/uploads\/2024\/03\/IMG-20240314-WA0004.jpg 2048w\" sizes=\"auto, (max-width: 1024px) 100vw, 1024px\" \/><\/figure>\n<\/figure>\n\n\n\n<p>Ayer celebramos el d\u00eda del Consumidor en el Mercado municipal de Alicante, evento organizado por la Conseller\u00eda de Innovaci\u00f3n, Industria, Comercio y Turismo y la Concejal\u00eda de Consumo del Ayuntamiento de Alicante. Donde nos reunimos varias Asociaciones de Consumidores en distintos stands, repartiendo obsequios e informaci\u00f3n sobre los \u00abDerechos del Consumidor\u00bb.<\/p>\n\n\n\n<p>&#8230;&#8230;&#8230;&#8230;&#8230;&#8230;&#8230;.<\/p>\n\n\n\n<p>Ahir vam celebrar el dia del Consumidor en el Mercat municipal d&#8217;Alacant, esdeveniment organitzat per la Conselleria d&#8217;Innovaci\u00f3, Ind\u00fastria, Comer\u00e7 i Turisme i la Regidoria de Consum de l&#8217;Ajuntament d&#8217;Alacant. On ens reunim diverses Associacions de Consumidors en diferents estands, repartint obsequis i informaci\u00f3 sobre els \u00abDrets del Consumidor\u00bb.<\/p>\n\n\n\n<figure class=\"wp-block-gallery has-nested-images columns-default is-cropped wp-block-gallery-2 is-layout-flex wp-block-gallery-is-layout-flex\">\n<figure class=\"wp-block-image size-large\"><img loading=\"lazy\" decoding=\"async\" width=\"1024\" height=\"461\" data-id=\"2866\" src=\"https:\/\/lucentumconsumidores.org\/wp-content\/uploads\/2024\/03\/IMG-20240314-WA0027-1024x461.jpg\" alt=\"\" class=\"wp-image-2866\" srcset=\"https:\/\/lucentumconsumidores.org\/wp-content\/uploads\/2024\/03\/IMG-20240314-WA0027-1024x461.jpg 1024w, https:\/\/lucentumconsumidores.org\/wp-content\/uploads\/2024\/03\/IMG-20240314-WA0027-300x135.jpg 300w, https:\/\/lucentumconsumidores.org\/wp-content\/uploads\/2024\/03\/IMG-20240314-WA0027-768x346.jpg 768w, https:\/\/lucentumconsumidores.org\/wp-content\/uploads\/2024\/03\/IMG-20240314-WA0027-1536x692.jpg 1536w, https:\/\/lucentumconsumidores.org\/wp-content\/uploads\/2024\/03\/IMG-20240314-WA0027.jpg 1600w\" sizes=\"auto, (max-width: 1024px) 100vw, 1024px\" \/><\/figure>\n<\/figure>\n\n\n\n<p>La Directora General de Consumo de GVA, Mar\u00eda Isabel S\u00e1ez Mart\u00ednez, junto a Lidia L\u00f3pez, Concejala de Consumo del Aymto. de Alicante,  visitaron  los stands de informaci\u00f3n, montados en el Mercado municipal de Alicante por el \u00abD\u00eda Mundial del Consumidor\u00bb.<\/p>\n\n\n\n<p>&#8230;&#8230;&#8230;&#8230;&#8230;&#8230;<\/p>\n\n\n\n<p>La Directora General de Consum de GVA, Mar\u00eda Isabel S\u00e1ez Mart\u00ednez, al costat de Lidia L\u00f3pez, Regidora de Consum del Aymto. d&#8217;Alacant, van visitar els estands d&#8217;informaci\u00f3, muntats en el Mercat municipal d&#8217;Alacant pel \u00abDia Mundial del Consumidor\u00bb.<\/p>\n\n\n\n<figure class=\"wp-block-gallery has-nested-images columns-default is-cropped wp-block-gallery-3 is-layout-flex wp-block-gallery-is-layout-flex\">\n<figure class=\"wp-block-image size-large\"><img loading=\"lazy\" decoding=\"async\" width=\"1024\" height=\"461\" data-id=\"2868\" src=\"https:\/\/lucentumconsumidores.org\/wp-content\/uploads\/2024\/03\/IMG-20240314-WA0010-1024x461.jpg\" alt=\"\" class=\"wp-image-2868\" srcset=\"https:\/\/lucentumconsumidores.org\/wp-content\/uploads\/2024\/03\/IMG-20240314-WA0010-1024x461.jpg 1024w, https:\/\/lucentumconsumidores.org\/wp-content\/uploads\/2024\/03\/IMG-20240314-WA0010-300x135.jpg 300w, https:\/\/lucentumconsumidores.org\/wp-content\/uploads\/2024\/03\/IMG-20240314-WA0010-768x346.jpg 768w, https:\/\/lucentumconsumidores.org\/wp-content\/uploads\/2024\/03\/IMG-20240314-WA0010-1536x692.jpg 1536w, https:\/\/lucentumconsumidores.org\/wp-content\/uploads\/2024\/03\/IMG-20240314-WA0010.jpg 1600w\" sizes=\"auto, (max-width: 1024px) 100vw, 1024px\" \/><\/figure>\n\n\n\n<figure class=\"wp-block-image size-large\"><img loading=\"lazy\" decoding=\"async\" width=\"1024\" height=\"461\" data-id=\"2869\" src=\"https:\/\/lucentumconsumidores.org\/wp-content\/uploads\/2024\/03\/IMG-20240314-WA0015-1024x461.jpg\" alt=\"\" class=\"wp-image-2869\" srcset=\"https:\/\/lucentumconsumidores.org\/wp-content\/uploads\/2024\/03\/IMG-20240314-WA0015-1024x461.jpg 1024w, https:\/\/lucentumconsumidores.org\/wp-content\/uploads\/2024\/03\/IMG-20240314-WA0015-300x135.jpg 300w, https:\/\/lucentumconsumidores.org\/wp-content\/uploads\/2024\/03\/IMG-20240314-WA0015-768x346.jpg 768w, https:\/\/lucentumconsumidores.org\/wp-content\/uploads\/2024\/03\/IMG-20240314-WA0015-1536x692.jpg 1536w, https:\/\/lucentumconsumidores.org\/wp-content\/uploads\/2024\/03\/IMG-20240314-WA0015.jpg 1600w\" sizes=\"auto, (max-width: 1024px) 100vw, 1024px\" \/><\/figure>\n<\/figure>\n\n\n\n<p><\/p>\n","protected":false},"excerpt":{"rendered":"<p>Ayer celebramos el d\u00eda del Consumidor en el Mercado municipal de Alicante, evento organizado por la Conseller\u00eda de Innovaci\u00f3n, Industria, Comercio y Turismo y la Concejal\u00eda de Consumo del Ayuntamiento de Alicante. Donde nos reunimos varias Asociaciones de Consumidores en distintos stands, repartiendo obsequios e informaci\u00f3n sobre los \u00abDerechos del Consumidor\u00bb. &#8230;&#8230;&#8230;&#8230;&#8230;&#8230;&#8230;. Ahir vam celebrar&#8230;<\/p>\n","protected":false},"author":2,"featured_media":2878,"comment_status":"open","ping_status":"open","sticky":false,"template":"","format":"standard","meta":{"footnotes":""},"categories":[3,9,20,5,13,14],"tags":[],"class_list":["post-2863","post","type-post","status-publish","format-standard","has-post-thumbnail","hentry","category-agenda","category-consumo","category-destacadas","category-eventos","category-general","category-jornadas"],"jetpack_featured_media_url":"https:\/\/lucentumconsumidores.org\/wp-content\/uploads\/2024\/03\/IMG-20240314-WA0009-x.jpg","_links":{"self":[{"href":"https:\/\/lucentumconsumidores.org\/index.php?rest_route=\/wp\/v2\/posts\/2863","targetHints":{"allow":["GET"]}}],"collection":[{"href":"https:\/\/lucentumconsumidores.org\/index.php?rest_route=\/wp\/v2\/posts"}],"about":[{"href":"https:\/\/lucentumconsumidores.org\/index.php?rest_route=\/wp\/v2\/types\/post"}],"author":[{"embeddable":true,"href":"https:\/\/lucentumconsumidores.org\/index.php?rest_route=\/wp\/v2\/users\/2"}],"replies":[{"embeddable":true,"href":"https:\/\/lucentumconsumidores.org\/index.php?rest_route=%2Fwp%2Fv2%2Fcomments&post=2863"}],"version-history":[{"count":5,"href":"https:\/\/lucentumconsumidores.org\/index.php?rest_route=\/wp\/v2\/posts\/2863\/revisions"}],"predecessor-version":[{"id":3898,"href":"https:\/\/lucentumconsumidores.org\/index.php?rest_route=\/wp\/v2\/posts\/2863\/revisions\/3898"}],"wp:featuredmedia":[{"embeddable":true,"href":"https:\/\/lucentumconsumidores.org\/index.php?rest_route=\/wp\/v2\/media\/2878"}],"wp:attachment":[{"href":"https:\/\/lucentumconsumidores.org\/index.php?rest_route=%2Fwp%2Fv2%2Fmedia&parent=2863"}],"wp:term":[{"taxonomy":"category","embeddable":true,"href":"https:\/\/lucentumconsumidores.org\/index.php?rest_route=%2Fwp%2Fv2%2Fcategories&post=2863"},{"taxonomy":"post_tag","embeddable":true,"href":"https:\/\/lucentumconsumidores.org\/index.php?rest_route=%2Fwp%2Fv2%2Ftags&post=2863"}],"curies":[{"name":"wp","href":"https:\/\/api.w.org\/{rel}","templated":true}]}}