{"id":2960,"date":"2024-05-24T12:36:40","date_gmt":"2024-05-24T10:36:40","guid":{"rendered":"https:\/\/lucentumconsumidores.org\/?p=2960"},"modified":"2024-09-27T12:24:47","modified_gmt":"2024-09-27T10:24:47","slug":"encuentro-en-castalla","status":"publish","type":"post","link":"https:\/\/lucentumconsumidores.org\/?p=2960","title":{"rendered":"ENCUENTRO EN CASTALLA.                          TROBADA A CASTALLA"},"content":{"rendered":"\n<figure class=\"wp-block-image size-large is-resized\"><img loading=\"lazy\" decoding=\"async\" width=\"1024\" height=\"576\" src=\"https:\/\/lucentumconsumidores.org\/wp-content\/uploads\/2024\/05\/IMG-20240523-WA0015-1024x576.jpg\" alt=\"\" class=\"wp-image-2961\" style=\"width:905px;height:509px\" srcset=\"https:\/\/lucentumconsumidores.org\/wp-content\/uploads\/2024\/05\/IMG-20240523-WA0015-1024x576.jpg 1024w, https:\/\/lucentumconsumidores.org\/wp-content\/uploads\/2024\/05\/IMG-20240523-WA0015-300x169.jpg 300w, https:\/\/lucentumconsumidores.org\/wp-content\/uploads\/2024\/05\/IMG-20240523-WA0015-768x432.jpg 768w, https:\/\/lucentumconsumidores.org\/wp-content\/uploads\/2024\/05\/IMG-20240523-WA0015-1536x864.jpg 1536w, https:\/\/lucentumconsumidores.org\/wp-content\/uploads\/2024\/05\/IMG-20240523-WA0015-2048x1152.jpg 2048w\" sizes=\"auto, (max-width: 1024px) 100vw, 1024px\" \/><\/figure>\n\n\n\n<p>En el d\u00eda de ayer,  Federaci\u00f3n Lucentum,  y   numerosas asociaciones de Amas de Casa y Consumidores, entre las que se encontraban Monforte, San Juan, Onil, Albatera, Alfafara, Biar, Banyeres de Mariola, Sax, Dolores, Ca\u00f1ada, Alcoy, La Romana, Campo de Mirra, Mon\u00f3var&#8230; ,  nos reunimos acompa\u00f1ando a  la Asociaci\u00f3n de Castalla en su  50  ANIVERSARIO.  <\/p>\n\n\n\n<p>Nuestras queridas compa\u00f1eras,  nos ense\u00f1aron  el precioso Municipio de Castalla,  visitando su Castillo, el  bonito Museo de la mu\u00f1eca \u00abEl Rat\u00f3n P\u00e9rez) y  la Iglesia de la Asunci\u00f3n, con su Patrona \u00abLa Virgen de la Soledad\u00bb. <\/p>\n\n\n\n<p>&#8230;&#8230;&#8230;&#8230;&#8230;&#8230;..<\/p>\n\n\n\n<p>En el dia d&#8217;ahir, Federaci\u00f3 *Lucentum, i nombroses associacions de Mestresses de casa i Consumidors, entre les quals es trobaven Monforte, Sant Joan, Onil, Albatera, Alfafara, Biar, Banyeres de Mariola, Sax, Dolores, Ca\u00f1ada, Alcoi, La Romana, el Camp de Mirra, Mon\u00f2ver\u2026 , ens reunim acompanyant a l&#8217;Associaci\u00f3 de Castalla en el seu 50 ANIVERSARI.<\/p>\n\n\n\n<p>Les nostres benvolgudes companyes, ens van ensenyar el preci\u00f3s Municipi de Castalla, visitant el seu Castell, el bonic Museu de la nina \u00abEl Ratol\u00ed P\u00e9rez) i l&#8217;Esgl\u00e9sia de l&#8217;Asunci\u00f3n, amb la seua Patrona \u00abLa Verge de la Soledat\u00bb.<\/p>\n\n\n\n<figure class=\"wp-block-gallery has-nested-images columns-default is-cropped wp-block-gallery-1 is-layout-flex wp-block-gallery-is-layout-flex\">\n<figure class=\"wp-block-image size-large\"><img loading=\"lazy\" decoding=\"async\" width=\"1024\" height=\"768\" data-id=\"2962\" src=\"https:\/\/lucentumconsumidores.org\/wp-content\/uploads\/2024\/05\/IMG-20240523-WA0101-1024x768.jpg\" alt=\"\" class=\"wp-image-2962\" srcset=\"https:\/\/lucentumconsumidores.org\/wp-content\/uploads\/2024\/05\/IMG-20240523-WA0101-1024x768.jpg 1024w, https:\/\/lucentumconsumidores.org\/wp-content\/uploads\/2024\/05\/IMG-20240523-WA0101-300x225.jpg 300w, https:\/\/lucentumconsumidores.org\/wp-content\/uploads\/2024\/05\/IMG-20240523-WA0101-768x576.jpg 768w, https:\/\/lucentumconsumidores.org\/wp-content\/uploads\/2024\/05\/IMG-20240523-WA0101-1536x1152.jpg 1536w, https:\/\/lucentumconsumidores.org\/wp-content\/uploads\/2024\/05\/IMG-20240523-WA0101-640x480.jpg 640w, https:\/\/lucentumconsumidores.org\/wp-content\/uploads\/2024\/05\/IMG-20240523-WA0101.jpg 1600w\" sizes=\"auto, (max-width: 1024px) 100vw, 1024px\" \/><\/figure>\n\n\n\n<figure class=\"wp-block-image size-large\"><img loading=\"lazy\" decoding=\"async\" width=\"1024\" height=\"768\" data-id=\"2963\" src=\"https:\/\/lucentumconsumidores.org\/wp-content\/uploads\/2024\/05\/IMG-20240523-WA0100-1024x768.jpg\" alt=\"\" class=\"wp-image-2963\" srcset=\"https:\/\/lucentumconsumidores.org\/wp-content\/uploads\/2024\/05\/IMG-20240523-WA0100-1024x768.jpg 1024w, https:\/\/lucentumconsumidores.org\/wp-content\/uploads\/2024\/05\/IMG-20240523-WA0100-300x225.jpg 300w, https:\/\/lucentumconsumidores.org\/wp-content\/uploads\/2024\/05\/IMG-20240523-WA0100-768x576.jpg 768w, https:\/\/lucentumconsumidores.org\/wp-content\/uploads\/2024\/05\/IMG-20240523-WA0100-1536x1152.jpg 1536w, https:\/\/lucentumconsumidores.org\/wp-content\/uploads\/2024\/05\/IMG-20240523-WA0100-640x480.jpg 640w, https:\/\/lucentumconsumidores.org\/wp-content\/uploads\/2024\/05\/IMG-20240523-WA0100.jpg 1600w\" sizes=\"auto, (max-width: 1024px) 100vw, 1024px\" \/><\/figure>\n<\/figure>\n\n\n\n<figure class=\"wp-block-gallery has-nested-images columns-default is-cropped wp-block-gallery-2 is-layout-flex wp-block-gallery-is-layout-flex\">\n<figure class=\"wp-block-image size-large\"><img loading=\"lazy\" decoding=\"async\" width=\"1024\" height=\"768\" data-id=\"2965\" src=\"https:\/\/lucentumconsumidores.org\/wp-content\/uploads\/2024\/05\/IMG-20240523-WA0097-1-1024x768.jpg\" alt=\"\" class=\"wp-image-2965\" srcset=\"https:\/\/lucentumconsumidores.org\/wp-content\/uploads\/2024\/05\/IMG-20240523-WA0097-1-1024x768.jpg 1024w, https:\/\/lucentumconsumidores.org\/wp-content\/uploads\/2024\/05\/IMG-20240523-WA0097-1-300x225.jpg 300w, https:\/\/lucentumconsumidores.org\/wp-content\/uploads\/2024\/05\/IMG-20240523-WA0097-1-768x576.jpg 768w, https:\/\/lucentumconsumidores.org\/wp-content\/uploads\/2024\/05\/IMG-20240523-WA0097-1-1536x1152.jpg 1536w, https:\/\/lucentumconsumidores.org\/wp-content\/uploads\/2024\/05\/IMG-20240523-WA0097-1-640x480.jpg 640w, https:\/\/lucentumconsumidores.org\/wp-content\/uploads\/2024\/05\/IMG-20240523-WA0097-1.jpg 1600w\" sizes=\"auto, (max-width: 1024px) 100vw, 1024px\" \/><\/figure>\n<\/figure>\n\n\n\n<figure class=\"wp-block-gallery has-nested-images columns-default is-cropped wp-block-gallery-3 is-layout-flex wp-block-gallery-is-layout-flex\">\n<figure class=\"wp-block-image size-large\"><img loading=\"lazy\" decoding=\"async\" width=\"1024\" height=\"771\" data-id=\"2968\" src=\"https:\/\/lucentumconsumidores.org\/wp-content\/uploads\/2024\/05\/IMG20240523113030-1024x771.jpg\" alt=\"\" class=\"wp-image-2968\" srcset=\"https:\/\/lucentumconsumidores.org\/wp-content\/uploads\/2024\/05\/IMG20240523113030-1024x771.jpg 1024w, https:\/\/lucentumconsumidores.org\/wp-content\/uploads\/2024\/05\/IMG20240523113030-300x226.jpg 300w, https:\/\/lucentumconsumidores.org\/wp-content\/uploads\/2024\/05\/IMG20240523113030-768x578.jpg 768w, https:\/\/lucentumconsumidores.org\/wp-content\/uploads\/2024\/05\/IMG20240523113030-1536x1157.jpg 1536w, https:\/\/lucentumconsumidores.org\/wp-content\/uploads\/2024\/05\/IMG20240523113030-2048x1542.jpg 2048w\" sizes=\"auto, (max-width: 1024px) 100vw, 1024px\" \/><\/figure>\n\n\n\n<figure class=\"wp-block-image size-large\"><img loading=\"lazy\" decoding=\"async\" width=\"1024\" height=\"771\" data-id=\"2971\" src=\"https:\/\/lucentumconsumidores.org\/wp-content\/uploads\/2024\/05\/IMG20240523113448-1-1024x771.jpg\" alt=\"\" class=\"wp-image-2971\" srcset=\"https:\/\/lucentumconsumidores.org\/wp-content\/uploads\/2024\/05\/IMG20240523113448-1-1024x771.jpg 1024w, https:\/\/lucentumconsumidores.org\/wp-content\/uploads\/2024\/05\/IMG20240523113448-1-300x226.jpg 300w, https:\/\/lucentumconsumidores.org\/wp-content\/uploads\/2024\/05\/IMG20240523113448-1-768x578.jpg 768w, https:\/\/lucentumconsumidores.org\/wp-content\/uploads\/2024\/05\/IMG20240523113448-1-1536x1157.jpg 1536w, https:\/\/lucentumconsumidores.org\/wp-content\/uploads\/2024\/05\/IMG20240523113448-1-2048x1542.jpg 2048w\" sizes=\"auto, (max-width: 1024px) 100vw, 1024px\" \/><\/figure>\n<\/figure>\n\n\n\n<figure class=\"wp-block-gallery has-nested-images columns-default is-cropped wp-block-gallery-4 is-layout-flex wp-block-gallery-is-layout-flex\">\n<figure class=\"wp-block-image size-large\"><img loading=\"lazy\" decoding=\"async\" width=\"1024\" height=\"771\" data-id=\"2974\" src=\"https:\/\/lucentumconsumidores.org\/wp-content\/uploads\/2024\/05\/IMG20240523131042-1024x771.jpg\" alt=\"\" class=\"wp-image-2974\" srcset=\"https:\/\/lucentumconsumidores.org\/wp-content\/uploads\/2024\/05\/IMG20240523131042-1024x771.jpg 1024w, https:\/\/lucentumconsumidores.org\/wp-content\/uploads\/2024\/05\/IMG20240523131042-300x226.jpg 300w, https:\/\/lucentumconsumidores.org\/wp-content\/uploads\/2024\/05\/IMG20240523131042-768x578.jpg 768w, https:\/\/lucentumconsumidores.org\/wp-content\/uploads\/2024\/05\/IMG20240523131042-1536x1157.jpg 1536w, https:\/\/lucentumconsumidores.org\/wp-content\/uploads\/2024\/05\/IMG20240523131042-2048x1542.jpg 2048w\" sizes=\"auto, (max-width: 1024px) 100vw, 1024px\" \/><\/figure>\n\n\n\n<figure class=\"wp-block-image size-large\"><img loading=\"lazy\" decoding=\"async\" width=\"1024\" height=\"771\" data-id=\"2975\" src=\"https:\/\/lucentumconsumidores.org\/wp-content\/uploads\/2024\/05\/IMG20240523131818-1024x771.jpg\" alt=\"\" class=\"wp-image-2975\" srcset=\"https:\/\/lucentumconsumidores.org\/wp-content\/uploads\/2024\/05\/IMG20240523131818-1024x771.jpg 1024w, https:\/\/lucentumconsumidores.org\/wp-content\/uploads\/2024\/05\/IMG20240523131818-300x226.jpg 300w, https:\/\/lucentumconsumidores.org\/wp-content\/uploads\/2024\/05\/IMG20240523131818-768x578.jpg 768w, https:\/\/lucentumconsumidores.org\/wp-content\/uploads\/2024\/05\/IMG20240523131818-1536x1157.jpg 1536w, https:\/\/lucentumconsumidores.org\/wp-content\/uploads\/2024\/05\/IMG20240523131818-2048x1542.jpg 2048w\" sizes=\"auto, (max-width: 1024px) 100vw, 1024px\" \/><\/figure>\n<\/figure>\n","protected":false},"excerpt":{"rendered":"<p>En el d\u00eda de ayer, Federaci\u00f3n Lucentum, y numerosas asociaciones de Amas de Casa y Consumidores, entre las que se encontraban Monforte, San Juan, Onil, Albatera, Alfafara, Biar, Banyeres de Mariola, Sax, Dolores, Ca\u00f1ada, Alcoy, La Romana, Campo de Mirra, Mon\u00f3var&#8230; , nos reunimos acompa\u00f1ando a la Asociaci\u00f3n de Castalla en su 50 ANIVERSARIO. Nuestras&#8230;<\/p>\n","protected":false},"author":2,"featured_media":2961,"comment_status":"open","ping_status":"open","sticky":false,"template":"","format":"standard","meta":{"footnotes":""},"categories":[5,13],"tags":[],"class_list":["post-2960","post","type-post","status-publish","format-standard","has-post-thumbnail","hentry","category-eventos","category-general"],"jetpack_featured_media_url":"https:\/\/lucentumconsumidores.org\/wp-content\/uploads\/2024\/05\/IMG-20240523-WA0015-scaled.jpg","_links":{"self":[{"href":"https:\/\/lucentumconsumidores.org\/index.php?rest_route=\/wp\/v2\/posts\/2960","targetHints":{"allow":["GET"]}}],"collection":[{"href":"https:\/\/lucentumconsumidores.org\/index.php?rest_route=\/wp\/v2\/posts"}],"about":[{"href":"https:\/\/lucentumconsumidores.org\/index.php?rest_route=\/wp\/v2\/types\/post"}],"author":[{"embeddable":true,"href":"https:\/\/lucentumconsumidores.org\/index.php?rest_route=\/wp\/v2\/users\/2"}],"replies":[{"embeddable":true,"href":"https:\/\/lucentumconsumidores.org\/index.php?rest_route=%2Fwp%2Fv2%2Fcomments&post=2960"}],"version-history":[{"count":4,"href":"https:\/\/lucentumconsumidores.org\/index.php?rest_route=\/wp\/v2\/posts\/2960\/revisions"}],"predecessor-version":[{"id":3379,"href":"https:\/\/lucentumconsumidores.org\/index.php?rest_route=\/wp\/v2\/posts\/2960\/revisions\/3379"}],"wp:featuredmedia":[{"embeddable":true,"href":"https:\/\/lucentumconsumidores.org\/index.php?rest_route=\/wp\/v2\/media\/2961"}],"wp:attachment":[{"href":"https:\/\/lucentumconsumidores.org\/index.php?rest_route=%2Fwp%2Fv2%2Fmedia&parent=2960"}],"wp:term":[{"taxonomy":"category","embeddable":true,"href":"https:\/\/lucentumconsumidores.org\/index.php?rest_route=%2Fwp%2Fv2%2Fcategories&post=2960"},{"taxonomy":"post_tag","embeddable":true,"href":"https:\/\/lucentumconsumidores.org\/index.php?rest_route=%2Fwp%2Fv2%2Ftags&post=2960"}],"curies":[{"name":"wp","href":"https:\/\/api.w.org\/{rel}","templated":true}]}}