{"id":3449,"date":"2024-09-30T13:42:12","date_gmt":"2024-09-30T11:42:12","guid":{"rendered":"https:\/\/lucentumconsumidores.org\/?p=3449"},"modified":"2024-11-15T12:54:53","modified_gmt":"2024-11-15T10:54:53","slug":"feria-gastronomica-2024-alma-mediterranea","status":"publish","type":"post","link":"https:\/\/lucentumconsumidores.org\/?p=3449","title":{"rendered":"FERIA GASTRON\u00d3MICA 2024                                 \u00abAlma Mediterr\u00e1nea\u00bb                                                       FIRA GASTRON\u00d2MICA 2024                                  \u00ab\u00c0nima Mediterr\u00e0nia\u00bb"},"content":{"rendered":"\n<figure class=\"wp-block-image size-large\"><img loading=\"lazy\" decoding=\"async\" width=\"1024\" height=\"768\" src=\"https:\/\/lucentumconsumidores.org\/wp-content\/uploads\/2024\/09\/IMG-20240927-WA0003-PINOSO-1024x768.jpg\" alt=\"\" class=\"wp-image-3452\" srcset=\"https:\/\/lucentumconsumidores.org\/wp-content\/uploads\/2024\/09\/IMG-20240927-WA0003-PINOSO-1024x768.jpg 1024w, https:\/\/lucentumconsumidores.org\/wp-content\/uploads\/2024\/09\/IMG-20240927-WA0003-PINOSO-300x225.jpg 300w, https:\/\/lucentumconsumidores.org\/wp-content\/uploads\/2024\/09\/IMG-20240927-WA0003-PINOSO-768x576.jpg 768w, https:\/\/lucentumconsumidores.org\/wp-content\/uploads\/2024\/09\/IMG-20240927-WA0003-PINOSO-1536x1152.jpg 1536w, https:\/\/lucentumconsumidores.org\/wp-content\/uploads\/2024\/09\/IMG-20240927-WA0003-PINOSO.jpg 1600w\" sizes=\"auto, (max-width: 1024px) 100vw, 1024px\" \/><figcaption class=\"wp-element-caption\">Asociaci\u00f3n de Amas de Casa de Pinoso \/ Associaci\u00f3 de Mestresses de casa del Pin\u00f3s<\/figcaption><\/figure>\n\n\n\n<p>Este fin de semana se ha celebrado en IFA,  la sexta edici\u00f3n de \u00abALICANTE GASTRON\u00d3MICA\u00bb.   Inaugurada por el presidente de la Generalitat Valenciana, Carlos Maz\u00f3n,  se ha consolidado como una referencia tanto a nivel nacional como internacional de la gastronom\u00eda.  Donde  se han dado cita  numerosos chefs, y empresas hosteleras,  a trav\u00e9s de unos 250 estands.   <\/p>\n\n\n\n<p>Y en esta feria tambi\u00e9n han contribuido con su  participaci\u00f3n,  algunas de nuestras Asociaciones como:  Asociaci\u00f3n de Amas de Casa de Albatera, Pinoso, Catral&#8230;&#8230;.      \u00a1Sois Muy Grandes!<\/p>\n\n\n\n<p>&#8230;&#8230;&#8230;&#8230;&#8230;&#8230;&#8230;&#8230;..<\/p>\n\n\n\n<p>Este cap de setmana s&#8217;ha celebrat en IFA, la sexta edici\u00f3 de \u00abALACANT GASTRON\u00d2MICA\u00bb. Inaugurada pel president de la Generalitat Valenciana, Carlos Maz\u00f3n, s&#8217;ha consolidat com una refer\u00e8ncia tant a nivell nacional com internacional de la gastronomia. On s&#8217;han donat cita nombrosos xefs, i empreses hostaleres, a trav\u00e9s d&#8217;uns 250 estands.<\/p>\n\n\n\n<p>I en esta fira tamb\u00e9 han contribu\u00eft amb la seua participaci\u00f3, algunes de les nostres Associacions com: Associaci\u00f3 de Mestresses de casa d&#8217;Albatera, el Pin\u00f3s, Catral\u2026\u2026. Sou Molt Grans!<\/p>\n\n\n<div class=\"wp-block-image\">\n<figure class=\"aligncenter size-large is-resized\"><img loading=\"lazy\" decoding=\"async\" width=\"768\" height=\"1024\" src=\"https:\/\/lucentumconsumidores.org\/wp-content\/uploads\/2024\/09\/IMG-20240930-WA0008-Catral-768x1024.jpg\" alt=\"\" class=\"wp-image-3453\" style=\"width:502px;height:auto\" srcset=\"https:\/\/lucentumconsumidores.org\/wp-content\/uploads\/2024\/09\/IMG-20240930-WA0008-Catral-768x1024.jpg 768w, https:\/\/lucentumconsumidores.org\/wp-content\/uploads\/2024\/09\/IMG-20240930-WA0008-Catral-225x300.jpg 225w, https:\/\/lucentumconsumidores.org\/wp-content\/uploads\/2024\/09\/IMG-20240930-WA0008-Catral-1152x1536.jpg 1152w, https:\/\/lucentumconsumidores.org\/wp-content\/uploads\/2024\/09\/IMG-20240930-WA0008-Catral.jpg 1536w\" sizes=\"auto, (max-width: 768px) 100vw, 768px\" \/><\/figure>\n<\/div>\n\n\n<figure class=\"wp-block-gallery has-nested-images columns-default is-cropped wp-block-gallery-1 is-layout-flex wp-block-gallery-is-layout-flex\">\n<figure class=\"wp-block-image size-large\"><img loading=\"lazy\" decoding=\"async\" width=\"1024\" height=\"768\" data-id=\"3466\" src=\"https:\/\/lucentumconsumidores.org\/wp-content\/uploads\/2024\/09\/IMG-20240930-WA0009-Catral-1-1024x768.jpg\" alt=\"\" class=\"wp-image-3466\" srcset=\"https:\/\/lucentumconsumidores.org\/wp-content\/uploads\/2024\/09\/IMG-20240930-WA0009-Catral-1-1024x768.jpg 1024w, https:\/\/lucentumconsumidores.org\/wp-content\/uploads\/2024\/09\/IMG-20240930-WA0009-Catral-1-300x225.jpg 300w, https:\/\/lucentumconsumidores.org\/wp-content\/uploads\/2024\/09\/IMG-20240930-WA0009-Catral-1-768x576.jpg 768w, https:\/\/lucentumconsumidores.org\/wp-content\/uploads\/2024\/09\/IMG-20240930-WA0009-Catral-1-1536x1152.jpg 1536w, https:\/\/lucentumconsumidores.org\/wp-content\/uploads\/2024\/09\/IMG-20240930-WA0009-Catral-1.jpg 2048w\" sizes=\"auto, (max-width: 1024px) 100vw, 1024px\" \/><\/figure>\n<figcaption class=\"blocks-gallery-caption wp-element-caption\">Asociaci\u00f3n de Amas de Casa de Catral  \/   Associaci\u00f3 de Mestresses de casa de Catral         <\/figcaption><\/figure>\n\n\n\n<figure class=\"wp-block-gallery has-nested-images columns-default is-cropped wp-block-gallery-2 is-layout-flex wp-block-gallery-is-layout-flex\">\n<figure class=\"wp-block-image size-full\"><img loading=\"lazy\" decoding=\"async\" width=\"1600\" height=\"1200\" data-id=\"3464\" src=\"https:\/\/lucentumconsumidores.org\/wp-content\/uploads\/2024\/09\/IMG-20240930-WA0015-Albatera-6.jpg\" alt=\"\" class=\"wp-image-3464\" srcset=\"https:\/\/lucentumconsumidores.org\/wp-content\/uploads\/2024\/09\/IMG-20240930-WA0015-Albatera-6.jpg 1600w, https:\/\/lucentumconsumidores.org\/wp-content\/uploads\/2024\/09\/IMG-20240930-WA0015-Albatera-6-300x225.jpg 300w, https:\/\/lucentumconsumidores.org\/wp-content\/uploads\/2024\/09\/IMG-20240930-WA0015-Albatera-6-1024x768.jpg 1024w, https:\/\/lucentumconsumidores.org\/wp-content\/uploads\/2024\/09\/IMG-20240930-WA0015-Albatera-6-768x576.jpg 768w, https:\/\/lucentumconsumidores.org\/wp-content\/uploads\/2024\/09\/IMG-20240930-WA0015-Albatera-6-1536x1152.jpg 1536w\" sizes=\"auto, (max-width: 1600px) 100vw, 1600px\" \/><\/figure>\n\n\n\n<figure class=\"wp-block-image size-full\"><img loading=\"lazy\" decoding=\"async\" width=\"1600\" height=\"1200\" data-id=\"3463\" src=\"https:\/\/lucentumconsumidores.org\/wp-content\/uploads\/2024\/09\/IMG-20240930-WA0015-Albatera-2.jpg\" alt=\"\" class=\"wp-image-3463\" srcset=\"https:\/\/lucentumconsumidores.org\/wp-content\/uploads\/2024\/09\/IMG-20240930-WA0015-Albatera-2.jpg 1600w, https:\/\/lucentumconsumidores.org\/wp-content\/uploads\/2024\/09\/IMG-20240930-WA0015-Albatera-2-300x225.jpg 300w, https:\/\/lucentumconsumidores.org\/wp-content\/uploads\/2024\/09\/IMG-20240930-WA0015-Albatera-2-1024x768.jpg 1024w, https:\/\/lucentumconsumidores.org\/wp-content\/uploads\/2024\/09\/IMG-20240930-WA0015-Albatera-2-768x576.jpg 768w, https:\/\/lucentumconsumidores.org\/wp-content\/uploads\/2024\/09\/IMG-20240930-WA0015-Albatera-2-1536x1152.jpg 1536w\" sizes=\"auto, (max-width: 1600px) 100vw, 1600px\" \/><\/figure>\n<figcaption class=\"blocks-gallery-caption wp-element-caption\">Asociaci\u00f3n de Amas de Casa de Albatera \/ Associaci\u00f3 de Mestresses de casa d&#8217;Albatera<\/figcaption><\/figure>\n","protected":false},"excerpt":{"rendered":"<p>Este fin de semana se ha celebrado en IFA, la sexta edici\u00f3n de \u00abALICANTE GASTRON\u00d3MICA\u00bb. Inaugurada por el presidente de la Generalitat Valenciana, Carlos Maz\u00f3n, se ha consolidado como una referencia tanto a nivel nacional como internacional de la gastronom\u00eda. Donde se han dado cita numerosos chefs, y empresas hosteleras, a trav\u00e9s de unos 250&#8230;<\/p>\n","protected":false},"author":2,"featured_media":3452,"comment_status":"open","ping_status":"open","sticky":false,"template":"","format":"standard","meta":{"footnotes":""},"categories":[20,12,10],"tags":[],"class_list":["post-3449","post","type-post","status-publish","format-standard","has-post-thumbnail","hentry","category-destacadas","category-asociaciones","category-salud-y-alimentacion"],"jetpack_featured_media_url":"https:\/\/lucentumconsumidores.org\/wp-content\/uploads\/2024\/09\/IMG-20240927-WA0003-PINOSO.jpg","_links":{"self":[{"href":"https:\/\/lucentumconsumidores.org\/index.php?rest_route=\/wp\/v2\/posts\/3449","targetHints":{"allow":["GET"]}}],"collection":[{"href":"https:\/\/lucentumconsumidores.org\/index.php?rest_route=\/wp\/v2\/posts"}],"about":[{"href":"https:\/\/lucentumconsumidores.org\/index.php?rest_route=\/wp\/v2\/types\/post"}],"author":[{"embeddable":true,"href":"https:\/\/lucentumconsumidores.org\/index.php?rest_route=\/wp\/v2\/users\/2"}],"replies":[{"embeddable":true,"href":"https:\/\/lucentumconsumidores.org\/index.php?rest_route=%2Fwp%2Fv2%2Fcomments&post=3449"}],"version-history":[{"count":7,"href":"https:\/\/lucentumconsumidores.org\/index.php?rest_route=\/wp\/v2\/posts\/3449\/revisions"}],"predecessor-version":[{"id":3505,"href":"https:\/\/lucentumconsumidores.org\/index.php?rest_route=\/wp\/v2\/posts\/3449\/revisions\/3505"}],"wp:featuredmedia":[{"embeddable":true,"href":"https:\/\/lucentumconsumidores.org\/index.php?rest_route=\/wp\/v2\/media\/3452"}],"wp:attachment":[{"href":"https:\/\/lucentumconsumidores.org\/index.php?rest_route=%2Fwp%2Fv2%2Fmedia&parent=3449"}],"wp:term":[{"taxonomy":"category","embeddable":true,"href":"https:\/\/lucentumconsumidores.org\/index.php?rest_route=%2Fwp%2Fv2%2Fcategories&post=3449"},{"taxonomy":"post_tag","embeddable":true,"href":"https:\/\/lucentumconsumidores.org\/index.php?rest_route=%2Fwp%2Fv2%2Ftags&post=3449"}],"curies":[{"name":"wp","href":"https:\/\/api.w.org\/{rel}","templated":true}]}}