{"id":3623,"date":"2024-10-29T10:16:44","date_gmt":"2024-10-29T08:16:44","guid":{"rendered":"https:\/\/lucentumconsumidores.org\/?p=3623"},"modified":"2024-11-18T07:24:06","modified_gmt":"2024-11-18T05:24:06","slug":"conselleria-de-educacion-cultura-universidades-y-empleo-gva","status":"publish","type":"post","link":"https:\/\/lucentumconsumidores.org\/?p=3623","title":{"rendered":"CONSELLERIA DE EDUCACI\u00d3N, CULTURA, UNIVERSIDADES Y EMPLEO &#8211; GVA             CONSELLERIA D&#8217;EDUCACI\u00d3, CULTURA, UNIVERSITATS I OCUPACI\u00d3 &#8211; GVA"},"content":{"rendered":"\n<p>En RESOLUCI\u00d3N de 4 de octubre de 2024. de la Direcci\u00f3n General de Ordenaci\u00f3n Educativa y Pol\u00edtica Ling\u00fc\u00edstica, por la que se conceden las subvenciones para el fomento del valenciano para las instituciones, entidades y asociaciones sin finalidad de lucrativa en el \u00e1mbito social, para el a\u00f1o 2024 modalidad A,   se  ha concedido subvenci\u00f3n a FEDERACI\u00d3N PROVINCIAL DE AMAS DE CASA Y CONSUMIDORES LUCENTUM con Expte. n\u00ba EDASCI\/2024\/490  un importe de 1.599,83\u20ac<\/p>\n\n\n<div class=\"wp-block-image\">\n<figure class=\"aligncenter size-large is-resized\"><img loading=\"lazy\" decoding=\"async\" width=\"1024\" height=\"546\" src=\"https:\/\/lucentumconsumidores.org\/wp-content\/uploads\/2024\/10\/Conselleria-Educacio-Universitats-i-Ocupacio_CMYK_ROJO_VAL-1024x546.png\" alt=\"\" class=\"wp-image-3624\" style=\"width:409px;height:auto\" srcset=\"https:\/\/lucentumconsumidores.org\/wp-content\/uploads\/2024\/10\/Conselleria-Educacio-Universitats-i-Ocupacio_CMYK_ROJO_VAL-1024x546.png 1024w, https:\/\/lucentumconsumidores.org\/wp-content\/uploads\/2024\/10\/Conselleria-Educacio-Universitats-i-Ocupacio_CMYK_ROJO_VAL-300x160.png 300w, https:\/\/lucentumconsumidores.org\/wp-content\/uploads\/2024\/10\/Conselleria-Educacio-Universitats-i-Ocupacio_CMYK_ROJO_VAL-768x410.png 768w, https:\/\/lucentumconsumidores.org\/wp-content\/uploads\/2024\/10\/Conselleria-Educacio-Universitats-i-Ocupacio_CMYK_ROJO_VAL.png 1323w\" sizes=\"auto, (max-width: 1024px) 100vw, 1024px\" \/><\/figure>\n<\/div>\n\n\n<p class=\"has-cyan-bluish-gray-color has-text-color has-link-color wp-elements-438a69f0175ac5a23255ff72da8a79ba\">En RESOLUCI\u00d3 de 4 d&#8217;octubre de 2024. de la Direcci\u00f3 General d&#8217;Ordenaci\u00f3 Educativa i Pol\u00edtica Ling\u00fc\u00edstica, per la qual es concedixen les subvencions per al foment del valenci\u00e0 per a les institucions, entitats i associacions sense finalitat de lucrativa en l&#8217;\u00e0mbit social, per a l&#8217;any 2024 modalitat A, s&#8217;ha concedit subvenci\u00f3 a FEDERACI\u00d3 PROVINCIAL DE MESTRESSES DE CASA I CONSUMIDORS *LUCENTUM amb Exp. n\u00fam. EDASCI\/2024\/490 un import de 1.599,83\u20ac<\/p>\n","protected":false},"excerpt":{"rendered":"<p>En RESOLUCI\u00d3N de 4 de octubre de 2024. de la Direcci\u00f3n General de Ordenaci\u00f3n Educativa y Pol\u00edtica Ling\u00fc\u00edstica, por la que se conceden las subvenciones para el fomento del valenciano para las instituciones, entidades y asociaciones sin finalidad de lucrativa en el \u00e1mbito social, para el a\u00f1o 2024 modalidad A, se ha concedido subvenci\u00f3n a&#8230;<\/p>\n","protected":false},"author":2,"featured_media":3244,"comment_status":"open","ping_status":"open","sticky":false,"template":"","format":"standard","meta":{"footnotes":""},"categories":[3,15],"tags":[],"class_list":["post-3623","post","type-post","status-publish","format-standard","has-post-thumbnail","hentry","category-agenda","category-noticias"],"jetpack_featured_media_url":"","_links":{"self":[{"href":"https:\/\/lucentumconsumidores.org\/index.php?rest_route=\/wp\/v2\/posts\/3623","targetHints":{"allow":["GET"]}}],"collection":[{"href":"https:\/\/lucentumconsumidores.org\/index.php?rest_route=\/wp\/v2\/posts"}],"about":[{"href":"https:\/\/lucentumconsumidores.org\/index.php?rest_route=\/wp\/v2\/types\/post"}],"author":[{"embeddable":true,"href":"https:\/\/lucentumconsumidores.org\/index.php?rest_route=\/wp\/v2\/users\/2"}],"replies":[{"embeddable":true,"href":"https:\/\/lucentumconsumidores.org\/index.php?rest_route=%2Fwp%2Fv2%2Fcomments&post=3623"}],"version-history":[{"count":2,"href":"https:\/\/lucentumconsumidores.org\/index.php?rest_route=\/wp\/v2\/posts\/3623\/revisions"}],"predecessor-version":[{"id":3925,"href":"https:\/\/lucentumconsumidores.org\/index.php?rest_route=\/wp\/v2\/posts\/3623\/revisions\/3925"}],"wp:featuredmedia":[{"embeddable":true,"href":"https:\/\/lucentumconsumidores.org\/index.php?rest_route=\/"}],"wp:attachment":[{"href":"https:\/\/lucentumconsumidores.org\/index.php?rest_route=%2Fwp%2Fv2%2Fmedia&parent=3623"}],"wp:term":[{"taxonomy":"category","embeddable":true,"href":"https:\/\/lucentumconsumidores.org\/index.php?rest_route=%2Fwp%2Fv2%2Fcategories&post=3623"},{"taxonomy":"post_tag","embeddable":true,"href":"https:\/\/lucentumconsumidores.org\/index.php?rest_route=%2Fwp%2Fv2%2Ftags&post=3623"}],"curies":[{"name":"wp","href":"https:\/\/api.w.org\/{rel}","templated":true}]}}