{"id":4219,"date":"2024-11-22T18:29:49","date_gmt":"2024-11-22T16:29:49","guid":{"rendered":"https:\/\/lucentumconsumidores.org\/?p=4219"},"modified":"2024-11-26T12:20:23","modified_gmt":"2024-11-26T10:20:23","slug":"mujer-y-bienestar-social-en-catral","status":"publish","type":"post","link":"https:\/\/lucentumconsumidores.org\/?p=4219","title":{"rendered":"MUJER Y BIENESTAR SOCIAL EN CATRAL.     DONA I BENESTAR SOCIAL A CATRAL."},"content":{"rendered":"\n<figure class=\"wp-block-gallery has-nested-images columns-default is-cropped wp-block-gallery-1 is-layout-flex wp-block-gallery-is-layout-flex\">\n<figure class=\"wp-block-image size-large\"><img loading=\"lazy\" decoding=\"async\" width=\"1024\" height=\"436\" data-id=\"4220\" src=\"https:\/\/lucentumconsumidores.org\/wp-content\/uploads\/2024\/11\/IMG-20241120-WA0007.1-1024x436.jpg\" alt=\"\" class=\"wp-image-4220\" srcset=\"https:\/\/lucentumconsumidores.org\/wp-content\/uploads\/2024\/11\/IMG-20241120-WA0007.1-1024x436.jpg 1024w, https:\/\/lucentumconsumidores.org\/wp-content\/uploads\/2024\/11\/IMG-20241120-WA0007.1-300x128.jpg 300w, https:\/\/lucentumconsumidores.org\/wp-content\/uploads\/2024\/11\/IMG-20241120-WA0007.1-768x327.jpg 768w, https:\/\/lucentumconsumidores.org\/wp-content\/uploads\/2024\/11\/IMG-20241120-WA0007.1-1536x654.jpg 1536w, https:\/\/lucentumconsumidores.org\/wp-content\/uploads\/2024\/11\/IMG-20241120-WA0007.1.jpg 2048w\" sizes=\"auto, (max-width: 1024px) 100vw, 1024px\" \/><\/figure>\n<\/figure>\n\n\n\n<p>El mi\u00e9rcoles d\u00eda 20, nuestra compa\u00f1era Cuque estuvo con la Asociaci\u00f3n de Amas de Casa y Consumidores de Catral.  Una vez m\u00e1s, Cuque, hizo de un tema tan importante y serio, un taller muy ameno, lleno de vivencias y momentos emotivos.<\/p>\n\n\n\n<p class=\"has-cyan-bluish-gray-color has-text-color has-link-color wp-elements-566e99d3275ce691d6cc87a1a9cde58f\">El dimecres dia 20, la nostra companya Cuque va estar amb l&#8217;Associaci\u00f3 de Mestresses de casa i Consumidors de Catral. Una vegada m\u00e9s, Cuque, va fer d&#8217;un tema tan important i seri\u00f3s, un taller molt am\u00e9, ple de viv\u00e8ncies i moments emotius.<\/p>\n\n\n\n<figure class=\"wp-block-image size-large\"><img loading=\"lazy\" decoding=\"async\" width=\"1024\" height=\"580\" src=\"https:\/\/lucentumconsumidores.org\/wp-content\/uploads\/2024\/11\/IMG-20241120-WA0005.1-1024x580.jpg\" alt=\"\" class=\"wp-image-4221\" srcset=\"https:\/\/lucentumconsumidores.org\/wp-content\/uploads\/2024\/11\/IMG-20241120-WA0005.1-1024x580.jpg 1024w, https:\/\/lucentumconsumidores.org\/wp-content\/uploads\/2024\/11\/IMG-20241120-WA0005.1-300x170.jpg 300w, https:\/\/lucentumconsumidores.org\/wp-content\/uploads\/2024\/11\/IMG-20241120-WA0005.1-768x435.jpg 768w, https:\/\/lucentumconsumidores.org\/wp-content\/uploads\/2024\/11\/IMG-20241120-WA0005.1-1536x870.jpg 1536w, https:\/\/lucentumconsumidores.org\/wp-content\/uploads\/2024\/11\/IMG-20241120-WA0005.1.jpg 2048w\" sizes=\"auto, (max-width: 1024px) 100vw, 1024px\" \/><\/figure>\n","protected":false},"excerpt":{"rendered":"<p>El mi\u00e9rcoles d\u00eda 20, nuestra compa\u00f1era Cuque estuvo con la Asociaci\u00f3n de Amas de Casa y Consumidores de Catral. Una vez m\u00e1s, Cuque, hizo de un tema tan importante y serio, un taller muy ameno, lleno de vivencias y momentos emotivos. El dimecres dia 20, la nostra companya Cuque va estar amb l&#8217;Associaci\u00f3 de Mestresses&#8230;<\/p>\n","protected":false},"author":2,"featured_media":4221,"comment_status":"open","ping_status":"open","sticky":false,"template":"","format":"standard","meta":{"footnotes":""},"categories":[20,14,11],"tags":[],"class_list":["post-4219","post","type-post","status-publish","format-standard","has-post-thumbnail","hentry","category-destacadas","category-jornadas","category-mujer"],"jetpack_featured_media_url":"https:\/\/lucentumconsumidores.org\/wp-content\/uploads\/2024\/11\/IMG-20241120-WA0005.1.jpg","_links":{"self":[{"href":"https:\/\/lucentumconsumidores.org\/index.php?rest_route=\/wp\/v2\/posts\/4219","targetHints":{"allow":["GET"]}}],"collection":[{"href":"https:\/\/lucentumconsumidores.org\/index.php?rest_route=\/wp\/v2\/posts"}],"about":[{"href":"https:\/\/lucentumconsumidores.org\/index.php?rest_route=\/wp\/v2\/types\/post"}],"author":[{"embeddable":true,"href":"https:\/\/lucentumconsumidores.org\/index.php?rest_route=\/wp\/v2\/users\/2"}],"replies":[{"embeddable":true,"href":"https:\/\/lucentumconsumidores.org\/index.php?rest_route=%2Fwp%2Fv2%2Fcomments&post=4219"}],"version-history":[{"count":2,"href":"https:\/\/lucentumconsumidores.org\/index.php?rest_route=\/wp\/v2\/posts\/4219\/revisions"}],"predecessor-version":[{"id":4224,"href":"https:\/\/lucentumconsumidores.org\/index.php?rest_route=\/wp\/v2\/posts\/4219\/revisions\/4224"}],"wp:featuredmedia":[{"embeddable":true,"href":"https:\/\/lucentumconsumidores.org\/index.php?rest_route=\/wp\/v2\/media\/4221"}],"wp:attachment":[{"href":"https:\/\/lucentumconsumidores.org\/index.php?rest_route=%2Fwp%2Fv2%2Fmedia&parent=4219"}],"wp:term":[{"taxonomy":"category","embeddable":true,"href":"https:\/\/lucentumconsumidores.org\/index.php?rest_route=%2Fwp%2Fv2%2Fcategories&post=4219"},{"taxonomy":"post_tag","embeddable":true,"href":"https:\/\/lucentumconsumidores.org\/index.php?rest_route=%2Fwp%2Fv2%2Ftags&post=4219"}],"curies":[{"name":"wp","href":"https:\/\/api.w.org\/{rel}","templated":true}]}}