{"id":4231,"date":"2024-11-22T19:48:10","date_gmt":"2024-11-22T17:48:10","guid":{"rendered":"https:\/\/lucentumconsumidores.org\/?p=4231"},"modified":"2024-11-26T12:19:37","modified_gmt":"2024-11-26T10:19:37","slug":"sant-joan-dalacant","status":"publish","type":"post","link":"https:\/\/lucentumconsumidores.org\/?p=4231","title":{"rendered":"SANT JOAN D&#8217;ALACANT"},"content":{"rendered":"\n<figure class=\"wp-block-gallery has-nested-images columns-default is-cropped wp-block-gallery-1 is-layout-flex wp-block-gallery-is-layout-flex\">\n<figure class=\"wp-block-image size-large\"><img loading=\"lazy\" decoding=\"async\" width=\"1024\" height=\"684\" data-id=\"4233\" src=\"https:\/\/lucentumconsumidores.org\/wp-content\/uploads\/2024\/11\/IMG-20241121-WA0006.2-1024x684.jpg\" alt=\"\" class=\"wp-image-4233\" srcset=\"https:\/\/lucentumconsumidores.org\/wp-content\/uploads\/2024\/11\/IMG-20241121-WA0006.2-1024x684.jpg 1024w, https:\/\/lucentumconsumidores.org\/wp-content\/uploads\/2024\/11\/IMG-20241121-WA0006.2-300x200.jpg 300w, https:\/\/lucentumconsumidores.org\/wp-content\/uploads\/2024\/11\/IMG-20241121-WA0006.2-768x513.jpg 768w, https:\/\/lucentumconsumidores.org\/wp-content\/uploads\/2024\/11\/IMG-20241121-WA0006.2-1536x1026.jpg 1536w, https:\/\/lucentumconsumidores.org\/wp-content\/uploads\/2024\/11\/IMG-20241121-WA0006.2-600x400.jpg 600w, https:\/\/lucentumconsumidores.org\/wp-content\/uploads\/2024\/11\/IMG-20241121-WA0006.2.jpg 1600w\" sizes=\"auto, (max-width: 1024px) 100vw, 1024px\" \/><\/figure>\n\n\n\n<figure class=\"wp-block-image size-large\"><img loading=\"lazy\" decoding=\"async\" width=\"1024\" height=\"768\" data-id=\"4243\" src=\"https:\/\/lucentumconsumidores.org\/wp-content\/uploads\/2024\/11\/IMG-20241122-WA0007-1024x768.jpg\" alt=\"\" class=\"wp-image-4243\" srcset=\"https:\/\/lucentumconsumidores.org\/wp-content\/uploads\/2024\/11\/IMG-20241122-WA0007-1024x768.jpg 1024w, https:\/\/lucentumconsumidores.org\/wp-content\/uploads\/2024\/11\/IMG-20241122-WA0007-300x225.jpg 300w, https:\/\/lucentumconsumidores.org\/wp-content\/uploads\/2024\/11\/IMG-20241122-WA0007-768x576.jpg 768w, https:\/\/lucentumconsumidores.org\/wp-content\/uploads\/2024\/11\/IMG-20241122-WA0007-1536x1152.jpg 1536w, https:\/\/lucentumconsumidores.org\/wp-content\/uploads\/2024\/11\/IMG-20241122-WA0007.jpg 2048w\" sizes=\"auto, (max-width: 1024px) 100vw, 1024px\" \/><\/figure>\n<\/figure>\n\n\n\n<p>La tarde de ayer,  nuestra querida Cuque, volvi\u00f3 a conectar con otro grupo de mujeres sensacional, como son nuestras compa\u00f1eras de la Asociaci\u00f3n de Amas de Casa y Consumidores de Sant Joan D&#8217;Alacant. <\/p>\n\n\n\n<p class=\"has-black-color has-text-color has-link-color wp-elements-386928e06cdab5bae67a81144ecc9a8f\">Cuque, imparti\u00f3 una ponencia muy interesante y emotiva, con un lema muy claro, NI UNA M\u00c1S.<\/p>\n\n\n\n<p class=\"has-vivid-purple-color has-text-color has-link-color has-large-font-size wp-elements-c086b6842f5abff05f684abff85d164a\">  \u00abMUJER Y BIENESTAR SOCIAL\u00bb<\/p>\n\n\n\n<figure class=\"wp-block-image size-large is-resized\"><img loading=\"lazy\" decoding=\"async\" width=\"1024\" height=\"600\" src=\"https:\/\/lucentumconsumidores.org\/wp-content\/uploads\/2024\/11\/IMG-20241121-WA0007.1-1024x600.jpg\" alt=\"\" class=\"wp-image-4234\" style=\"width:840px;height:auto\" srcset=\"https:\/\/lucentumconsumidores.org\/wp-content\/uploads\/2024\/11\/IMG-20241121-WA0007.1-1024x600.jpg 1024w, https:\/\/lucentumconsumidores.org\/wp-content\/uploads\/2024\/11\/IMG-20241121-WA0007.1-300x176.jpg 300w, https:\/\/lucentumconsumidores.org\/wp-content\/uploads\/2024\/11\/IMG-20241121-WA0007.1-768x450.jpg 768w, https:\/\/lucentumconsumidores.org\/wp-content\/uploads\/2024\/11\/IMG-20241121-WA0007.1-1536x900.jpg 1536w, https:\/\/lucentumconsumidores.org\/wp-content\/uploads\/2024\/11\/IMG-20241121-WA0007.1.jpg 1600w\" sizes=\"auto, (max-width: 1024px) 100vw, 1024px\" \/><\/figure>\n\n\n\n<p>La vesprada d&#8217;ahir, nostra volguda Cuque, va tornar a connectar amb un altre grup de dones sensacional, com s\u00f3n les nostres companyes de l&#8217;Associaci\u00f3 de Mestresses de casa i Consumidors de Sant Joan d&#8217;Alacant.<\/p>\n\n\n\n<p>Cuque, va impartir una pon\u00e8ncia molt interessant i emotiva, amb un lema molt clar,  NI UNA M\u00c9S.<\/p>\n\n\n\n<p class=\"has-vivid-purple-color has-text-color has-link-color has-large-font-size wp-elements-28a704cc6275fdccffffcc4fbe64045c\">\u00abDONA I BENESTAR SOCIAL\u00bb<\/p>\n\n\n\n<figure class=\"wp-block-gallery has-nested-images columns-default is-cropped wp-block-gallery-2 is-layout-flex wp-block-gallery-is-layout-flex\">\n<figure class=\"wp-block-image size-large\"><img loading=\"lazy\" decoding=\"async\" width=\"1024\" height=\"771\" data-id=\"4244\" src=\"https:\/\/lucentumconsumidores.org\/wp-content\/uploads\/2024\/11\/IMG-20241122-WA0015-1024x771.jpg\" alt=\"\" class=\"wp-image-4244\" srcset=\"https:\/\/lucentumconsumidores.org\/wp-content\/uploads\/2024\/11\/IMG-20241122-WA0015-1024x771.jpg 1024w, https:\/\/lucentumconsumidores.org\/wp-content\/uploads\/2024\/11\/IMG-20241122-WA0015-300x226.jpg 300w, https:\/\/lucentumconsumidores.org\/wp-content\/uploads\/2024\/11\/IMG-20241122-WA0015-768x578.jpg 768w, https:\/\/lucentumconsumidores.org\/wp-content\/uploads\/2024\/11\/IMG-20241122-WA0015-1536x1156.jpg 1536w, https:\/\/lucentumconsumidores.org\/wp-content\/uploads\/2024\/11\/IMG-20241122-WA0015.jpg 1600w\" sizes=\"auto, (max-width: 1024px) 100vw, 1024px\" \/><\/figure>\n\n\n\n<figure class=\"wp-block-image size-large\"><img loading=\"lazy\" decoding=\"async\" width=\"1024\" height=\"768\" data-id=\"4246\" src=\"https:\/\/lucentumconsumidores.org\/wp-content\/uploads\/2024\/11\/IMG-20241122-WA0016-1024x768.jpg\" alt=\"\" class=\"wp-image-4246\" srcset=\"https:\/\/lucentumconsumidores.org\/wp-content\/uploads\/2024\/11\/IMG-20241122-WA0016-1024x768.jpg 1024w, https:\/\/lucentumconsumidores.org\/wp-content\/uploads\/2024\/11\/IMG-20241122-WA0016-300x225.jpg 300w, https:\/\/lucentumconsumidores.org\/wp-content\/uploads\/2024\/11\/IMG-20241122-WA0016-768x576.jpg 768w, https:\/\/lucentumconsumidores.org\/wp-content\/uploads\/2024\/11\/IMG-20241122-WA0016-1536x1152.jpg 1536w, https:\/\/lucentumconsumidores.org\/wp-content\/uploads\/2024\/11\/IMG-20241122-WA0016.jpg 2048w\" sizes=\"auto, (max-width: 1024px) 100vw, 1024px\" \/><\/figure>\n<\/figure>\n","protected":false},"excerpt":{"rendered":"<p>La tarde de ayer, nuestra querida Cuque, volvi\u00f3 a conectar con otro grupo de mujeres sensacional, como son nuestras compa\u00f1eras de la Asociaci\u00f3n de Amas de Casa y Consumidores de Sant Joan D&#8217;Alacant. Cuque, imparti\u00f3 una ponencia muy interesante y emotiva, con un lema muy claro, NI UNA M\u00c1S. \u00abMUJER Y BIENESTAR SOCIAL\u00bb La vesprada&#8230;<\/p>\n","protected":false},"author":2,"featured_media":4233,"comment_status":"open","ping_status":"open","sticky":false,"template":"","format":"standard","meta":{"footnotes":""},"categories":[20,14,11],"tags":[],"class_list":["post-4231","post","type-post","status-publish","format-standard","has-post-thumbnail","hentry","category-destacadas","category-jornadas","category-mujer"],"jetpack_featured_media_url":"https:\/\/lucentumconsumidores.org\/wp-content\/uploads\/2024\/11\/IMG-20241121-WA0006.2.jpg","_links":{"self":[{"href":"https:\/\/lucentumconsumidores.org\/index.php?rest_route=\/wp\/v2\/posts\/4231","targetHints":{"allow":["GET"]}}],"collection":[{"href":"https:\/\/lucentumconsumidores.org\/index.php?rest_route=\/wp\/v2\/posts"}],"about":[{"href":"https:\/\/lucentumconsumidores.org\/index.php?rest_route=\/wp\/v2\/types\/post"}],"author":[{"embeddable":true,"href":"https:\/\/lucentumconsumidores.org\/index.php?rest_route=\/wp\/v2\/users\/2"}],"replies":[{"embeddable":true,"href":"https:\/\/lucentumconsumidores.org\/index.php?rest_route=%2Fwp%2Fv2%2Fcomments&post=4231"}],"version-history":[{"count":3,"href":"https:\/\/lucentumconsumidores.org\/index.php?rest_route=\/wp\/v2\/posts\/4231\/revisions"}],"predecessor-version":[{"id":4247,"href":"https:\/\/lucentumconsumidores.org\/index.php?rest_route=\/wp\/v2\/posts\/4231\/revisions\/4247"}],"wp:featuredmedia":[{"embeddable":true,"href":"https:\/\/lucentumconsumidores.org\/index.php?rest_route=\/wp\/v2\/media\/4233"}],"wp:attachment":[{"href":"https:\/\/lucentumconsumidores.org\/index.php?rest_route=%2Fwp%2Fv2%2Fmedia&parent=4231"}],"wp:term":[{"taxonomy":"category","embeddable":true,"href":"https:\/\/lucentumconsumidores.org\/index.php?rest_route=%2Fwp%2Fv2%2Fcategories&post=4231"},{"taxonomy":"post_tag","embeddable":true,"href":"https:\/\/lucentumconsumidores.org\/index.php?rest_route=%2Fwp%2Fv2%2Ftags&post=4231"}],"curies":[{"name":"wp","href":"https:\/\/api.w.org\/{rel}","templated":true}]}}