{"id":441,"date":"2019-01-22T13:21:12","date_gmt":"2019-01-22T11:21:12","guid":{"rendered":"https:\/\/lucentumconsumidores.org\/?p=441"},"modified":"2024-11-22T14:56:52","modified_gmt":"2024-11-22T12:56:52","slug":"por-que-no-engorda-la-fruta-si-tiene-azucar","status":"publish","type":"post","link":"https:\/\/lucentumconsumidores.org\/?p=441","title":{"rendered":"\u00bfPor qu\u00e9 no engorda la fruta, si tiene az\u00facar?   Per qu\u00e8 no engreixa la fruita, si t\u00e9 sucre?"},"content":{"rendered":"<p>Art\u00edculo publicado en el peri\u00f3dico El Pa\u00eds.\u00a0 Desde la Federaci\u00f3n queremos promover el consumo de fruta. Aclaramos con el siguiente art\u00edculo la confusi\u00f3n que hay en el n\u00famero de piezas de fruta a consumir diariamente.<\/p>\n<p>Para un nutricionista, tener que defender que la\u00a0<a href=\"https:\/\/elpais.com\/tag\/aida_domenech_pascual\/a\">fruta<\/a>\u00a0es saludable es tan frustrante como podr\u00eda serlo para un peluquero tener que argumentar que es mejor cortar el pelo con unas tijeras que hacerlo a mordiscos. Pero tiene que hacerlo una y otra vez (el nutricionista, no el peluquero). Un sinf\u00edn de gente cree que es desaconsejable consumir fruta por la noche, despu\u00e9s de una comida principal,\u00a0<a href=\"http:\/\/www.juliobasulto.com\/las-personas-con-diabetes-tipo-1-2-o-gestacional-conviene-que-tomen-fruta\">si se padece diabetes<\/a>, si se mezcla con otra fruta o si superamos las tres raciones diarias. En un\u00a0<a href=\"http:\/\/comeronocomer.es\/la-carta\/la-mayoria-creemos-que-5-al-dia-es-un-limite-no-superar\">cuestionario publicado en 2014<\/a>, el 60 por ciento de los voluntarios encuestados consider\u00f3, err\u00f3neamente, que la campa\u00f1a \u201cCinco al d\u00eda\u201d hac\u00eda referencia a un l\u00edmite m\u00e1ximo (es decir, a una cifra a no superar) cuando el n\u00famero cinco alude al m\u00ednimo de raciones de frutas y hortalizas a consumir cada d\u00eda.<\/p>\n<p>Aqu\u00ed, os dejamos el enlace al art\u00edculo completo.<\/p>\n<p>https:\/\/elpais.com\/elpais\/2018\/06\/08\/ciencia\/1528469553_586735.html<\/p>\n\n\n<p>Article publicat en el peri\u00f2dic El Pa\u00eds.&nbsp; Des de la Federaci\u00f3 volem promoure el consum de fruita. Aclarim amb el seg\u00fcent article la confusi\u00f3 que hi ha en el nombre de peces de fruita a consumir di\u00e0riament.<\/p>\n\n\n\n<p>Per a un nutricionista, haver de defendre que la&nbsp;fruita&nbsp;\u00e9s saludable \u00e9s tan frustrant com podria ser-ho per a un perruquer haver d&#8217;argumentar que \u00e9s millor tallar el p\u00e8l amb unes tisores que fer-lo a mossegades. Per\u00f2 ha de fer-ho una vegada i una altra (el nutricionista, no el perruquer). Una infinitat de gent creu que \u00e9s desaconsellable consumir fruita a la nit, despr\u00e9s d&#8217;un menjar principal,&nbsp;si es patix diabetis, si es mescla amb una altra fruita o si superem les tres racions di\u00e0ries. En un&nbsp;q\u00fcestionari publicat en 2014, el 60 per cent dels voluntaris enquestats va considerar, err\u00f2niament, que la campanya \u201cCinc al dia\u201d feia refer\u00e8ncia a un l\u00edmit m\u00e0xim (\u00e9s a dir, a una xifra a no superar) quan el n\u00famero cinc al\u00b7ludix al m\u00ednim de racions de fruites i hortalisses a consumir cada dia.<\/p>\n\n\n\n<p>Ac\u00ed, us deixem l&#8217;enlla\u00e7 a l&#8217;article complet. <a href=\"https:\/\/elpais.com\/elpais\/2018\/06\/08\/ciencia\/1528469553_586735.html\">https:\/\/elpais.com\/elpais\/2018\/06\/08\/ciencia\/1528469553_586735.html<\/a><\/p>\n","protected":false},"excerpt":{"rendered":"<p>Art\u00edculo publicado en el peri\u00f3dico El Pa\u00eds.\u00a0 Desde la Federaci\u00f3n queremos promover el consumo de fruta. Aclaramos con el siguiente art\u00edculo la confusi\u00f3n que hay en el n\u00famero de piezas de fruta a consumir diariamente. Para un nutricionista, tener que defender que la\u00a0fruta\u00a0es saludable es tan frustrante como podr\u00eda serlo para un peluquero tener que&#8230;<\/p>\n","protected":false},"author":2,"featured_media":443,"comment_status":"open","ping_status":"open","sticky":false,"template":"","format":"standard","meta":{"footnotes":""},"categories":[15,10],"tags":[],"class_list":["post-441","post","type-post","status-publish","format-standard","has-post-thumbnail","hentry","category-noticias","category-salud-y-alimentacion"],"jetpack_featured_media_url":"https:\/\/lucentumconsumidores.org\/wp-content\/uploads\/2019\/01\/Fruta.jpg","_links":{"self":[{"href":"https:\/\/lucentumconsumidores.org\/index.php?rest_route=\/wp\/v2\/posts\/441","targetHints":{"allow":["GET"]}}],"collection":[{"href":"https:\/\/lucentumconsumidores.org\/index.php?rest_route=\/wp\/v2\/posts"}],"about":[{"href":"https:\/\/lucentumconsumidores.org\/index.php?rest_route=\/wp\/v2\/types\/post"}],"author":[{"embeddable":true,"href":"https:\/\/lucentumconsumidores.org\/index.php?rest_route=\/wp\/v2\/users\/2"}],"replies":[{"embeddable":true,"href":"https:\/\/lucentumconsumidores.org\/index.php?rest_route=%2Fwp%2Fv2%2Fcomments&post=441"}],"version-history":[{"count":2,"href":"https:\/\/lucentumconsumidores.org\/index.php?rest_route=\/wp\/v2\/posts\/441\/revisions"}],"predecessor-version":[{"id":4207,"href":"https:\/\/lucentumconsumidores.org\/index.php?rest_route=\/wp\/v2\/posts\/441\/revisions\/4207"}],"wp:featuredmedia":[{"embeddable":true,"href":"https:\/\/lucentumconsumidores.org\/index.php?rest_route=\/wp\/v2\/media\/443"}],"wp:attachment":[{"href":"https:\/\/lucentumconsumidores.org\/index.php?rest_route=%2Fwp%2Fv2%2Fmedia&parent=441"}],"wp:term":[{"taxonomy":"category","embeddable":true,"href":"https:\/\/lucentumconsumidores.org\/index.php?rest_route=%2Fwp%2Fv2%2Fcategories&post=441"},{"taxonomy":"post_tag","embeddable":true,"href":"https:\/\/lucentumconsumidores.org\/index.php?rest_route=%2Fwp%2Fv2%2Ftags&post=441"}],"curies":[{"name":"wp","href":"https:\/\/api.w.org\/{rel}","templated":true}]}}