{"id":4452,"date":"2025-02-26T13:10:54","date_gmt":"2025-02-26T11:10:54","guid":{"rendered":"https:\/\/lucentumconsumidores.org\/?p=4452"},"modified":"2025-05-22T12:22:46","modified_gmt":"2025-05-22T10:22:46","slug":"25-02-25-en-hondon-de-los-frailes","status":"publish","type":"post","link":"https:\/\/lucentumconsumidores.org\/?p=4452","title":{"rendered":"25\/02\/25 EN HOND\u00d3N DE LOS FRAILES   25\/02\/25 A HOND\u00d3N DE LOS FRAILES"},"content":{"rendered":"\n<figure class=\"wp-block-image size-full is-resized\"><img loading=\"lazy\" decoding=\"async\" width=\"2040\" height=\"815\" src=\"https:\/\/lucentumconsumidores.org\/wp-content\/uploads\/2025\/02\/2.1.jpg\" alt=\"\" class=\"wp-image-4459\" style=\"width:835px;height:auto\" srcset=\"https:\/\/lucentumconsumidores.org\/wp-content\/uploads\/2025\/02\/2.1.jpg 2040w, https:\/\/lucentumconsumidores.org\/wp-content\/uploads\/2025\/02\/2.1-300x120.jpg 300w, https:\/\/lucentumconsumidores.org\/wp-content\/uploads\/2025\/02\/2.1-1024x409.jpg 1024w, https:\/\/lucentumconsumidores.org\/wp-content\/uploads\/2025\/02\/2.1-768x307.jpg 768w, https:\/\/lucentumconsumidores.org\/wp-content\/uploads\/2025\/02\/2.1-1536x614.jpg 1536w\" sizes=\"auto, (max-width: 2040px) 100vw, 2040px\" \/><\/figure>\n\n\n\n<p>Carmen Gonz\u00e1lez Arenas, Cuque, se desplaz\u00f3 al encantador municipio de Hond\u00f3n de los Frailes, a pasar la tarde en compa\u00f1\u00eda de la Asociaci\u00f3n de Amas de Casa y Consumidores Lucentum de Hond\u00f3n de los Frailes. Donde, sus asistentes, pudieron conectar y fluir, encantadas, con su taller:<\/p>\n\n\n\n<p class=\"has-text-align-center\">  \u00abMUJER Y BIENESTAR SOCIAL\u00bb.      <\/p>\n\n\n\n<p>Carmen Gonz\u00e1lez Arenas, Cuque, es va despla\u00e7ar a l&#8217;encantador municipi d&#8217;Hond\u00f3n de los Frailes, a passar la vesprada en companyia de l&#8217;Associaci\u00f3 de Mestresses de casa i Consumidors *Lucentum d&#8217;Hond\u00f3n de los Frailes. On, els seus assistents, van poder connectar i fluir, encantades, amb el seu taller:<\/p>\n\n\n\n<p class=\"has-text-align-center\">\u00abDONA I BENESTAR SOCIAL\u00bb.<\/p>\n\n\n\n<figure class=\"wp-block-image size-large\"><img loading=\"lazy\" decoding=\"async\" width=\"1024\" height=\"585\" src=\"https:\/\/lucentumconsumidores.org\/wp-content\/uploads\/2025\/02\/IMG-20250225-WA0010.1-1-1024x585.jpg\" alt=\"\" class=\"wp-image-4457\" srcset=\"https:\/\/lucentumconsumidores.org\/wp-content\/uploads\/2025\/02\/IMG-20250225-WA0010.1-1-1024x585.jpg 1024w, https:\/\/lucentumconsumidores.org\/wp-content\/uploads\/2025\/02\/IMG-20250225-WA0010.1-1-300x171.jpg 300w, https:\/\/lucentumconsumidores.org\/wp-content\/uploads\/2025\/02\/IMG-20250225-WA0010.1-1-768x439.jpg 768w, https:\/\/lucentumconsumidores.org\/wp-content\/uploads\/2025\/02\/IMG-20250225-WA0010.1-1-1536x878.jpg 1536w, https:\/\/lucentumconsumidores.org\/wp-content\/uploads\/2025\/02\/IMG-20250225-WA0010.1-1.jpg 2048w\" sizes=\"auto, (max-width: 1024px) 100vw, 1024px\" \/><\/figure>\n","protected":false},"excerpt":{"rendered":"<p>Carmen Gonz\u00e1lez Arenas, Cuque, se desplaz\u00f3 al encantador municipio de Hond\u00f3n de los Frailes, a pasar la tarde en compa\u00f1\u00eda de la Asociaci\u00f3n de Amas de Casa y Consumidores Lucentum de Hond\u00f3n de los Frailes. Donde, sus asistentes, pudieron conectar y fluir, encantadas, con su taller: \u00abMUJER Y BIENESTAR SOCIAL\u00bb. Carmen Gonz\u00e1lez Arenas, Cuque, es&#8230;<\/p>\n","protected":false},"author":2,"featured_media":4459,"comment_status":"open","ping_status":"open","sticky":false,"template":"","format":"standard","meta":{"footnotes":""},"categories":[20,13,14,11],"tags":[],"class_list":["post-4452","post","type-post","status-publish","format-standard","has-post-thumbnail","hentry","category-destacadas","category-general","category-jornadas","category-mujer"],"jetpack_featured_media_url":"https:\/\/lucentumconsumidores.org\/wp-content\/uploads\/2025\/02\/2.1.jpg","_links":{"self":[{"href":"https:\/\/lucentumconsumidores.org\/index.php?rest_route=\/wp\/v2\/posts\/4452","targetHints":{"allow":["GET"]}}],"collection":[{"href":"https:\/\/lucentumconsumidores.org\/index.php?rest_route=\/wp\/v2\/posts"}],"about":[{"href":"https:\/\/lucentumconsumidores.org\/index.php?rest_route=\/wp\/v2\/types\/post"}],"author":[{"embeddable":true,"href":"https:\/\/lucentumconsumidores.org\/index.php?rest_route=\/wp\/v2\/users\/2"}],"replies":[{"embeddable":true,"href":"https:\/\/lucentumconsumidores.org\/index.php?rest_route=%2Fwp%2Fv2%2Fcomments&post=4452"}],"version-history":[{"count":6,"href":"https:\/\/lucentumconsumidores.org\/index.php?rest_route=\/wp\/v2\/posts\/4452\/revisions"}],"predecessor-version":[{"id":4714,"href":"https:\/\/lucentumconsumidores.org\/index.php?rest_route=\/wp\/v2\/posts\/4452\/revisions\/4714"}],"wp:featuredmedia":[{"embeddable":true,"href":"https:\/\/lucentumconsumidores.org\/index.php?rest_route=\/wp\/v2\/media\/4459"}],"wp:attachment":[{"href":"https:\/\/lucentumconsumidores.org\/index.php?rest_route=%2Fwp%2Fv2%2Fmedia&parent=4452"}],"wp:term":[{"taxonomy":"category","embeddable":true,"href":"https:\/\/lucentumconsumidores.org\/index.php?rest_route=%2Fwp%2Fv2%2Fcategories&post=4452"},{"taxonomy":"post_tag","embeddable":true,"href":"https:\/\/lucentumconsumidores.org\/index.php?rest_route=%2Fwp%2Fv2%2Ftags&post=4452"}],"curies":[{"name":"wp","href":"https:\/\/api.w.org\/{rel}","templated":true}]}}