{"id":4465,"date":"2025-02-27T15:06:28","date_gmt":"2025-02-27T13:06:28","guid":{"rendered":"https:\/\/lucentumconsumidores.org\/?p=4465"},"modified":"2025-10-30T10:41:46","modified_gmt":"2025-10-30T08:41:46","slug":"4465","status":"publish","type":"post","link":"https:\/\/lucentumconsumidores.org\/?p=4465","title":{"rendered":"DESARROLLO ECON\u00d3MICO Y SECTORES PRODUCTIVOS.  DESENROTLLAMENT ECON\u00d2MIC I SECTORS PRODUCTIUS."},"content":{"rendered":"\n<p>La Diputaci\u00f3n de Alicante &#8211; DESARROLLO ECON\u00d3MICO Y SECTORES PRODUCTIVOS, ha otorgado a la Federaci\u00f3n Provincial de Amas de Casa, Consumidores y Usuarios de Alicante, una Subvenci\u00f3n nominativa de 10.000\u20ac, para la realizaci\u00f3n del Proyecto PIC de informaci\u00f3n y formaci\u00f3n al consumidor en distintas Asociaciones de nuestra Federaci\u00f3n en 2025.<\/p>\n\n\n<div class=\"wp-block-image\">\n<figure class=\"aligncenter size-full is-resized\"><img loading=\"lazy\" decoding=\"async\" width=\"225\" height=\"225\" src=\"https:\/\/lucentumconsumidores.org\/wp-content\/uploads\/2024\/09\/Logo-diputacion-2.png\" alt=\"\" class=\"wp-image-3172\" style=\"width:123px;height:auto\" srcset=\"https:\/\/lucentumconsumidores.org\/wp-content\/uploads\/2024\/09\/Logo-diputacion-2.png 225w, https:\/\/lucentumconsumidores.org\/wp-content\/uploads\/2024\/09\/Logo-diputacion-2-150x150.png 150w\" sizes=\"auto, (max-width: 225px) 100vw, 225px\" \/><\/figure>\n<\/div>\n\n\n<p>La Diputaci\u00f3 d&#8217;Alacant &#8211; DESENROTLLAMENT ECON\u00d2MIC I SECTORS PRODUCTIUS, ha atorgat a la Federaci\u00f3 Provincial de Mestresses de casa, Consumidors i Usuaris d&#8217;Alacant, una Subvenci\u00f3 nominativa de 10.000\u20ac, per a la realitzaci\u00f3 del Projecte PIC d&#8217;informaci\u00f3 i formaci\u00f3 al consumidor en diferents Associacions de la nostra Federaci\u00f3 en 2025.<\/p>\n","protected":false},"excerpt":{"rendered":"<p>La Diputaci\u00f3n de Alicante &#8211; DESARROLLO ECON\u00d3MICO Y SECTORES PRODUCTIVOS, ha otorgado a la Federaci\u00f3n Provincial de Amas de Casa, Consumidores y Usuarios de Alicante, una Subvenci\u00f3n nominativa de 10.000\u20ac, para la realizaci\u00f3n del Proyecto PIC de informaci\u00f3n y formaci\u00f3n al consumidor en distintas Asociaciones de nuestra Federaci\u00f3n en 2025. La Diputaci\u00f3 d&#8217;Alacant &#8211; DESENROTLLAMENT&#8230;<\/p>\n","protected":false},"author":2,"featured_media":3172,"comment_status":"open","ping_status":"open","sticky":false,"template":"","format":"standard","meta":{"footnotes":""},"categories":[3,13],"tags":[],"class_list":["post-4465","post","type-post","status-publish","format-standard","has-post-thumbnail","hentry","category-agenda","category-general"],"jetpack_featured_media_url":"https:\/\/lucentumconsumidores.org\/wp-content\/uploads\/2024\/09\/Logo-diputacion-2.png","_links":{"self":[{"href":"https:\/\/lucentumconsumidores.org\/index.php?rest_route=\/wp\/v2\/posts\/4465","targetHints":{"allow":["GET"]}}],"collection":[{"href":"https:\/\/lucentumconsumidores.org\/index.php?rest_route=\/wp\/v2\/posts"}],"about":[{"href":"https:\/\/lucentumconsumidores.org\/index.php?rest_route=\/wp\/v2\/types\/post"}],"author":[{"embeddable":true,"href":"https:\/\/lucentumconsumidores.org\/index.php?rest_route=\/wp\/v2\/users\/2"}],"replies":[{"embeddable":true,"href":"https:\/\/lucentumconsumidores.org\/index.php?rest_route=%2Fwp%2Fv2%2Fcomments&post=4465"}],"version-history":[{"count":3,"href":"https:\/\/lucentumconsumidores.org\/index.php?rest_route=\/wp\/v2\/posts\/4465\/revisions"}],"predecessor-version":[{"id":4959,"href":"https:\/\/lucentumconsumidores.org\/index.php?rest_route=\/wp\/v2\/posts\/4465\/revisions\/4959"}],"wp:featuredmedia":[{"embeddable":true,"href":"https:\/\/lucentumconsumidores.org\/index.php?rest_route=\/wp\/v2\/media\/3172"}],"wp:attachment":[{"href":"https:\/\/lucentumconsumidores.org\/index.php?rest_route=%2Fwp%2Fv2%2Fmedia&parent=4465"}],"wp:term":[{"taxonomy":"category","embeddable":true,"href":"https:\/\/lucentumconsumidores.org\/index.php?rest_route=%2Fwp%2Fv2%2Fcategories&post=4465"},{"taxonomy":"post_tag","embeddable":true,"href":"https:\/\/lucentumconsumidores.org\/index.php?rest_route=%2Fwp%2Fv2%2Ftags&post=4465"}],"curies":[{"name":"wp","href":"https:\/\/api.w.org\/{rel}","templated":true}]}}