{"id":4468,"date":"2025-03-04T20:40:34","date_gmt":"2025-03-04T18:40:34","guid":{"rendered":"https:\/\/lucentumconsumidores.org\/?p=4468"},"modified":"2025-12-16T13:24:04","modified_gmt":"2025-12-16T11:24:04","slug":"solo-se-vive-una-vez","status":"publish","type":"post","link":"https:\/\/lucentumconsumidores.org\/?p=4468","title":{"rendered":"\u00abRECETAS DE CONSUMO &#8211; RECETAS DE VIDA\u00bb                                          \u00abRECEPTES DE CONSUM &#8211; RECEPTES DE VIDA\u00bb"},"content":{"rendered":"\n<figure class=\"wp-block-image size-full\"><img loading=\"lazy\" decoding=\"async\" width=\"852\" height=\"596\" src=\"https:\/\/lucentumconsumidores.org\/wp-content\/uploads\/2025\/03\/IMG-20250304-WA0001.1.jpg\" alt=\"\" class=\"wp-image-4471\" srcset=\"https:\/\/lucentumconsumidores.org\/wp-content\/uploads\/2025\/03\/IMG-20250304-WA0001.1.jpg 852w, https:\/\/lucentumconsumidores.org\/wp-content\/uploads\/2025\/03\/IMG-20250304-WA0001.1-300x210.jpg 300w, https:\/\/lucentumconsumidores.org\/wp-content\/uploads\/2025\/03\/IMG-20250304-WA0001.1-768x537.jpg 768w\" sizes=\"auto, (max-width: 852px) 100vw, 852px\" \/><\/figure>\n\n\n\n<p>En la tarde de ayer, lunes 3 de marzo, la Asociaci\u00f3n de Amas de Casa y Consumidores de Monforte del Cid, comenz\u00f3 su semana cultural de la Mujer, inaugurada por D. Juan Jos\u00e9 Hern\u00e1ndez, Alcalde de Monforte y Teresa Villar, Presidenta de dicha Asociaci\u00f3n. Donde nuestra compa\u00f1era, Paca Ayza (psic\u00f3loga y pedagoga), imparti\u00f3 la conferencia \u00abRECETAS DE CONSUMO &#8211; RECETAS DE VIDA\u00bb.<\/p>\n\n\n\n<p>En la vesprada d&#8217;ahir, dilluns 3 de mar\u00e7, l&#8217;Associaci\u00f3 de Mestresses de casa i Consumidors de Monforte del Cid, va comen\u00e7ar la seua setmana cultural de la Dona, inaugurada per Sr. Juan Jos\u00e9 Hern\u00e1ndez, Alcalde de Monforte i Teresa Villar, Presidenta d&#8217;esta Associaci\u00f3. On la nostra companya, Paca Ayza (psic\u00f2loga i pedagoga), va impartir la confer\u00e8ncia \u00abRECETAS DE CONSUMO &#8211; RECEPTES DE VIDA\u00bb.<\/p>\n\n\n\n<figure class=\"wp-block-image size-large\"><img loading=\"lazy\" decoding=\"async\" width=\"1024\" height=\"571\" src=\"https:\/\/lucentumconsumidores.org\/wp-content\/uploads\/2025\/03\/IMG-20250304-WA0003.1-1024x571.jpg\" alt=\"\" class=\"wp-image-4472\" srcset=\"https:\/\/lucentumconsumidores.org\/wp-content\/uploads\/2025\/03\/IMG-20250304-WA0003.1-1024x571.jpg 1024w, https:\/\/lucentumconsumidores.org\/wp-content\/uploads\/2025\/03\/IMG-20250304-WA0003.1-300x167.jpg 300w, https:\/\/lucentumconsumidores.org\/wp-content\/uploads\/2025\/03\/IMG-20250304-WA0003.1-768x428.jpg 768w, https:\/\/lucentumconsumidores.org\/wp-content\/uploads\/2025\/03\/IMG-20250304-WA0003.1.jpg 1216w\" sizes=\"auto, (max-width: 1024px) 100vw, 1024px\" \/><\/figure>\n","protected":false},"excerpt":{"rendered":"<p>En la tarde de ayer, lunes 3 de marzo, la Asociaci\u00f3n de Amas de Casa y Consumidores de Monforte del Cid, comenz\u00f3 su semana cultural de la Mujer, inaugurada por D. Juan Jos\u00e9 Hern\u00e1ndez, Alcalde de Monforte y Teresa Villar, Presidenta de dicha Asociaci\u00f3n. Donde nuestra compa\u00f1era, Paca Ayza (psic\u00f3loga y pedagoga), imparti\u00f3 la conferencia&#8230;<\/p>\n","protected":false},"author":2,"featured_media":4471,"comment_status":"open","ping_status":"open","sticky":false,"template":"","format":"standard","meta":{"footnotes":""},"categories":[20,14,11],"tags":[],"class_list":["post-4468","post","type-post","status-publish","format-standard","has-post-thumbnail","hentry","category-destacadas","category-jornadas","category-mujer"],"jetpack_featured_media_url":"https:\/\/lucentumconsumidores.org\/wp-content\/uploads\/2025\/03\/IMG-20250304-WA0001.1.jpg","_links":{"self":[{"href":"https:\/\/lucentumconsumidores.org\/index.php?rest_route=\/wp\/v2\/posts\/4468","targetHints":{"allow":["GET"]}}],"collection":[{"href":"https:\/\/lucentumconsumidores.org\/index.php?rest_route=\/wp\/v2\/posts"}],"about":[{"href":"https:\/\/lucentumconsumidores.org\/index.php?rest_route=\/wp\/v2\/types\/post"}],"author":[{"embeddable":true,"href":"https:\/\/lucentumconsumidores.org\/index.php?rest_route=\/wp\/v2\/users\/2"}],"replies":[{"embeddable":true,"href":"https:\/\/lucentumconsumidores.org\/index.php?rest_route=%2Fwp%2Fv2%2Fcomments&post=4468"}],"version-history":[{"count":5,"href":"https:\/\/lucentumconsumidores.org\/index.php?rest_route=\/wp\/v2\/posts\/4468\/revisions"}],"predecessor-version":[{"id":5298,"href":"https:\/\/lucentumconsumidores.org\/index.php?rest_route=\/wp\/v2\/posts\/4468\/revisions\/5298"}],"wp:featuredmedia":[{"embeddable":true,"href":"https:\/\/lucentumconsumidores.org\/index.php?rest_route=\/wp\/v2\/media\/4471"}],"wp:attachment":[{"href":"https:\/\/lucentumconsumidores.org\/index.php?rest_route=%2Fwp%2Fv2%2Fmedia&parent=4468"}],"wp:term":[{"taxonomy":"category","embeddable":true,"href":"https:\/\/lucentumconsumidores.org\/index.php?rest_route=%2Fwp%2Fv2%2Fcategories&post=4468"},{"taxonomy":"post_tag","embeddable":true,"href":"https:\/\/lucentumconsumidores.org\/index.php?rest_route=%2Fwp%2Fv2%2Ftags&post=4468"}],"curies":[{"name":"wp","href":"https:\/\/api.w.org\/{rel}","templated":true}]}}