{"id":4505,"date":"2025-03-12T14:41:00","date_gmt":"2025-03-12T12:41:00","guid":{"rendered":"https:\/\/lucentumconsumidores.org\/?p=4505"},"modified":"2025-05-22T12:41:54","modified_gmt":"2025-05-22T10:41:54","slug":"mujer-y-bienestar-social-2","status":"publish","type":"post","link":"https:\/\/lucentumconsumidores.org\/?p=4505","title":{"rendered":"MUJER Y BIENESTAR SOCIAL &#8211; ASPE                        DONA I BENESTAR SOCIAL &#8211; ASPE"},"content":{"rendered":"\n<figure class=\"wp-block-image size-large\"><img loading=\"lazy\" decoding=\"async\" width=\"1024\" height=\"768\" src=\"https:\/\/lucentumconsumidores.org\/wp-content\/uploads\/2025\/03\/IMG-20250311-WA0022-1024x768.jpg\" alt=\"\" class=\"wp-image-4509\" srcset=\"https:\/\/lucentumconsumidores.org\/wp-content\/uploads\/2025\/03\/IMG-20250311-WA0022-1024x768.jpg 1024w, https:\/\/lucentumconsumidores.org\/wp-content\/uploads\/2025\/03\/IMG-20250311-WA0022-300x225.jpg 300w, https:\/\/lucentumconsumidores.org\/wp-content\/uploads\/2025\/03\/IMG-20250311-WA0022-768x576.jpg 768w, https:\/\/lucentumconsumidores.org\/wp-content\/uploads\/2025\/03\/IMG-20250311-WA0022-1536x1152.jpg 1536w, https:\/\/lucentumconsumidores.org\/wp-content\/uploads\/2025\/03\/IMG-20250311-WA0022.jpg 2048w\" sizes=\"auto, (max-width: 1024px) 100vw, 1024px\" \/><\/figure>\n\n\n\n<p>Aunque la tarde no acompa\u00f1aba,  por la lluvia,  termino siendo deslumbrante y muy productiva. Una vez m\u00e1s, Cuque, capto la atenci\u00f3n de nuestras compa\u00f1eras de la Asociaci\u00f3n de Amas de Casa de Aspe, con su ponencia \u00abMUJER Y BIENESTAR SOCIAL\u00bb<\/p>\n\n\n\n<figure class=\"wp-block-gallery has-nested-images columns-default is-cropped wp-block-gallery-1 is-layout-flex wp-block-gallery-is-layout-flex\">\n<figure class=\"wp-block-image size-large\"><img loading=\"lazy\" decoding=\"async\" width=\"1024\" height=\"768\" data-id=\"4510\" src=\"https:\/\/lucentumconsumidores.org\/wp-content\/uploads\/2025\/03\/IMG-20250311-WA0062-1024x768.jpg\" alt=\"\" class=\"wp-image-4510\" srcset=\"https:\/\/lucentumconsumidores.org\/wp-content\/uploads\/2025\/03\/IMG-20250311-WA0062-1024x768.jpg 1024w, https:\/\/lucentumconsumidores.org\/wp-content\/uploads\/2025\/03\/IMG-20250311-WA0062-300x225.jpg 300w, https:\/\/lucentumconsumidores.org\/wp-content\/uploads\/2025\/03\/IMG-20250311-WA0062-768x576.jpg 768w, https:\/\/lucentumconsumidores.org\/wp-content\/uploads\/2025\/03\/IMG-20250311-WA0062-1536x1152.jpg 1536w, https:\/\/lucentumconsumidores.org\/wp-content\/uploads\/2025\/03\/IMG-20250311-WA0062-2048x1536.jpg 2048w\" sizes=\"auto, (max-width: 1024px) 100vw, 1024px\" \/><\/figure>\n\n\n\n<figure class=\"wp-block-image size-large\"><img loading=\"lazy\" decoding=\"async\" width=\"1024\" height=\"768\" data-id=\"4511\" src=\"https:\/\/lucentumconsumidores.org\/wp-content\/uploads\/2025\/03\/IMG-20250311-WA0064-1024x768.jpg\" alt=\"\" class=\"wp-image-4511\" srcset=\"https:\/\/lucentumconsumidores.org\/wp-content\/uploads\/2025\/03\/IMG-20250311-WA0064-1024x768.jpg 1024w, https:\/\/lucentumconsumidores.org\/wp-content\/uploads\/2025\/03\/IMG-20250311-WA0064-300x225.jpg 300w, https:\/\/lucentumconsumidores.org\/wp-content\/uploads\/2025\/03\/IMG-20250311-WA0064-768x576.jpg 768w, https:\/\/lucentumconsumidores.org\/wp-content\/uploads\/2025\/03\/IMG-20250311-WA0064-1536x1152.jpg 1536w, https:\/\/lucentumconsumidores.org\/wp-content\/uploads\/2025\/03\/IMG-20250311-WA0064-2048x1536.jpg 2048w\" sizes=\"auto, (max-width: 1024px) 100vw, 1024px\" \/><\/figure>\n<\/figure>\n\n\n\n<p>Encara que la vesprada no acompanyava, per la pluja, acabe sent enlluernadora i molt productiva. Una vegada m\u00e9s, Cuque, capte l&#8217;atenci\u00f3 de les nostres companyes de l&#8217;Associaci\u00f3 de Mestresses de casa d&#8217;Aspe, amb la seua pon\u00e8ncia \u00abDONA I BENESTAR SOCIAL\u00bb<\/p>\n\n\n\n<figure class=\"wp-block-gallery has-nested-images columns-default is-cropped wp-block-gallery-2 is-layout-flex wp-block-gallery-is-layout-flex\">\n<figure class=\"wp-block-image size-large\"><img loading=\"lazy\" decoding=\"async\" width=\"1024\" height=\"768\" data-id=\"4512\" src=\"https:\/\/lucentumconsumidores.org\/wp-content\/uploads\/2025\/03\/IMG-20250311-WA0076-1024x768.jpg\" alt=\"\" class=\"wp-image-4512\" srcset=\"https:\/\/lucentumconsumidores.org\/wp-content\/uploads\/2025\/03\/IMG-20250311-WA0076-1024x768.jpg 1024w, https:\/\/lucentumconsumidores.org\/wp-content\/uploads\/2025\/03\/IMG-20250311-WA0076-300x225.jpg 300w, https:\/\/lucentumconsumidores.org\/wp-content\/uploads\/2025\/03\/IMG-20250311-WA0076-768x576.jpg 768w, https:\/\/lucentumconsumidores.org\/wp-content\/uploads\/2025\/03\/IMG-20250311-WA0076-1536x1152.jpg 1536w, https:\/\/lucentumconsumidores.org\/wp-content\/uploads\/2025\/03\/IMG-20250311-WA0076-2048x1536.jpg 2048w\" sizes=\"auto, (max-width: 1024px) 100vw, 1024px\" \/><\/figure>\n\n\n\n<figure class=\"wp-block-image size-large\"><img loading=\"lazy\" decoding=\"async\" width=\"1024\" height=\"768\" data-id=\"4513\" src=\"https:\/\/lucentumconsumidores.org\/wp-content\/uploads\/2025\/03\/IMG-20250311-WA0082-2-1024x768.jpg\" alt=\"\" class=\"wp-image-4513\" srcset=\"https:\/\/lucentumconsumidores.org\/wp-content\/uploads\/2025\/03\/IMG-20250311-WA0082-2-1024x768.jpg 1024w, https:\/\/lucentumconsumidores.org\/wp-content\/uploads\/2025\/03\/IMG-20250311-WA0082-2-300x225.jpg 300w, https:\/\/lucentumconsumidores.org\/wp-content\/uploads\/2025\/03\/IMG-20250311-WA0082-2-768x576.jpg 768w, https:\/\/lucentumconsumidores.org\/wp-content\/uploads\/2025\/03\/IMG-20250311-WA0082-2-1536x1152.jpg 1536w, https:\/\/lucentumconsumidores.org\/wp-content\/uploads\/2025\/03\/IMG-20250311-WA0082-2-2048x1536.jpg 2048w\" sizes=\"auto, (max-width: 1024px) 100vw, 1024px\" \/><\/figure>\n<\/figure>\n","protected":false},"excerpt":{"rendered":"<p>Aunque la tarde no acompa\u00f1aba, por la lluvia, termino siendo deslumbrante y muy productiva. Una vez m\u00e1s, Cuque, capto la atenci\u00f3n de nuestras compa\u00f1eras de la Asociaci\u00f3n de Amas de Casa de Aspe, con su ponencia \u00abMUJER Y BIENESTAR SOCIAL\u00bb Encara que la vesprada no acompanyava, per la pluja, acabe sent enlluernadora i molt productiva&#8230;.<\/p>\n","protected":false},"author":2,"featured_media":4510,"comment_status":"open","ping_status":"open","sticky":false,"template":"","format":"standard","meta":{"footnotes":""},"categories":[20,14,11],"tags":[],"class_list":["post-4505","post","type-post","status-publish","format-standard","has-post-thumbnail","hentry","category-destacadas","category-jornadas","category-mujer"],"jetpack_featured_media_url":"https:\/\/lucentumconsumidores.org\/wp-content\/uploads\/2025\/03\/IMG-20250311-WA0062-scaled.jpg","_links":{"self":[{"href":"https:\/\/lucentumconsumidores.org\/index.php?rest_route=\/wp\/v2\/posts\/4505","targetHints":{"allow":["GET"]}}],"collection":[{"href":"https:\/\/lucentumconsumidores.org\/index.php?rest_route=\/wp\/v2\/posts"}],"about":[{"href":"https:\/\/lucentumconsumidores.org\/index.php?rest_route=\/wp\/v2\/types\/post"}],"author":[{"embeddable":true,"href":"https:\/\/lucentumconsumidores.org\/index.php?rest_route=\/wp\/v2\/users\/2"}],"replies":[{"embeddable":true,"href":"https:\/\/lucentumconsumidores.org\/index.php?rest_route=%2Fwp%2Fv2%2Fcomments&post=4505"}],"version-history":[{"count":3,"href":"https:\/\/lucentumconsumidores.org\/index.php?rest_route=\/wp\/v2\/posts\/4505\/revisions"}],"predecessor-version":[{"id":4729,"href":"https:\/\/lucentumconsumidores.org\/index.php?rest_route=\/wp\/v2\/posts\/4505\/revisions\/4729"}],"wp:featuredmedia":[{"embeddable":true,"href":"https:\/\/lucentumconsumidores.org\/index.php?rest_route=\/wp\/v2\/media\/4510"}],"wp:attachment":[{"href":"https:\/\/lucentumconsumidores.org\/index.php?rest_route=%2Fwp%2Fv2%2Fmedia&parent=4505"}],"wp:term":[{"taxonomy":"category","embeddable":true,"href":"https:\/\/lucentumconsumidores.org\/index.php?rest_route=%2Fwp%2Fv2%2Fcategories&post=4505"},{"taxonomy":"post_tag","embeddable":true,"href":"https:\/\/lucentumconsumidores.org\/index.php?rest_route=%2Fwp%2Fv2%2Ftags&post=4505"}],"curies":[{"name":"wp","href":"https:\/\/api.w.org\/{rel}","templated":true}]}}