{"id":4631,"date":"2025-03-28T19:10:12","date_gmt":"2025-03-28T17:10:12","guid":{"rendered":"https:\/\/lucentumconsumidores.org\/?p=4631"},"modified":"2026-01-22T12:32:21","modified_gmt":"2026-01-22T10:32:21","slug":"reclama-tu-hipoteca-reclama-la-teua-hipoteca-2","status":"publish","type":"post","link":"https:\/\/lucentumconsumidores.org\/?p=4631","title":{"rendered":"REDES CON VOZ &#8211; XARXES AMB VEU"},"content":{"rendered":"\n<figure class=\"wp-block-image size-large\"><img loading=\"lazy\" decoding=\"async\" width=\"1024\" height=\"377\" src=\"https:\/\/lucentumconsumidores.org\/wp-content\/uploads\/2025\/03\/8-1-1024x377.jpg\" alt=\"\" class=\"wp-image-5360\" srcset=\"https:\/\/lucentumconsumidores.org\/wp-content\/uploads\/2025\/03\/8-1-1024x377.jpg 1024w, https:\/\/lucentumconsumidores.org\/wp-content\/uploads\/2025\/03\/8-1-300x110.jpg 300w, https:\/\/lucentumconsumidores.org\/wp-content\/uploads\/2025\/03\/8-1-768x283.jpg 768w, https:\/\/lucentumconsumidores.org\/wp-content\/uploads\/2025\/03\/8-1-1536x566.jpg 1536w, https:\/\/lucentumconsumidores.org\/wp-content\/uploads\/2025\/03\/8-1.jpg 2048w\" sizes=\"auto, (max-width: 1024px) 100vw, 1024px\" \/><\/figure>\n\n\n\n<p>El pasado d\u00eda 26 de Marzo,  nos trasladamos a Biar,  donde nuestros compa\u00f1eros Soledad Morales y Fabian Tasc\u00f3n nos ofrecieron sus conocimientos sobre el Proyecto \u00abREDES CON VOZ\u00bb  con el objeto de mejorar las competencias personales, sociales y digitales. <\/p>\n\n\n\n<p>El passat dia 26 de Mar\u00e7, ens vam traslladar a Biar, on els nostres companys Soledad Morales i *Fabian *Tasc\u00f3n ens van oferir els seus coneixements sobre el Projecte \u00abXARXES AMB VEU\u00bb a fi de millorar les compet\u00e8ncies personals, socials i digitals.<\/p>\n","protected":false},"excerpt":{"rendered":"<p>El pasado d\u00eda 26 de Marzo, nos trasladamos a Biar, donde nuestros compa\u00f1eros Soledad Morales y Fabian Tasc\u00f3n nos ofrecieron sus conocimientos sobre el Proyecto \u00abREDES CON VOZ\u00bb con el objeto de mejorar las competencias personales, sociales y digitales. El passat dia 26 de Mar\u00e7, ens vam traslladar a Biar, on els nostres companys Soledad&#8230;<\/p>\n","protected":false},"author":2,"featured_media":5360,"comment_status":"open","ping_status":"open","sticky":false,"template":"","format":"standard","meta":{"footnotes":""},"categories":[13,14,11],"tags":[],"class_list":["post-4631","post","type-post","status-publish","format-standard","has-post-thumbnail","hentry","category-general","category-jornadas","category-mujer"],"jetpack_featured_media_url":"https:\/\/lucentumconsumidores.org\/wp-content\/uploads\/2025\/03\/8-1.jpg","_links":{"self":[{"href":"https:\/\/lucentumconsumidores.org\/index.php?rest_route=\/wp\/v2\/posts\/4631","targetHints":{"allow":["GET"]}}],"collection":[{"href":"https:\/\/lucentumconsumidores.org\/index.php?rest_route=\/wp\/v2\/posts"}],"about":[{"href":"https:\/\/lucentumconsumidores.org\/index.php?rest_route=\/wp\/v2\/types\/post"}],"author":[{"embeddable":true,"href":"https:\/\/lucentumconsumidores.org\/index.php?rest_route=\/wp\/v2\/users\/2"}],"replies":[{"embeddable":true,"href":"https:\/\/lucentumconsumidores.org\/index.php?rest_route=%2Fwp%2Fv2%2Fcomments&post=4631"}],"version-history":[{"count":3,"href":"https:\/\/lucentumconsumidores.org\/index.php?rest_route=\/wp\/v2\/posts\/4631\/revisions"}],"predecessor-version":[{"id":5361,"href":"https:\/\/lucentumconsumidores.org\/index.php?rest_route=\/wp\/v2\/posts\/4631\/revisions\/5361"}],"wp:featuredmedia":[{"embeddable":true,"href":"https:\/\/lucentumconsumidores.org\/index.php?rest_route=\/wp\/v2\/media\/5360"}],"wp:attachment":[{"href":"https:\/\/lucentumconsumidores.org\/index.php?rest_route=%2Fwp%2Fv2%2Fmedia&parent=4631"}],"wp:term":[{"taxonomy":"category","embeddable":true,"href":"https:\/\/lucentumconsumidores.org\/index.php?rest_route=%2Fwp%2Fv2%2Fcategories&post=4631"},{"taxonomy":"post_tag","embeddable":true,"href":"https:\/\/lucentumconsumidores.org\/index.php?rest_route=%2Fwp%2Fv2%2Ftags&post=4631"}],"curies":[{"name":"wp","href":"https:\/\/api.w.org\/{rel}","templated":true}]}}