{"id":4656,"date":"2025-04-08T12:52:58","date_gmt":"2025-04-08T10:52:58","guid":{"rendered":"https:\/\/lucentumconsumidores.org\/?p=4656"},"modified":"2025-12-16T13:34:57","modified_gmt":"2025-12-16T11:34:57","slug":"ponencia-en-hondon-de-las-nieves","status":"publish","type":"post","link":"https:\/\/lucentumconsumidores.org\/?p=4656","title":{"rendered":"PONENCIA EN HOND\u00d3N DE LAS NIEVES PON\u00c8NCIA HONDON DE LES NEUS"},"content":{"rendered":"\n<figure class=\"wp-block-image size-large\"><img loading=\"lazy\" decoding=\"async\" width=\"1024\" height=\"617\" src=\"https:\/\/lucentumconsumidores.org\/wp-content\/uploads\/2025\/04\/IMG-20250408-WA0001.2-1024x617.jpg\" alt=\"\" class=\"wp-image-4658\" srcset=\"https:\/\/lucentumconsumidores.org\/wp-content\/uploads\/2025\/04\/IMG-20250408-WA0001.2-1024x617.jpg 1024w, https:\/\/lucentumconsumidores.org\/wp-content\/uploads\/2025\/04\/IMG-20250408-WA0001.2-300x181.jpg 300w, https:\/\/lucentumconsumidores.org\/wp-content\/uploads\/2025\/04\/IMG-20250408-WA0001.2-768x463.jpg 768w, https:\/\/lucentumconsumidores.org\/wp-content\/uploads\/2025\/04\/IMG-20250408-WA0001.2.jpg 1324w\" sizes=\"auto, (max-width: 1024px) 100vw, 1024px\" \/><\/figure>\n\n\n\n<p>Ponencia de Paca Ayza, en la Asociaci\u00f3n de Amas de Casa y Consumidores de Hond\u00f3n de las Nieves. \u00abRECETAS DE CONSUMO &#8211; RECETAS DE VIDA\u00bb.<\/p>\n\n\n\n<p>Fue una tarde muy enriquecedora, donde hablamos de nuestras imperfecciones, como humanos que somos.  De nuestras vidas  y   de lo mucho que debemos ser agradecidos con lo que somos y con lo que tenemos. <\/p>\n\n\n\n<figure class=\"wp-block-gallery has-nested-images columns-default is-cropped wp-block-gallery-1 is-layout-flex wp-block-gallery-is-layout-flex\">\n<figure class=\"wp-block-image size-large\"><img loading=\"lazy\" decoding=\"async\" width=\"1024\" height=\"525\" data-id=\"4660\" src=\"https:\/\/lucentumconsumidores.org\/wp-content\/uploads\/2025\/04\/IMG-20250408-WA0002.2-1024x525.jpg\" alt=\"\" class=\"wp-image-4660\" srcset=\"https:\/\/lucentumconsumidores.org\/wp-content\/uploads\/2025\/04\/IMG-20250408-WA0002.2-1024x525.jpg 1024w, https:\/\/lucentumconsumidores.org\/wp-content\/uploads\/2025\/04\/IMG-20250408-WA0002.2-300x154.jpg 300w, https:\/\/lucentumconsumidores.org\/wp-content\/uploads\/2025\/04\/IMG-20250408-WA0002.2-768x394.jpg 768w, https:\/\/lucentumconsumidores.org\/wp-content\/uploads\/2025\/04\/IMG-20250408-WA0002.2-1536x787.jpg 1536w, https:\/\/lucentumconsumidores.org\/wp-content\/uploads\/2025\/04\/IMG-20250408-WA0002.2.jpg 1600w\" sizes=\"auto, (max-width: 1024px) 100vw, 1024px\" \/><\/figure>\n\n\n\n<figure class=\"wp-block-image size-large\"><img loading=\"lazy\" decoding=\"async\" width=\"1024\" height=\"768\" data-id=\"4661\" src=\"https:\/\/lucentumconsumidores.org\/wp-content\/uploads\/2025\/04\/IMG-20250408-WA0003-1024x768.jpg\" alt=\"\" class=\"wp-image-4661\" srcset=\"https:\/\/lucentumconsumidores.org\/wp-content\/uploads\/2025\/04\/IMG-20250408-WA0003-1024x768.jpg 1024w, https:\/\/lucentumconsumidores.org\/wp-content\/uploads\/2025\/04\/IMG-20250408-WA0003-300x225.jpg 300w, https:\/\/lucentumconsumidores.org\/wp-content\/uploads\/2025\/04\/IMG-20250408-WA0003-768x576.jpg 768w, https:\/\/lucentumconsumidores.org\/wp-content\/uploads\/2025\/04\/IMG-20250408-WA0003-1536x1152.jpg 1536w, https:\/\/lucentumconsumidores.org\/wp-content\/uploads\/2025\/04\/IMG-20250408-WA0003.jpg 1599w\" sizes=\"auto, (max-width: 1024px) 100vw, 1024px\" \/><\/figure>\n<\/figure>\n\n\n\n<p>Pon\u00e8ncia de Paca Ayza, en l&#8217;Associaci\u00f3 de Mestresses de casa i Consumidors del Fond\u00f3 de les Neus. \u00abRECEPTES DE CONSUM &#8211; RECEPTES DE VIDA\u00bb.<\/p>\n\n\n\n<p>Va ser una vesprada molt enriquidora, on parlem de les nostres imperfeccions, com a humans que som. De les nostres vides i del molt que hem de ser agra\u00efts amb el que som i amb el que tenim.<\/p>\n","protected":false},"excerpt":{"rendered":"<p>Ponencia de Paca Ayza, en la Asociaci\u00f3n de Amas de Casa y Consumidores de Hond\u00f3n de las Nieves. \u00abRECETAS DE CONSUMO &#8211; RECETAS DE VIDA\u00bb. Fue una tarde muy enriquecedora, donde hablamos de nuestras imperfecciones, como humanos que somos. De nuestras vidas y de lo mucho que debemos ser agradecidos con lo que somos y&#8230;<\/p>\n","protected":false},"author":2,"featured_media":4660,"comment_status":"open","ping_status":"open","sticky":false,"template":"","format":"standard","meta":{"footnotes":""},"categories":[9,20,13],"tags":[],"class_list":["post-4656","post","type-post","status-publish","format-standard","has-post-thumbnail","hentry","category-consumo","category-destacadas","category-general"],"jetpack_featured_media_url":"https:\/\/lucentumconsumidores.org\/wp-content\/uploads\/2025\/04\/IMG-20250408-WA0002.2.jpg","_links":{"self":[{"href":"https:\/\/lucentumconsumidores.org\/index.php?rest_route=\/wp\/v2\/posts\/4656","targetHints":{"allow":["GET"]}}],"collection":[{"href":"https:\/\/lucentumconsumidores.org\/index.php?rest_route=\/wp\/v2\/posts"}],"about":[{"href":"https:\/\/lucentumconsumidores.org\/index.php?rest_route=\/wp\/v2\/types\/post"}],"author":[{"embeddable":true,"href":"https:\/\/lucentumconsumidores.org\/index.php?rest_route=\/wp\/v2\/users\/2"}],"replies":[{"embeddable":true,"href":"https:\/\/lucentumconsumidores.org\/index.php?rest_route=%2Fwp%2Fv2%2Fcomments&post=4656"}],"version-history":[{"count":4,"href":"https:\/\/lucentumconsumidores.org\/index.php?rest_route=\/wp\/v2\/posts\/4656\/revisions"}],"predecessor-version":[{"id":5302,"href":"https:\/\/lucentumconsumidores.org\/index.php?rest_route=\/wp\/v2\/posts\/4656\/revisions\/5302"}],"wp:featuredmedia":[{"embeddable":true,"href":"https:\/\/lucentumconsumidores.org\/index.php?rest_route=\/wp\/v2\/media\/4660"}],"wp:attachment":[{"href":"https:\/\/lucentumconsumidores.org\/index.php?rest_route=%2Fwp%2Fv2%2Fmedia&parent=4656"}],"wp:term":[{"taxonomy":"category","embeddable":true,"href":"https:\/\/lucentumconsumidores.org\/index.php?rest_route=%2Fwp%2Fv2%2Fcategories&post=4656"},{"taxonomy":"post_tag","embeddable":true,"href":"https:\/\/lucentumconsumidores.org\/index.php?rest_route=%2Fwp%2Fv2%2Ftags&post=4656"}],"curies":[{"name":"wp","href":"https:\/\/api.w.org\/{rel}","templated":true}]}}