{"id":4671,"date":"2025-05-09T10:21:04","date_gmt":"2025-05-09T08:21:04","guid":{"rendered":"https:\/\/lucentumconsumidores.org\/?p=4671"},"modified":"2025-12-16T14:01:24","modified_gmt":"2025-12-16T12:01:24","slug":"9-de-mayo-dia-de-europa","status":"publish","type":"post","link":"https:\/\/lucentumconsumidores.org\/?p=4671","title":{"rendered":"9 DE MAYO &#8211; D\u00cdA DE EUROPA.                                   9 DE MAIG &#8211; DIA D&#8217;EUROPA."},"content":{"rendered":"\n<figure class=\"wp-block-image size-full\"><img loading=\"lazy\" decoding=\"async\" width=\"940\" height=\"788\" src=\"https:\/\/lucentumconsumidores.org\/wp-content\/uploads\/2025\/05\/ecp880.png\" alt=\"\" class=\"wp-image-4672\" srcset=\"https:\/\/lucentumconsumidores.org\/wp-content\/uploads\/2025\/05\/ecp880.png 940w, https:\/\/lucentumconsumidores.org\/wp-content\/uploads\/2025\/05\/ecp880-300x251.png 300w, https:\/\/lucentumconsumidores.org\/wp-content\/uploads\/2025\/05\/ecp880-768x644.png 768w\" sizes=\"auto, (max-width: 940px) 100vw, 940px\" \/><\/figure>\n\n\n\n<p>Hoy, 9 de mayo, D\u00eda de Europa, nos unimos a celebrar la unidad y los valores comunes que nos impulsan hacia una sociedad m\u00e1s segura y sostenible. <\/p>\n\n\n\n<p class=\"has-text-align-left\">A trav\u00e9s del proyecto <strong>ECP880 &#8211; Empowering Consumer Professionals,<\/strong> trabajamos para que profesionales de  la  educaci\u00f3n al  consumidor est\u00e9n  mejor  preparados  para  enfrentar  los  desaf\u00edos del  nuevo marco europeo sobre seguridad de productos y sostenibilidad.<\/p>\n\n\n\n<p>Con el  apoyo  del programa  Erasmus+ de la Comisi\u00f3n Europea,  estamos  desarrollando  un toolkit formativo para formar a quienes informan, orientan y protegen a consumidores de todas las edades: desde los 8 hasta los 80 a\u00f1os.  Adem\u00e1s, en el marco  del proyecto,  se llevar\u00e1n a cabo actividades de formaci\u00f3n en Espa\u00f1a y Portugal. <\/p>\n\n\n\n<p><strong>Porque una Europa m\u00e1s verde y segura empieza con consumidores bien formados. <\/strong>                                                <\/p>\n\n\n\n<p>En colaboraci\u00f3n con  <strong>AIJU<\/strong> (Instituto Tecnol\u00f3gico de Producto Infantil y Ocio)  y  <strong>APSI<\/strong> (Associa\u00e7ao para a Promo\u00e7ao de Seguran\u00e7a Infantil) .<\/p>\n\n\n\n<p>Este  proyecto  est\u00e1  Subvencionado por  <strong>SEPIE<\/strong>  (Servicio  Espa\u00f1ol  Para la  Internacionalizaci\u00f3n  de la Educaci\u00f3n).<\/p>\n\n\n\n<p>&#8230;&#8230;&#8230;&#8230;<\/p>\n\n\n\n<p>Hui, 9 de maig, Dia d&#8217;Europa, ens unim a celebrar la unitat i els valors comuns que ens impulsen cap a una societat m\u00e9s segura i sostenible.<\/p>\n\n\n\n<p>A trav\u00e9s del projecte ECP880 &#8211; Empowering Consumer *Professionals, treballem perqu\u00e8 professionals de l&#8217;educaci\u00f3 al consumidor estiguen millor preparats per a enfrontar els desafiaments del nou marc europeu sobre seguretat de productes i sostenibilitat.<\/p>\n\n\n\n<p>Amb el suport del programa Erasmus+ de la Comissi\u00f3 Europea, estem desenrotllant un toolkit formatiu per a formar als qui informen, orienten i protegixen consumidors de totes les edats: des dels 8 fins als 80 anys. A m\u00e9s, en el marc del projecte, es duran a terme activitats de formaci\u00f3 a Espanya i Portugal.<\/p>\n\n\n\n<p>Perqu\u00e8 una Europa m\u00e9s verda i segura comen\u00e7a amb consumidors ben formats.<\/p>\n\n\n\n<p>En col\u00b7laboraci\u00f3 amb AIJU (Institut Tecnol\u00f2gic de Producte Infantil i Oci) i APSI (Associa\u00e7ao per a a Promo\u00e7ao de Seguran\u00e7a Infantil) .<\/p>\n\n\n\n<p>Este projecte est\u00e0 Subvencionat per SEPIE (Servici Espanyol Per a la Internacionalitzaci\u00f3 de l&#8217;Educaci\u00f3).<\/p>\n","protected":false},"excerpt":{"rendered":"<p>Hoy, 9 de mayo, D\u00eda de Europa, nos unimos a celebrar la unidad y los valores comunes que nos impulsan hacia una sociedad m\u00e1s segura y sostenible. A trav\u00e9s del proyecto ECP880 &#8211; Empowering Consumer Professionals, trabajamos para que profesionales de la educaci\u00f3n al consumidor est\u00e9n mejor preparados para enfrentar los desaf\u00edos del nuevo marco&#8230;<\/p>\n","protected":false},"author":2,"featured_media":4672,"comment_status":"open","ping_status":"open","sticky":false,"template":"","format":"standard","meta":{"footnotes":""},"categories":[9,20,5,13,8],"tags":[],"class_list":["post-4671","post","type-post","status-publish","format-standard","has-post-thumbnail","hentry","category-consumo","category-destacadas","category-eventos","category-general","category-publicaciones"],"jetpack_featured_media_url":"https:\/\/lucentumconsumidores.org\/wp-content\/uploads\/2025\/05\/ecp880.png","_links":{"self":[{"href":"https:\/\/lucentumconsumidores.org\/index.php?rest_route=\/wp\/v2\/posts\/4671","targetHints":{"allow":["GET"]}}],"collection":[{"href":"https:\/\/lucentumconsumidores.org\/index.php?rest_route=\/wp\/v2\/posts"}],"about":[{"href":"https:\/\/lucentumconsumidores.org\/index.php?rest_route=\/wp\/v2\/types\/post"}],"author":[{"embeddable":true,"href":"https:\/\/lucentumconsumidores.org\/index.php?rest_route=\/wp\/v2\/users\/2"}],"replies":[{"embeddable":true,"href":"https:\/\/lucentumconsumidores.org\/index.php?rest_route=%2Fwp%2Fv2%2Fcomments&post=4671"}],"version-history":[{"count":3,"href":"https:\/\/lucentumconsumidores.org\/index.php?rest_route=\/wp\/v2\/posts\/4671\/revisions"}],"predecessor-version":[{"id":4760,"href":"https:\/\/lucentumconsumidores.org\/index.php?rest_route=\/wp\/v2\/posts\/4671\/revisions\/4760"}],"wp:featuredmedia":[{"embeddable":true,"href":"https:\/\/lucentumconsumidores.org\/index.php?rest_route=\/wp\/v2\/media\/4672"}],"wp:attachment":[{"href":"https:\/\/lucentumconsumidores.org\/index.php?rest_route=%2Fwp%2Fv2%2Fmedia&parent=4671"}],"wp:term":[{"taxonomy":"category","embeddable":true,"href":"https:\/\/lucentumconsumidores.org\/index.php?rest_route=%2Fwp%2Fv2%2Fcategories&post=4671"},{"taxonomy":"post_tag","embeddable":true,"href":"https:\/\/lucentumconsumidores.org\/index.php?rest_route=%2Fwp%2Fv2%2Ftags&post=4671"}],"curies":[{"name":"wp","href":"https:\/\/api.w.org\/{rel}","templated":true}]}}