{"id":4679,"date":"2025-05-12T10:50:43","date_gmt":"2025-05-12T08:50:43","guid":{"rendered":"https:\/\/lucentumconsumidores.org\/?p=4679"},"modified":"2025-05-22T13:01:24","modified_gmt":"2025-05-22T11:01:24","slug":"i-congreso-de-mujeres-en-gastronomia-meg-2025","status":"publish","type":"post","link":"https:\/\/lucentumconsumidores.org\/?p=4679","title":{"rendered":"I CONGRESO DE MUJERES EN GASTRONOMIA &#8211; MEG 2025                                                                     I CONGR\u00c9S DE DONES EN GASTRONOMIA &#8211;   MEG 2025"},"content":{"rendered":"\n<figure class=\"wp-block-image size-large\"><img loading=\"lazy\" decoding=\"async\" width=\"768\" height=\"1024\" src=\"https:\/\/lucentumconsumidores.org\/wp-content\/uploads\/2025\/05\/IMG-20250512-WA0001-768x1024.jpg\" alt=\"\" class=\"wp-image-4680\" srcset=\"https:\/\/lucentumconsumidores.org\/wp-content\/uploads\/2025\/05\/IMG-20250512-WA0001-768x1024.jpg 768w, https:\/\/lucentumconsumidores.org\/wp-content\/uploads\/2025\/05\/IMG-20250512-WA0001-225x300.jpg 225w, https:\/\/lucentumconsumidores.org\/wp-content\/uploads\/2025\/05\/IMG-20250512-WA0001-1152x1536.jpg 1152w, https:\/\/lucentumconsumidores.org\/wp-content\/uploads\/2025\/05\/IMG-20250512-WA0001.jpg 1200w\" sizes=\"auto, (max-width: 768px) 100vw, 768px\" \/><\/figure>\n\n\n\n<p>I Congreso de Mujeres en Gastronom\u00eda &#8211; MEG, organizado por la Asociaci\u00f3n presidida por la Chef M\u00aa Jos\u00e9 San Rom\u00e1n.  Celebrado en la Fundaci\u00f3n Mediterr\u00e1neo, dio comienzo,  ayer domingo,  con la inauguraci\u00f3n por parte de la Concejala de Comercio, Hosteler\u00eda y Mercados del Ayuntamiento de Alicante, Lidia L\u00f3pez.   <\/p>\n\n\n\n<p>Con el lema \u00abLa fuerza de lo que somos\u00bb  es un congreso, para analizar los retos y la transformaci\u00f3n del sector.  Busca dar visibilidad a la labor de las mujeres.<\/p>\n\n\n\n<p>A este congreso, asisten en representaci\u00f3n de nuestra Federaci\u00f3n Lucentum,  su  Presienta, Soledad Morales,  y  Francisca Ayza,  T\u00e9cnico de Lucentum. <\/p>\n\n\n\n<figure class=\"wp-block-image size-large\"><img loading=\"lazy\" decoding=\"async\" width=\"1024\" height=\"1021\" src=\"https:\/\/lucentumconsumidores.org\/wp-content\/uploads\/2025\/05\/IMG-20250512-WA0002-1024x1021.jpg\" alt=\"\" class=\"wp-image-4681\" srcset=\"https:\/\/lucentumconsumidores.org\/wp-content\/uploads\/2025\/05\/IMG-20250512-WA0002-1024x1021.jpg 1024w, https:\/\/lucentumconsumidores.org\/wp-content\/uploads\/2025\/05\/IMG-20250512-WA0002-300x300.jpg 300w, https:\/\/lucentumconsumidores.org\/wp-content\/uploads\/2025\/05\/IMG-20250512-WA0002-150x150.jpg 150w, https:\/\/lucentumconsumidores.org\/wp-content\/uploads\/2025\/05\/IMG-20250512-WA0002-768x765.jpg 768w, https:\/\/lucentumconsumidores.org\/wp-content\/uploads\/2025\/05\/IMG-20250512-WA0002.jpg 1200w\" sizes=\"auto, (max-width: 1024px) 100vw, 1024px\" \/><\/figure>\n\n\n\n<p>I Congr\u00e9s de Dones en Gastronomia &#8211; MEG, organitzat per l&#8217;Associaci\u00f3 presidida per la Xef M\u00aa Jos\u00e9 San Rom\u00e1n. Celebrat en la Fundaci\u00f3 Mediterrani, va donar principi, ahir diumenge, amb la inauguraci\u00f3 per part de la Regidora de Comer\u00e7, Hostaleria i Mercats de l&#8217;Ajuntament d&#8217;Alacant, L\u00eddia L\u00f3pez.<\/p>\n\n\n\n<p>Amb el lema \u00abLa for\u00e7a del que som\u00bb \u00e9s un congr\u00e9s, per a analitzar els reptes i la transformaci\u00f3 del sector. Busca donar visibilitat a la labor de les dones.<\/p>\n\n\n\n<p>A este congr\u00e9s, assistixen en representaci\u00f3 de la nostra Federaci\u00f3 Lucentum, la seua Pressenta, Soledad Morales, i Francisca Ayza, T\u00e8cnic de Lucentum.<\/p>\n","protected":false},"excerpt":{"rendered":"<p>I Congreso de Mujeres en Gastronom\u00eda &#8211; MEG, organizado por la Asociaci\u00f3n presidida por la Chef M\u00aa Jos\u00e9 San Rom\u00e1n. Celebrado en la Fundaci\u00f3n Mediterr\u00e1neo, dio comienzo, ayer domingo, con la inauguraci\u00f3n por parte de la Concejala de Comercio, Hosteler\u00eda y Mercados del Ayuntamiento de Alicante, Lidia L\u00f3pez. Con el lema \u00abLa fuerza de lo&#8230;<\/p>\n","protected":false},"author":2,"featured_media":4680,"comment_status":"open","ping_status":"open","sticky":false,"template":"","format":"standard","meta":{"footnotes":""},"categories":[9,11,10],"tags":[],"class_list":["post-4679","post","type-post","status-publish","format-standard","has-post-thumbnail","hentry","category-consumo","category-mujer","category-salud-y-alimentacion"],"jetpack_featured_media_url":"https:\/\/lucentumconsumidores.org\/wp-content\/uploads\/2025\/05\/IMG-20250512-WA0001.jpg","_links":{"self":[{"href":"https:\/\/lucentumconsumidores.org\/index.php?rest_route=\/wp\/v2\/posts\/4679","targetHints":{"allow":["GET"]}}],"collection":[{"href":"https:\/\/lucentumconsumidores.org\/index.php?rest_route=\/wp\/v2\/posts"}],"about":[{"href":"https:\/\/lucentumconsumidores.org\/index.php?rest_route=\/wp\/v2\/types\/post"}],"author":[{"embeddable":true,"href":"https:\/\/lucentumconsumidores.org\/index.php?rest_route=\/wp\/v2\/users\/2"}],"replies":[{"embeddable":true,"href":"https:\/\/lucentumconsumidores.org\/index.php?rest_route=%2Fwp%2Fv2%2Fcomments&post=4679"}],"version-history":[{"count":2,"href":"https:\/\/lucentumconsumidores.org\/index.php?rest_route=\/wp\/v2\/posts\/4679\/revisions"}],"predecessor-version":[{"id":4747,"href":"https:\/\/lucentumconsumidores.org\/index.php?rest_route=\/wp\/v2\/posts\/4679\/revisions\/4747"}],"wp:featuredmedia":[{"embeddable":true,"href":"https:\/\/lucentumconsumidores.org\/index.php?rest_route=\/wp\/v2\/media\/4680"}],"wp:attachment":[{"href":"https:\/\/lucentumconsumidores.org\/index.php?rest_route=%2Fwp%2Fv2%2Fmedia&parent=4679"}],"wp:term":[{"taxonomy":"category","embeddable":true,"href":"https:\/\/lucentumconsumidores.org\/index.php?rest_route=%2Fwp%2Fv2%2Fcategories&post=4679"},{"taxonomy":"post_tag","embeddable":true,"href":"https:\/\/lucentumconsumidores.org\/index.php?rest_route=%2Fwp%2Fv2%2Ftags&post=4679"}],"curies":[{"name":"wp","href":"https:\/\/api.w.org\/{rel}","templated":true}]}}