{"id":472,"date":"2019-02-12T11:40:33","date_gmt":"2019-02-12T09:40:33","guid":{"rendered":"https:\/\/lucentumconsumidores.org\/?p=472"},"modified":"2024-11-22T14:42:03","modified_gmt":"2024-11-22T12:42:03","slug":"se-acuerda-la-suspension-de-las-reclamaciones-a-los-perjudicados-de-idental","status":"publish","type":"post","link":"https:\/\/lucentumconsumidores.org\/?p=472","title":{"rendered":"SE ACUERDA LA SUSPENSI\u00d3N DE LAS RECLAMACIONES A LOS PERJUDICADOS DE IDENTAL. S&#8217;ACORDA LA SUSPENSI\u00d3 DE LES RECLAMACIONS ALS PERJUDICATS DE IDENTAL."},"content":{"rendered":"<p>El juez de la Audiencia Naciona, Jos\u00e9 de La Mata ha adoptado una medida cautelar en el marco del procedimiento judicial de Idental que consiste en la suspensi\u00f3n cautelar de las reclamaciones judiciales o extrajudiciales que se hayan formulado por las entidades financieras que hayan suscrito contratos de cr\u00e9dito vinculados a los tratamientos odontol\u00f3gicos firmados con las cl\u00ednicas del grupo Idental.<\/p>\n<p>Si eres uno de los perjudicados y has sufrido una\u00a0 reclamaci\u00f3n, no dudes en pedir la suspensi\u00f3n.<\/p>\n<p>Os dejamos el enlace con la noticia publicada por la p\u00e1gina web del Consejo General del Poder Judicial, donde podr\u00e9is acceder al texto \u00edntegro del importante Auto del 5 de febrero de 2019.<\/p>\n<p><a href=\"http:\/\/www.poderjudicial.es\/cgpj\/es\/Poder-Judicial\/Noticias-Judiciales\/El-juez-acuerda-suspender-las-reclamaciones-de-las-entidades-de-credito-a-los-perjudicados-de-iDental\">http:\/\/www.poderjudicial.es\/cgpj\/es\/Poder-Judicial\/Noticias-Judiciales\/El-juez-acuerda-suspender-las-reclamaciones-de-las-entidades-de-credito-a-los-perjudicados-de-iDental<\/a><\/p>\n<p>&#8230;&#8230;&#8230;&#8230;&#8230;&#8230;&#8230;<\/p>\n\n\n<p>El jutge de l&#8217;Audi\u00e8ncia Naciona, Jos\u00e9 de La Mata ha adoptat una mesura cautelar en el marc del procediment judicial de Idental que consistix en la suspensi\u00f3 cautelar de les reclamacions judicials o extrajudicials que s&#8217;hagen formulat per les entitats financeres que hagen subscrit contractes de cr\u00e8dit vinculats als tractaments odontol\u00f2gics firmats amb les cl\u00edniques del grup Idental.<\/p>\n\n\n\n<p>Si eres un dels perjudicats i has patit una&nbsp; reclamaci\u00f3, no dubtes a demanar la suspensi\u00f3.<\/p>\n\n\n\n<p>Us deixem l&#8217;enlla\u00e7 amb la not\u00edcia publicada per la p\u00e0gina web del Consell General del Poder Judicial, on podreu accedir al text \u00edntegre de l&#8217;important Acte del 5 de febrer de 2019. <a href=\"http:\/\/www.poderjudicial.es\/cgpj\/es\/Poder-Judicial\/Noticias-Judiciales\/El-juez-acuerda-suspender-las-reclamaciones-de-las-entidades-de-credito-a-los-perjudicados-de-iDental\">http:\/\/www.poderjudicial.es\/cgpj\/es\/Poder-Judicial\/Noticias-Judiciales\/El-juez-acuerda-suspender-las-reclamaciones-de-las-entidades-de-credito-a-los-perjudicados-de-iDental<\/a><\/p>\n","protected":false},"excerpt":{"rendered":"<p>El juez de la Audiencia Naciona, Jos\u00e9 de La Mata ha adoptado una medida cautelar en el marco del procedimiento judicial de Idental que consiste en la suspensi\u00f3n cautelar de las reclamaciones judiciales o extrajudiciales que se hayan formulado por las entidades financieras que hayan suscrito contratos de cr\u00e9dito vinculados a los tratamientos odontol\u00f3gicos firmados&#8230;<\/p>\n","protected":false},"author":2,"featured_media":3244,"comment_status":"open","ping_status":"open","sticky":false,"template":"","format":"standard","meta":{"footnotes":""},"categories":[9,15,8],"tags":[],"class_list":["post-472","post","type-post","status-publish","format-standard","has-post-thumbnail","hentry","category-consumo","category-noticias","category-publicaciones"],"jetpack_featured_media_url":"","_links":{"self":[{"href":"https:\/\/lucentumconsumidores.org\/index.php?rest_route=\/wp\/v2\/posts\/472","targetHints":{"allow":["GET"]}}],"collection":[{"href":"https:\/\/lucentumconsumidores.org\/index.php?rest_route=\/wp\/v2\/posts"}],"about":[{"href":"https:\/\/lucentumconsumidores.org\/index.php?rest_route=\/wp\/v2\/types\/post"}],"author":[{"embeddable":true,"href":"https:\/\/lucentumconsumidores.org\/index.php?rest_route=\/wp\/v2\/users\/2"}],"replies":[{"embeddable":true,"href":"https:\/\/lucentumconsumidores.org\/index.php?rest_route=%2Fwp%2Fv2%2Fcomments&post=472"}],"version-history":[{"count":3,"href":"https:\/\/lucentumconsumidores.org\/index.php?rest_route=\/wp\/v2\/posts\/472\/revisions"}],"predecessor-version":[{"id":4196,"href":"https:\/\/lucentumconsumidores.org\/index.php?rest_route=\/wp\/v2\/posts\/472\/revisions\/4196"}],"wp:featuredmedia":[{"embeddable":true,"href":"https:\/\/lucentumconsumidores.org\/index.php?rest_route=\/"}],"wp:attachment":[{"href":"https:\/\/lucentumconsumidores.org\/index.php?rest_route=%2Fwp%2Fv2%2Fmedia&parent=472"}],"wp:term":[{"taxonomy":"category","embeddable":true,"href":"https:\/\/lucentumconsumidores.org\/index.php?rest_route=%2Fwp%2Fv2%2Fcategories&post=472"},{"taxonomy":"post_tag","embeddable":true,"href":"https:\/\/lucentumconsumidores.org\/index.php?rest_route=%2Fwp%2Fv2%2Ftags&post=472"}],"curies":[{"name":"wp","href":"https:\/\/api.w.org\/{rel}","templated":true}]}}