{"id":490,"date":"2019-03-08T12:57:14","date_gmt":"2019-03-08T10:57:14","guid":{"rendered":"https:\/\/lucentumconsumidores.org\/?p=490"},"modified":"2024-11-22T00:49:50","modified_gmt":"2024-11-21T22:49:50","slug":"la-asociacion-de-albatera-presenta-su-semana-cultural-de-la-mujer","status":"publish","type":"post","link":"https:\/\/lucentumconsumidores.org\/?p=490","title":{"rendered":"LA ASOCIACI\u00d3N DE ALBATERA PRESENTA SU SEMANA CULTURAL DE LA MUJER. L&#8217;ASSOCIACI\u00d3 D&#8217;ALBATERA PRESENTA LA SEUA SETMANA CULTURAL DE LA DONA."},"content":{"rendered":"\n<p>El d\u00eda 6 de marzo acudi\u00f3 la Federacion Lucentum a la Asociaci\u00f3n de Albatera para que impartiera una conferencia el Dr. Daniel Reina sobre Salud, Alimentaci\u00f3n y Mujer.\u00a0 Fue muy interesante y un \u00e9xito.\u00a0<\/p>\n\n\n\n<p class=\"has-cyan-bluish-gray-color has-text-color has-link-color wp-elements-5d4e5c11e5f00acd270ebc9cceb23122\">El dia 6 de mar\u00e7 va acudir la Federacion Lucentum a l&#8217;Associaci\u00f3 d&#8217;Albatera perqu\u00e8 impartira una confer\u00e8ncia el Dr. Daniel Reina sobre Salut, Alimentaci\u00f3 i Dona.\u00a0 Va ser molt interessant i un \u00e8xit.\u00a0<\/p>\n\n\n<p><br \/><a href=\"https:\/\/lucentumconsumidores.org\/wp-content\/uploads\/2019\/03\/PHOTO-2019-03-06-18-31-12.jpg\"><img loading=\"lazy\" decoding=\"async\" class=\"aligncenter size-full wp-image-491\" src=\"https:\/\/lucentumconsumidores.org\/wp-content\/uploads\/2019\/03\/PHOTO-2019-03-06-18-31-12.jpg\" alt=\"\" width=\"1600\" height=\"1200\" srcset=\"https:\/\/lucentumconsumidores.org\/wp-content\/uploads\/2019\/03\/PHOTO-2019-03-06-18-31-12.jpg 1600w, https:\/\/lucentumconsumidores.org\/wp-content\/uploads\/2019\/03\/PHOTO-2019-03-06-18-31-12-300x225.jpg 300w, https:\/\/lucentumconsumidores.org\/wp-content\/uploads\/2019\/03\/PHOTO-2019-03-06-18-31-12-768x576.jpg 768w, https:\/\/lucentumconsumidores.org\/wp-content\/uploads\/2019\/03\/PHOTO-2019-03-06-18-31-12-1024x768.jpg 1024w, https:\/\/lucentumconsumidores.org\/wp-content\/uploads\/2019\/03\/PHOTO-2019-03-06-18-31-12-640x480.jpg 640w\" sizes=\"auto, (max-width: 1600px) 100vw, 1600px\" \/><\/a> <a href=\"https:\/\/lucentumconsumidores.org\/wp-content\/uploads\/2019\/03\/PHOTO-2019-03-06-18-31-31.jpg\"><img loading=\"lazy\" decoding=\"async\" class=\"aligncenter size-full wp-image-492\" src=\"https:\/\/lucentumconsumidores.org\/wp-content\/uploads\/2019\/03\/PHOTO-2019-03-06-18-31-31.jpg\" alt=\"\" width=\"1200\" height=\"1600\" srcset=\"https:\/\/lucentumconsumidores.org\/wp-content\/uploads\/2019\/03\/PHOTO-2019-03-06-18-31-31.jpg 1200w, https:\/\/lucentumconsumidores.org\/wp-content\/uploads\/2019\/03\/PHOTO-2019-03-06-18-31-31-225x300.jpg 225w, https:\/\/lucentumconsumidores.org\/wp-content\/uploads\/2019\/03\/PHOTO-2019-03-06-18-31-31-768x1024.jpg 768w\" sizes=\"auto, (max-width: 1200px) 100vw, 1200px\" \/><\/a> <a href=\"https:\/\/lucentumconsumidores.org\/wp-content\/uploads\/2019\/03\/PHOTO-2019-03-06-18-31-42.jpg\"><img loading=\"lazy\" decoding=\"async\" class=\"aligncenter size-full wp-image-493\" src=\"https:\/\/lucentumconsumidores.org\/wp-content\/uploads\/2019\/03\/PHOTO-2019-03-06-18-31-42.jpg\" alt=\"\" width=\"1600\" height=\"1200\" srcset=\"https:\/\/lucentumconsumidores.org\/wp-content\/uploads\/2019\/03\/PHOTO-2019-03-06-18-31-42.jpg 1600w, https:\/\/lucentumconsumidores.org\/wp-content\/uploads\/2019\/03\/PHOTO-2019-03-06-18-31-42-300x225.jpg 300w, https:\/\/lucentumconsumidores.org\/wp-content\/uploads\/2019\/03\/PHOTO-2019-03-06-18-31-42-768x576.jpg 768w, https:\/\/lucentumconsumidores.org\/wp-content\/uploads\/2019\/03\/PHOTO-2019-03-06-18-31-42-1024x768.jpg 1024w, https:\/\/lucentumconsumidores.org\/wp-content\/uploads\/2019\/03\/PHOTO-2019-03-06-18-31-42-640x480.jpg 640w\" sizes=\"auto, (max-width: 1600px) 100vw, 1600px\" \/><\/a> <a href=\"https:\/\/lucentumconsumidores.org\/wp-content\/uploads\/2019\/03\/PHOTO-2019-03-06-18-31-47.jpg\"><img loading=\"lazy\" decoding=\"async\" class=\"aligncenter size-full wp-image-494\" src=\"https:\/\/lucentumconsumidores.org\/wp-content\/uploads\/2019\/03\/PHOTO-2019-03-06-18-31-47.jpg\" alt=\"\" width=\"1600\" height=\"1200\" srcset=\"https:\/\/lucentumconsumidores.org\/wp-content\/uploads\/2019\/03\/PHOTO-2019-03-06-18-31-47.jpg 1600w, https:\/\/lucentumconsumidores.org\/wp-content\/uploads\/2019\/03\/PHOTO-2019-03-06-18-31-47-300x225.jpg 300w, https:\/\/lucentumconsumidores.org\/wp-content\/uploads\/2019\/03\/PHOTO-2019-03-06-18-31-47-768x576.jpg 768w, https:\/\/lucentumconsumidores.org\/wp-content\/uploads\/2019\/03\/PHOTO-2019-03-06-18-31-47-1024x768.jpg 1024w, https:\/\/lucentumconsumidores.org\/wp-content\/uploads\/2019\/03\/PHOTO-2019-03-06-18-31-47-640x480.jpg 640w\" sizes=\"auto, (max-width: 1600px) 100vw, 1600px\" \/><\/a> <a href=\"https:\/\/lucentumconsumidores.org\/wp-content\/uploads\/2019\/03\/PHOTO-2019-03-06-18-32-02.jpg\"><img loading=\"lazy\" decoding=\"async\" class=\"aligncenter size-full wp-image-495\" src=\"https:\/\/lucentumconsumidores.org\/wp-content\/uploads\/2019\/03\/PHOTO-2019-03-06-18-32-02.jpg\" alt=\"\" width=\"1600\" height=\"1200\" srcset=\"https:\/\/lucentumconsumidores.org\/wp-content\/uploads\/2019\/03\/PHOTO-2019-03-06-18-32-02.jpg 1600w, https:\/\/lucentumconsumidores.org\/wp-content\/uploads\/2019\/03\/PHOTO-2019-03-06-18-32-02-300x225.jpg 300w, https:\/\/lucentumconsumidores.org\/wp-content\/uploads\/2019\/03\/PHOTO-2019-03-06-18-32-02-768x576.jpg 768w, https:\/\/lucentumconsumidores.org\/wp-content\/uploads\/2019\/03\/PHOTO-2019-03-06-18-32-02-1024x768.jpg 1024w, https:\/\/lucentumconsumidores.org\/wp-content\/uploads\/2019\/03\/PHOTO-2019-03-06-18-32-02-640x480.jpg 640w\" sizes=\"auto, (max-width: 1600px) 100vw, 1600px\" \/><\/a><\/p>","protected":false},"excerpt":{"rendered":"<p>El d\u00eda 6 de marzo acudi\u00f3 la Federacion Lucentum a la Asociaci\u00f3n de Albatera para que impartiera una conferencia el Dr. Daniel Reina sobre Salud, Alimentaci\u00f3n y Mujer.\u00a0 Fue muy interesante y un \u00e9xito.\u00a0 El dia 6 de mar\u00e7 va acudir la Federacion Lucentum a l&#8217;Associaci\u00f3 d&#8217;Albatera perqu\u00e8 impartira una confer\u00e8ncia el Dr. Daniel Reina&#8230;<\/p>\n","protected":false},"author":2,"featured_media":3244,"comment_status":"open","ping_status":"open","sticky":false,"template":"","format":"standard","meta":{"footnotes":""},"categories":[3,13,14,11,15,10],"tags":[],"class_list":["post-490","post","type-post","status-publish","format-standard","has-post-thumbnail","hentry","category-agenda","category-general","category-jornadas","category-mujer","category-noticias","category-salud-y-alimentacion"],"jetpack_featured_media_url":"","_links":{"self":[{"href":"https:\/\/lucentumconsumidores.org\/index.php?rest_route=\/wp\/v2\/posts\/490","targetHints":{"allow":["GET"]}}],"collection":[{"href":"https:\/\/lucentumconsumidores.org\/index.php?rest_route=\/wp\/v2\/posts"}],"about":[{"href":"https:\/\/lucentumconsumidores.org\/index.php?rest_route=\/wp\/v2\/types\/post"}],"author":[{"embeddable":true,"href":"https:\/\/lucentumconsumidores.org\/index.php?rest_route=\/wp\/v2\/users\/2"}],"replies":[{"embeddable":true,"href":"https:\/\/lucentumconsumidores.org\/index.php?rest_route=%2Fwp%2Fv2%2Fcomments&post=490"}],"version-history":[{"count":2,"href":"https:\/\/lucentumconsumidores.org\/index.php?rest_route=\/wp\/v2\/posts\/490\/revisions"}],"predecessor-version":[{"id":4144,"href":"https:\/\/lucentumconsumidores.org\/index.php?rest_route=\/wp\/v2\/posts\/490\/revisions\/4144"}],"wp:featuredmedia":[{"embeddable":true,"href":"https:\/\/lucentumconsumidores.org\/index.php?rest_route=\/"}],"wp:attachment":[{"href":"https:\/\/lucentumconsumidores.org\/index.php?rest_route=%2Fwp%2Fv2%2Fmedia&parent=490"}],"wp:term":[{"taxonomy":"category","embeddable":true,"href":"https:\/\/lucentumconsumidores.org\/index.php?rest_route=%2Fwp%2Fv2%2Fcategories&post=490"},{"taxonomy":"post_tag","embeddable":true,"href":"https:\/\/lucentumconsumidores.org\/index.php?rest_route=%2Fwp%2Fv2%2Ftags&post=490"}],"curies":[{"name":"wp","href":"https:\/\/api.w.org\/{rel}","templated":true}]}}