{"id":5278,"date":"2025-12-13T10:33:45","date_gmt":"2025-12-13T08:33:45","guid":{"rendered":"https:\/\/lucentumconsumidores.org\/?p=5278"},"modified":"2025-12-13T10:33:45","modified_gmt":"2025-12-13T08:33:45","slug":"jornada-de-encuentro-en-alicante-un-paseo-cultural-y-gastronomico","status":"publish","type":"post","link":"https:\/\/lucentumconsumidores.org\/?p=5278","title":{"rendered":"Jornada de Encuentro en Alicante: Un Paseo Cultural y Gastron\u00f3mico."},"content":{"rendered":"\n<figure class=\"wp-block-image size-large\"><img loading=\"lazy\" decoding=\"async\" width=\"1024\" height=\"768\" src=\"https:\/\/lucentumconsumidores.org\/wp-content\/uploads\/2025\/12\/IMG-20251211-WA0010-1024x768.jpg\" alt=\"\" class=\"wp-image-5279\" srcset=\"https:\/\/lucentumconsumidores.org\/wp-content\/uploads\/2025\/12\/IMG-20251211-WA0010-1024x768.jpg 1024w, https:\/\/lucentumconsumidores.org\/wp-content\/uploads\/2025\/12\/IMG-20251211-WA0010-300x225.jpg 300w, https:\/\/lucentumconsumidores.org\/wp-content\/uploads\/2025\/12\/IMG-20251211-WA0010-768x576.jpg 768w, https:\/\/lucentumconsumidores.org\/wp-content\/uploads\/2025\/12\/IMG-20251211-WA0010-1536x1152.jpg 1536w, https:\/\/lucentumconsumidores.org\/wp-content\/uploads\/2025\/12\/IMG-20251211-WA0010.jpg 1600w\" sizes=\"auto, (max-width: 1024px) 100vw, 1024px\" \/><\/figure>\n\n\n\n<p>El pasado 11 de diciembre, distintas asociaciones de amas de casa y consumidores integrantes de nuestra Federaci\u00f3n Lucentum nos reunimos en Alicante para disfrutar de un d\u00eda lleno de cultura, historia y buena compa\u00f1\u00eda.<\/p>\n\n\n\n<p>Nuestro punto de encuentro fue la <em>Diputaci\u00f3n de Alicante<\/em>, donde comenzamos la jornada visitando la encantadora <em>Exposici\u00f3n de Belenes<\/em> y recorriendo sus hermosos jardines, decorados con luces y adornos navide\u00f1os que nos sumergieron en el esp\u00edritu festivo de la ciudad.<\/p>\n\n\n\n<p>Desde all\u00ed, emprendimos un paseo por las emblem\u00e1ticas calles de Alicante, como la <em>Avenida de la Constituci\u00f3n<\/em>, que alberga el imponente \u00e1rbol navide\u00f1o, s\u00edmbolo de las fiestas. Las calles, adornadas con luces y detalles navide\u00f1os, nos acompa\u00f1aron en este recorrido hasta llegar al <em>Ayuntamiento<\/em>, donde pudimos admirar el <em>Bel\u00e9n Monumental<\/em>, una verdadera joya que captur\u00f3 la atenci\u00f3n de todos.<\/p>\n\n\n\n<p>A continuaci\u00f3n, nos dirigimos al <em>Museo MUBAG<\/em>, donde tuvimos el privilegio de disfrutar de dos exposiciones excepcionales: <em>La \u00c9poca Rom\u00e1ntica: Colecciones del Museo Nacional del Romanticismo<\/em>, que nos transport\u00f3 a la fascinante era del romanticismo, y <em>Pablo Genov\u00e9s: Un Mundo Como el Nuestro<\/em>, una reflexi\u00f3n visual sobre la relaci\u00f3n del hombre con su entorno.<\/p>\n\n\n\n<figure class=\"wp-block-gallery has-nested-images columns-default is-cropped wp-block-gallery-1 is-layout-flex wp-block-gallery-is-layout-flex\">\n<figure class=\"wp-block-image size-large\"><img loading=\"lazy\" decoding=\"async\" width=\"552\" height=\"1024\" data-id=\"5280\" src=\"https:\/\/lucentumconsumidores.org\/wp-content\/uploads\/2025\/12\/IMG-20251211-WA0007-552x1024.jpg\" alt=\"\" class=\"wp-image-5280\" srcset=\"https:\/\/lucentumconsumidores.org\/wp-content\/uploads\/2025\/12\/IMG-20251211-WA0007-552x1024.jpg 552w, https:\/\/lucentumconsumidores.org\/wp-content\/uploads\/2025\/12\/IMG-20251211-WA0007-162x300.jpg 162w, https:\/\/lucentumconsumidores.org\/wp-content\/uploads\/2025\/12\/IMG-20251211-WA0007-768x1424.jpg 768w, https:\/\/lucentumconsumidores.org\/wp-content\/uploads\/2025\/12\/IMG-20251211-WA0007-828x1536.jpg 828w, https:\/\/lucentumconsumidores.org\/wp-content\/uploads\/2025\/12\/IMG-20251211-WA0007.jpg 943w\" sizes=\"auto, (max-width: 552px) 100vw, 552px\" \/><\/figure>\n\n\n\n<figure class=\"wp-block-image size-large\"><img loading=\"lazy\" decoding=\"async\" width=\"1024\" height=\"601\" data-id=\"5282\" src=\"https:\/\/lucentumconsumidores.org\/wp-content\/uploads\/2025\/12\/IMG-20251211-WA0011-1-1024x601.jpg\" alt=\"\" class=\"wp-image-5282\" srcset=\"https:\/\/lucentumconsumidores.org\/wp-content\/uploads\/2025\/12\/IMG-20251211-WA0011-1-1024x601.jpg 1024w, https:\/\/lucentumconsumidores.org\/wp-content\/uploads\/2025\/12\/IMG-20251211-WA0011-1-300x176.jpg 300w, https:\/\/lucentumconsumidores.org\/wp-content\/uploads\/2025\/12\/IMG-20251211-WA0011-1-768x451.jpg 768w, https:\/\/lucentumconsumidores.org\/wp-content\/uploads\/2025\/12\/IMG-20251211-WA0011-1-1536x901.jpg 1536w, https:\/\/lucentumconsumidores.org\/wp-content\/uploads\/2025\/12\/IMG-20251211-WA0011-1.jpg 1600w\" sizes=\"auto, (max-width: 1024px) 100vw, 1024px\" \/><\/figure>\n<\/figure>\n\n\n\n<p>Para culminar la jornada, nos dirigimos a la <em>Explanada<\/em>, donde dimos un paseo relajado antes de llegar al restaurante <em>La Pepa<\/em>. All\u00ed, compartimos una comida deliciosa con un men\u00fa arrocero que nos permiti\u00f3 disfrutar de un ambiente c\u00e1lido y festivo.<\/p>\n\n\n\n<figure class=\"wp-block-image size-large\"><img loading=\"lazy\" decoding=\"async\" width=\"1024\" height=\"773\" src=\"https:\/\/lucentumconsumidores.org\/wp-content\/uploads\/2025\/12\/IMG-20251211-WA0021-1024x773.jpg\" alt=\"\" class=\"wp-image-5286\" srcset=\"https:\/\/lucentumconsumidores.org\/wp-content\/uploads\/2025\/12\/IMG-20251211-WA0021-1024x773.jpg 1024w, https:\/\/lucentumconsumidores.org\/wp-content\/uploads\/2025\/12\/IMG-20251211-WA0021-300x227.jpg 300w, https:\/\/lucentumconsumidores.org\/wp-content\/uploads\/2025\/12\/IMG-20251211-WA0021-768x580.jpg 768w, https:\/\/lucentumconsumidores.org\/wp-content\/uploads\/2025\/12\/IMG-20251211-WA0021-1536x1160.jpg 1536w, https:\/\/lucentumconsumidores.org\/wp-content\/uploads\/2025\/12\/IMG-20251211-WA0021.jpg 1552w\" sizes=\"auto, (max-width: 1024px) 100vw, 1024px\" \/><\/figure>\n\n\n\n<p><\/p>\n\n\n\n<figure class=\"wp-block-gallery has-nested-images columns-default is-cropped wp-block-gallery-2 is-layout-flex wp-block-gallery-is-layout-flex\">\n<figure class=\"wp-block-image size-large\"><img loading=\"lazy\" decoding=\"async\" width=\"806\" height=\"1024\" data-id=\"5283\" src=\"https:\/\/lucentumconsumidores.org\/wp-content\/uploads\/2025\/12\/IMG-20251211-WA0012-806x1024.jpg\" alt=\"\" class=\"wp-image-5283\" srcset=\"https:\/\/lucentumconsumidores.org\/wp-content\/uploads\/2025\/12\/IMG-20251211-WA0012-806x1024.jpg 806w, https:\/\/lucentumconsumidores.org\/wp-content\/uploads\/2025\/12\/IMG-20251211-WA0012-236x300.jpg 236w, https:\/\/lucentumconsumidores.org\/wp-content\/uploads\/2025\/12\/IMG-20251211-WA0012-768x976.jpg 768w, https:\/\/lucentumconsumidores.org\/wp-content\/uploads\/2025\/12\/IMG-20251211-WA0012.jpg 1018w\" sizes=\"auto, (max-width: 806px) 100vw, 806px\" \/><\/figure>\n\n\n\n<figure class=\"wp-block-image size-large\"><img loading=\"lazy\" decoding=\"async\" width=\"768\" height=\"1024\" data-id=\"5284\" src=\"https:\/\/lucentumconsumidores.org\/wp-content\/uploads\/2025\/12\/IMG-20251211-WA0027-768x1024.jpg\" alt=\"\" class=\"wp-image-5284\" srcset=\"https:\/\/lucentumconsumidores.org\/wp-content\/uploads\/2025\/12\/IMG-20251211-WA0027-768x1024.jpg 768w, https:\/\/lucentumconsumidores.org\/wp-content\/uploads\/2025\/12\/IMG-20251211-WA0027-225x300.jpg 225w, https:\/\/lucentumconsumidores.org\/wp-content\/uploads\/2025\/12\/IMG-20251211-WA0027-1152x1536.jpg 1152w, https:\/\/lucentumconsumidores.org\/wp-content\/uploads\/2025\/12\/IMG-20251211-WA0027.jpg 1200w\" sizes=\"auto, (max-width: 768px) 100vw, 768px\" \/><\/figure>\n<\/figure>\n\n\n\n<p>El d\u00eda culmin\u00f3 con una c\u00e1lida despedida, renovando nuestros mejores deseos para estas fiestas navide\u00f1as y reafirmando nuestro compromiso de seguir adelante con nuestras actividades y proyectos.<\/p>\n\n\n\n<p>\u00a1Gracias a todas por su participaci\u00f3n y entusiasmo! Nos vemos en la pr\u00f3xima actividad.<\/p>\n\n\n\n<figure class=\"wp-block-image size-large\"><img loading=\"lazy\" decoding=\"async\" width=\"1024\" height=\"625\" src=\"https:\/\/lucentumconsumidores.org\/wp-content\/uploads\/2025\/12\/IMG20251211133539-1-1024x625.jpg\" alt=\"\" class=\"wp-image-5287\" srcset=\"https:\/\/lucentumconsumidores.org\/wp-content\/uploads\/2025\/12\/IMG20251211133539-1-1024x625.jpg 1024w, https:\/\/lucentumconsumidores.org\/wp-content\/uploads\/2025\/12\/IMG20251211133539-1-300x183.jpg 300w, https:\/\/lucentumconsumidores.org\/wp-content\/uploads\/2025\/12\/IMG20251211133539-1-768x469.jpg 768w, https:\/\/lucentumconsumidores.org\/wp-content\/uploads\/2025\/12\/IMG20251211133539-1-1536x938.jpg 1536w, https:\/\/lucentumconsumidores.org\/wp-content\/uploads\/2025\/12\/IMG20251211133539-1-2048x1250.jpg 2048w\" sizes=\"auto, (max-width: 1024px) 100vw, 1024px\" \/><\/figure>\n","protected":false},"excerpt":{"rendered":"<p>El pasado 11 de diciembre, distintas asociaciones de amas de casa y consumidores integrantes de nuestra Federaci\u00f3n Lucentum nos reunimos en Alicante para disfrutar de un d\u00eda lleno de cultura, historia y buena compa\u00f1\u00eda. Nuestro punto de encuentro fue la Diputaci\u00f3n de Alicante, donde comenzamos la jornada visitando la encantadora Exposici\u00f3n de Belenes y recorriendo&#8230;<\/p>\n","protected":false},"author":2,"featured_media":5279,"comment_status":"open","ping_status":"open","sticky":false,"template":"","format":"standard","meta":{"footnotes":""},"categories":[3,20,5,13,14],"tags":[],"class_list":["post-5278","post","type-post","status-publish","format-standard","has-post-thumbnail","hentry","category-agenda","category-destacadas","category-eventos","category-general","category-jornadas"],"jetpack_featured_media_url":"https:\/\/lucentumconsumidores.org\/wp-content\/uploads\/2025\/12\/IMG-20251211-WA0010.jpg","_links":{"self":[{"href":"https:\/\/lucentumconsumidores.org\/index.php?rest_route=\/wp\/v2\/posts\/5278","targetHints":{"allow":["GET"]}}],"collection":[{"href":"https:\/\/lucentumconsumidores.org\/index.php?rest_route=\/wp\/v2\/posts"}],"about":[{"href":"https:\/\/lucentumconsumidores.org\/index.php?rest_route=\/wp\/v2\/types\/post"}],"author":[{"embeddable":true,"href":"https:\/\/lucentumconsumidores.org\/index.php?rest_route=\/wp\/v2\/users\/2"}],"replies":[{"embeddable":true,"href":"https:\/\/lucentumconsumidores.org\/index.php?rest_route=%2Fwp%2Fv2%2Fcomments&post=5278"}],"version-history":[{"count":1,"href":"https:\/\/lucentumconsumidores.org\/index.php?rest_route=\/wp\/v2\/posts\/5278\/revisions"}],"predecessor-version":[{"id":5288,"href":"https:\/\/lucentumconsumidores.org\/index.php?rest_route=\/wp\/v2\/posts\/5278\/revisions\/5288"}],"wp:featuredmedia":[{"embeddable":true,"href":"https:\/\/lucentumconsumidores.org\/index.php?rest_route=\/wp\/v2\/media\/5279"}],"wp:attachment":[{"href":"https:\/\/lucentumconsumidores.org\/index.php?rest_route=%2Fwp%2Fv2%2Fmedia&parent=5278"}],"wp:term":[{"taxonomy":"category","embeddable":true,"href":"https:\/\/lucentumconsumidores.org\/index.php?rest_route=%2Fwp%2Fv2%2Fcategories&post=5278"},{"taxonomy":"post_tag","embeddable":true,"href":"https:\/\/lucentumconsumidores.org\/index.php?rest_route=%2Fwp%2Fv2%2Ftags&post=5278"}],"curies":[{"name":"wp","href":"https:\/\/api.w.org\/{rel}","templated":true}]}}