{"id":5522,"date":"2026-03-09T10:45:46","date_gmt":"2026-03-09T08:45:46","guid":{"rendered":"https:\/\/lucentumconsumidores.org\/?p=5522"},"modified":"2026-03-09T11:19:29","modified_gmt":"2026-03-09T09:19:29","slug":"mujeres-con-vida-mujeres-que-inspiramos-en-biar","status":"publish","type":"post","link":"https:\/\/lucentumconsumidores.org\/?p=5522","title":{"rendered":"MUJERES CON VIDA, MUJERES QUE INSPIRAMOS en Biar."},"content":{"rendered":"\n<figure class=\"wp-block-image size-large\"><img loading=\"lazy\" decoding=\"async\" width=\"1024\" height=\"676\" src=\"https:\/\/lucentumconsumidores.org\/wp-content\/uploads\/2026\/03\/IMG-20260307-WA0006-1024x676.jpg\" alt=\"\" class=\"wp-image-5523\" srcset=\"https:\/\/lucentumconsumidores.org\/wp-content\/uploads\/2026\/03\/IMG-20260307-WA0006-1024x676.jpg 1024w, https:\/\/lucentumconsumidores.org\/wp-content\/uploads\/2026\/03\/IMG-20260307-WA0006-300x198.jpg 300w, https:\/\/lucentumconsumidores.org\/wp-content\/uploads\/2026\/03\/IMG-20260307-WA0006-768x507.jpg 768w, https:\/\/lucentumconsumidores.org\/wp-content\/uploads\/2026\/03\/IMG-20260307-WA0006.jpg 1125w\" sizes=\"auto, (max-width: 1024px) 100vw, 1024px\" \/><\/figure>\n\n\n\n<p>Dentro de la programaci\u00f3n de la <strong>Semana de la Mujer organizada por la Asociaci\u00f3n Dones I Usuaris de Biar<\/strong>, el 05 de marzo, se celebr\u00f3 una ponencia titulada <strong>\u201cMujeres con vida, mujeres que inspiramos\u201d<\/strong>, impartida por <strong>Cuque Gonz\u00e1lez<\/strong>, representante de la Federaci\u00f3n Lucentum, soci\u00f3loga, docente y terapeuta.<\/p>\n\n\n\n<p>Durante la intervenci\u00f3n se abordaron diferentes reflexiones sobre el desarrollo personal, el papel de las mujeres en la sociedad y la importancia de crear espacios donde compartir experiencias, fortalecer la autoestima y fomentar el apoyo mutuo entre mujeres.<\/p>\n\n\n\n<p>La actividad permiti\u00f3 generar un ambiente cercano de di\u00e1logo, participaci\u00f3n y aprendizaje entre las personas asistentes, quienes pudieron compartir inquietudes y experiencias en torno a la importancia de vivir con plenitud, conciencia y capacidad de inspirar a otras mujeres.<\/p>\n\n\n\n<p>Esta jornada form\u00f3 parte de las actividades impulsadas por la asociaci\u00f3n, que contin\u00faa promoviendo iniciativas destinadas a la formaci\u00f3n, el encuentro y el enriquecimiento personal y social de sus integrantes y de la comunidad.<\/p>\n\n\n\n<p>Agradecidas a Cuque por esta ponencia tan enriquecedora,  a la Asociaci\u00f3n de Biar por su implicaci\u00f3n y a todos los asistentes por su participaci\u00f3n. <\/p>\n\n\n<div class=\"wp-block-image\">\n<figure class=\"aligncenter size-full\"><img loading=\"lazy\" decoding=\"async\" width=\"720\" height=\"731\" src=\"https:\/\/lucentumconsumidores.org\/wp-content\/uploads\/2026\/03\/IMG-20260307-WA0010.jpg\" alt=\"\" class=\"wp-image-5524\" srcset=\"https:\/\/lucentumconsumidores.org\/wp-content\/uploads\/2026\/03\/IMG-20260307-WA0010.jpg 720w, https:\/\/lucentumconsumidores.org\/wp-content\/uploads\/2026\/03\/IMG-20260307-WA0010-295x300.jpg 295w\" sizes=\"auto, (max-width: 720px) 100vw, 720px\" \/><\/figure>\n<\/div>","protected":false},"excerpt":{"rendered":"<p>Dentro de la programaci\u00f3n de la Semana de la Mujer organizada por la Asociaci\u00f3n Dones I Usuaris de Biar, el 05 de marzo, se celebr\u00f3 una ponencia titulada \u201cMujeres con vida, mujeres que inspiramos\u201d, impartida por Cuque Gonz\u00e1lez, representante de la Federaci\u00f3n Lucentum, soci\u00f3loga, docente y terapeuta. Durante la intervenci\u00f3n se abordaron diferentes reflexiones sobre&#8230;<\/p>\n","protected":false},"author":2,"featured_media":5523,"comment_status":"open","ping_status":"open","sticky":false,"template":"","format":"standard","meta":{"footnotes":""},"categories":[20,14,11],"tags":[],"class_list":["post-5522","post","type-post","status-publish","format-standard","has-post-thumbnail","hentry","category-destacadas","category-jornadas","category-mujer"],"jetpack_featured_media_url":"https:\/\/lucentumconsumidores.org\/wp-content\/uploads\/2026\/03\/IMG-20260307-WA0006.jpg","_links":{"self":[{"href":"https:\/\/lucentumconsumidores.org\/index.php?rest_route=\/wp\/v2\/posts\/5522","targetHints":{"allow":["GET"]}}],"collection":[{"href":"https:\/\/lucentumconsumidores.org\/index.php?rest_route=\/wp\/v2\/posts"}],"about":[{"href":"https:\/\/lucentumconsumidores.org\/index.php?rest_route=\/wp\/v2\/types\/post"}],"author":[{"embeddable":true,"href":"https:\/\/lucentumconsumidores.org\/index.php?rest_route=\/wp\/v2\/users\/2"}],"replies":[{"embeddable":true,"href":"https:\/\/lucentumconsumidores.org\/index.php?rest_route=%2Fwp%2Fv2%2Fcomments&post=5522"}],"version-history":[{"count":3,"href":"https:\/\/lucentumconsumidores.org\/index.php?rest_route=\/wp\/v2\/posts\/5522\/revisions"}],"predecessor-version":[{"id":5529,"href":"https:\/\/lucentumconsumidores.org\/index.php?rest_route=\/wp\/v2\/posts\/5522\/revisions\/5529"}],"wp:featuredmedia":[{"embeddable":true,"href":"https:\/\/lucentumconsumidores.org\/index.php?rest_route=\/wp\/v2\/media\/5523"}],"wp:attachment":[{"href":"https:\/\/lucentumconsumidores.org\/index.php?rest_route=%2Fwp%2Fv2%2Fmedia&parent=5522"}],"wp:term":[{"taxonomy":"category","embeddable":true,"href":"https:\/\/lucentumconsumidores.org\/index.php?rest_route=%2Fwp%2Fv2%2Fcategories&post=5522"},{"taxonomy":"post_tag","embeddable":true,"href":"https:\/\/lucentumconsumidores.org\/index.php?rest_route=%2Fwp%2Fv2%2Ftags&post=5522"}],"curies":[{"name":"wp","href":"https:\/\/api.w.org\/{rel}","templated":true}]}}