{"id":5536,"date":"2026-03-12T12:36:20","date_gmt":"2026-03-12T10:36:20","guid":{"rendered":"https:\/\/lucentumconsumidores.org\/?p=5536"},"modified":"2026-03-12T12:41:11","modified_gmt":"2026-03-12T10:41:11","slug":"jornada-tecnica-dop-uva-del-vinalopo","status":"publish","type":"post","link":"https:\/\/lucentumconsumidores.org\/?p=5536","title":{"rendered":"JORNADA T\u00c9CNICA DOP UVA DEL VINALOP\u00d3"},"content":{"rendered":"\n<figure class=\"wp-block-image size-large\"><img loading=\"lazy\" decoding=\"async\" width=\"1024\" height=\"683\" src=\"https:\/\/lucentumconsumidores.org\/wp-content\/uploads\/2026\/03\/ChatGPT-Image-12-mar-2026-10_33_48-1024x683.png\" alt=\"\" class=\"wp-image-5537\" srcset=\"https:\/\/lucentumconsumidores.org\/wp-content\/uploads\/2026\/03\/ChatGPT-Image-12-mar-2026-10_33_48-1024x683.png 1024w, https:\/\/lucentumconsumidores.org\/wp-content\/uploads\/2026\/03\/ChatGPT-Image-12-mar-2026-10_33_48-300x200.png 300w, https:\/\/lucentumconsumidores.org\/wp-content\/uploads\/2026\/03\/ChatGPT-Image-12-mar-2026-10_33_48-768x512.png 768w, https:\/\/lucentumconsumidores.org\/wp-content\/uploads\/2026\/03\/ChatGPT-Image-12-mar-2026-10_33_48-600x400.png 600w, https:\/\/lucentumconsumidores.org\/wp-content\/uploads\/2026\/03\/ChatGPT-Image-12-mar-2026-10_33_48.png 1536w\" sizes=\"auto, (max-width: 1024px) 100vw, 1024px\" \/><\/figure>\n\n\n\n<p><strong>Federaci\u00f3n Lucentum participa en la mesa redonda de la Jornada T\u00e9cnica de la Uva de Mesa Embolsada del Vinalop\u00f3<\/strong>. <\/p>\n\n\n\n<p>La Jornada T\u00e9cnica de la Uva de Mesa Embolsada del Vinalop\u00f3 celebrada en Monforte del Cid reuni\u00f3 a representantes del sector productor, entidades de certificaci\u00f3n y organizaciones de consumidores para analizar los retos y oportunidades de este producto emblem\u00e1tico.<\/p>\n\n\n\n<figure class=\"wp-block-image size-large\"><img loading=\"lazy\" decoding=\"async\" width=\"1024\" height=\"1024\" src=\"https:\/\/lucentumconsumidores.org\/wp-content\/uploads\/2026\/03\/1000135376-1024x1024.jpg\" alt=\"\" class=\"wp-image-5538\" srcset=\"https:\/\/lucentumconsumidores.org\/wp-content\/uploads\/2026\/03\/1000135376-1024x1024.jpg 1024w, https:\/\/lucentumconsumidores.org\/wp-content\/uploads\/2026\/03\/1000135376-300x300.jpg 300w, https:\/\/lucentumconsumidores.org\/wp-content\/uploads\/2026\/03\/1000135376-150x150.jpg 150w, https:\/\/lucentumconsumidores.org\/wp-content\/uploads\/2026\/03\/1000135376-768x768.jpg 768w, https:\/\/lucentumconsumidores.org\/wp-content\/uploads\/2026\/03\/1000135376-1536x1536.jpg 1536w, https:\/\/lucentumconsumidores.org\/wp-content\/uploads\/2026\/03\/1000135376-2048x2048.jpg 2048w\" sizes=\"auto, (max-width: 1024px) 100vw, 1024px\" \/><\/figure>\n\n\n\n<p>Durante la sesi\u00f3n de tarde tuvo lugar la <strong>mesa redonda titulada \u201cDi\u00e1logo con el sector alrededor del valor de ser DOP\u201d<\/strong>, un espacio de reflexi\u00f3n en el que se abord\u00f3 la importancia de la diferenciaci\u00f3n, la calidad certificada y la relaci\u00f3n con los consumidores.<\/p>\n\n\n\n<p>El debate estuvo moderado por el presentador <strong>Jes\u00fas Ayala Rocamora<\/strong> y cont\u00f3 con la participaci\u00f3n de representantes del sector y de organizaciones vinculadas a la defensa del consumidor y la promoci\u00f3n de la calidad agroalimentaria.<\/p>\n\n\n\n<p>En representaci\u00f3n de los consumidores particip\u00f3 <strong>Soledad Morales Gisbert<\/strong>, abogada y presidenta de la Federaci\u00f3n de Consumidores Lucentum, quien aport\u00f3 la visi\u00f3n de los consumidores sobre el valor de las denominaciones de origen, la transparencia en la informaci\u00f3n alimentaria y la importancia de reconocer productos con identidad territorial y garant\u00edas de calidad.<\/p>\n\n\n\n<p>En la mesa tambi\u00e9n participaron:<\/p>\n\n\n\n<ul class=\"wp-block-list\">\n<li><strong>Beatriz Rocamora Montiel<\/strong>, directora de la CRDOP Uva de Mesa Embolsada del Vinalop\u00f3<\/li>\n\n\n\n<li><strong>Jos\u00e9 Enrique S\u00e1nchez Garc\u00eda<\/strong>, presidente de la CRDOP Uva de Mesa Embolsada del Vinalop\u00f3<\/li>\n\n\n\n<li><strong>Fabi\u00e1n Tasc\u00f3n Bernabeu<\/strong>, t\u00e9cnico de la Federaci\u00f3n de Consumidores Lucentum<\/li>\n\n\n\n<li><strong>Jorge Morales Belv\u00eds<\/strong>, director de zona de <strong>CRC<\/strong><\/li>\n\n\n\n<li><strong>M\u00aa Nieves Mart\u00ednez<\/strong>, subdirectora de <strong>AgroBank<\/strong><\/li>\n<\/ul>\n\n\n\n<figure class=\"wp-block-image size-large\"><img loading=\"lazy\" decoding=\"async\" width=\"1024\" height=\"686\" src=\"https:\/\/lucentumconsumidores.org\/wp-content\/uploads\/2026\/03\/IMG-20260311-WA0006-1024x686.jpg\" alt=\"\" class=\"wp-image-5539\" srcset=\"https:\/\/lucentumconsumidores.org\/wp-content\/uploads\/2026\/03\/IMG-20260311-WA0006-1024x686.jpg 1024w, https:\/\/lucentumconsumidores.org\/wp-content\/uploads\/2026\/03\/IMG-20260311-WA0006-300x200.jpg 300w, https:\/\/lucentumconsumidores.org\/wp-content\/uploads\/2026\/03\/IMG-20260311-WA0006-768x515.jpg 768w, https:\/\/lucentumconsumidores.org\/wp-content\/uploads\/2026\/03\/IMG-20260311-WA0006-1536x1029.jpg 1536w, https:\/\/lucentumconsumidores.org\/wp-content\/uploads\/2026\/03\/IMG-20260311-WA0006.jpg 1588w\" sizes=\"auto, (max-width: 1024px) 100vw, 1024px\" \/><\/figure>\n\n\n\n<p>La jornada permiti\u00f3 <strong>generar un di\u00e1logo constructivo entre productores, certificadores, entidades financieras y organizaciones de consumidores<\/strong>, poniendo en valor el papel de la <strong>DOP Uva de Mesa Embolsada del Vinalop\u00f3<\/strong> como referente de calidad, tradici\u00f3n agr\u00edcola e innovaci\u00f3n en el sector.<\/p>\n\n\n\n<p>Desde la Federaci\u00f3n Lucentum seguimos trabajando para <strong>dar voz a los consumidores y reforzar la confianza en productos con garant\u00eda de origen y calidad<\/strong>.<\/p>\n","protected":false},"excerpt":{"rendered":"<p>Federaci\u00f3n Lucentum participa en la mesa redonda de la Jornada T\u00e9cnica de la Uva de Mesa Embolsada del Vinalop\u00f3. La Jornada T\u00e9cnica de la Uva de Mesa Embolsada del Vinalop\u00f3 celebrada en Monforte del Cid reuni\u00f3 a representantes del sector productor, entidades de certificaci\u00f3n y organizaciones de consumidores para analizar los retos y oportunidades de&#8230;<\/p>\n","protected":false},"author":2,"featured_media":5537,"comment_status":"open","ping_status":"open","sticky":false,"template":"","format":"standard","meta":{"footnotes":""},"categories":[3,9,20,5,13,14],"tags":[],"class_list":["post-5536","post","type-post","status-publish","format-standard","has-post-thumbnail","hentry","category-agenda","category-consumo","category-destacadas","category-eventos","category-general","category-jornadas"],"jetpack_featured_media_url":"https:\/\/lucentumconsumidores.org\/wp-content\/uploads\/2026\/03\/ChatGPT-Image-12-mar-2026-10_33_48.png","_links":{"self":[{"href":"https:\/\/lucentumconsumidores.org\/index.php?rest_route=\/wp\/v2\/posts\/5536","targetHints":{"allow":["GET"]}}],"collection":[{"href":"https:\/\/lucentumconsumidores.org\/index.php?rest_route=\/wp\/v2\/posts"}],"about":[{"href":"https:\/\/lucentumconsumidores.org\/index.php?rest_route=\/wp\/v2\/types\/post"}],"author":[{"embeddable":true,"href":"https:\/\/lucentumconsumidores.org\/index.php?rest_route=\/wp\/v2\/users\/2"}],"replies":[{"embeddable":true,"href":"https:\/\/lucentumconsumidores.org\/index.php?rest_route=%2Fwp%2Fv2%2Fcomments&post=5536"}],"version-history":[{"count":3,"href":"https:\/\/lucentumconsumidores.org\/index.php?rest_route=\/wp\/v2\/posts\/5536\/revisions"}],"predecessor-version":[{"id":5542,"href":"https:\/\/lucentumconsumidores.org\/index.php?rest_route=\/wp\/v2\/posts\/5536\/revisions\/5542"}],"wp:featuredmedia":[{"embeddable":true,"href":"https:\/\/lucentumconsumidores.org\/index.php?rest_route=\/wp\/v2\/media\/5537"}],"wp:attachment":[{"href":"https:\/\/lucentumconsumidores.org\/index.php?rest_route=%2Fwp%2Fv2%2Fmedia&parent=5536"}],"wp:term":[{"taxonomy":"category","embeddable":true,"href":"https:\/\/lucentumconsumidores.org\/index.php?rest_route=%2Fwp%2Fv2%2Fcategories&post=5536"},{"taxonomy":"post_tag","embeddable":true,"href":"https:\/\/lucentumconsumidores.org\/index.php?rest_route=%2Fwp%2Fv2%2Ftags&post=5536"}],"curies":[{"name":"wp","href":"https:\/\/api.w.org\/{rel}","templated":true}]}}