{"id":5543,"date":"2026-03-12T13:53:18","date_gmt":"2026-03-12T11:53:18","guid":{"rendered":"https:\/\/lucentumconsumidores.org\/?p=5543"},"modified":"2026-03-12T13:55:59","modified_gmt":"2026-03-12T11:55:59","slug":"5543","status":"publish","type":"post","link":"https:\/\/lucentumconsumidores.org\/?p=5543","title":{"rendered":"ENCUENTRO VIRTUAL ECP 8 80"},"content":{"rendered":"\n<figure class=\"wp-block-image size-large\"><img loading=\"lazy\" decoding=\"async\" width=\"1024\" height=\"921\" src=\"https:\/\/lucentumconsumidores.org\/wp-content\/uploads\/2026\/03\/IMG-20260312-WA0014-1024x921.jpg\" alt=\"\" class=\"wp-image-5545\" srcset=\"https:\/\/lucentumconsumidores.org\/wp-content\/uploads\/2026\/03\/IMG-20260312-WA0014-1024x921.jpg 1024w, https:\/\/lucentumconsumidores.org\/wp-content\/uploads\/2026\/03\/IMG-20260312-WA0014-300x270.jpg 300w, https:\/\/lucentumconsumidores.org\/wp-content\/uploads\/2026\/03\/IMG-20260312-WA0014-768x690.jpg 768w, https:\/\/lucentumconsumidores.org\/wp-content\/uploads\/2026\/03\/IMG-20260312-WA0014-1536x1381.jpg 1536w, https:\/\/lucentumconsumidores.org\/wp-content\/uploads\/2026\/03\/IMG-20260312-WA0014.jpg 2048w\" sizes=\"auto, (max-width: 1024px) 100vw, 1024px\" \/><\/figure>\n\n\n\n<p>Hoy hemos participado en un nuevo encuentro virtual del proyecto europeo <strong>ECP 8\/80<\/strong>, una iniciativa orientada a reforzar la formaci\u00f3n de profesionales dedicados a la educaci\u00f3n del consumidor en \u00e1mbitos clave como la <strong>seguridad de los productos<\/strong> y su <strong>sostenibilidad<\/strong>, en el contexto del nuevo marco legislativo de la Uni\u00f3n Europea.<\/p>\n\n\n\n<p>Desde <strong>Federaci\u00f3n Lucentum<\/strong>, seguimos implicados activamente en este proyecto que busca mejorar el conocimiento y las competencias de quienes trabajan en la formaci\u00f3n y sensibilizaci\u00f3n de los consumidores, contribuyendo as\u00ed a promover productos m\u00e1s seguros y responsables en el mercado europeo.<\/p>\n\n\n\n<p>El proyecto est\u00e1 siendo desarrollado conjuntamente por <strong>APSI \u2013 Associa\u00e7\u00e3o para a Promo\u00e7\u00e3o da Seguran\u00e7a Infantil<\/strong>, <strong>AIJU Instituto Tecnol\u00f3gico<\/strong> y <strong>Federaci\u00f3n Lucentum<\/strong>, entidades que colaboran para impulsar recursos formativos, compartir buenas pr\u00e1cticas y fortalecer la educaci\u00f3n del consumidor desde una perspectiva europea.<\/p>\n\n\n\n<figure class=\"wp-block-gallery has-nested-images columns-default is-cropped wp-block-gallery-1 is-layout-flex wp-block-gallery-is-layout-flex\">\n<figure class=\"wp-block-image size-large\"><img loading=\"lazy\" decoding=\"async\" width=\"1024\" height=\"703\" data-id=\"5547\" src=\"https:\/\/lucentumconsumidores.org\/wp-content\/uploads\/2026\/03\/IMG-20260312-WA0013-1024x703.jpg\" alt=\"\" class=\"wp-image-5547\" srcset=\"https:\/\/lucentumconsumidores.org\/wp-content\/uploads\/2026\/03\/IMG-20260312-WA0013-1024x703.jpg 1024w, https:\/\/lucentumconsumidores.org\/wp-content\/uploads\/2026\/03\/IMG-20260312-WA0013-300x206.jpg 300w, https:\/\/lucentumconsumidores.org\/wp-content\/uploads\/2026\/03\/IMG-20260312-WA0013-768x527.jpg 768w, https:\/\/lucentumconsumidores.org\/wp-content\/uploads\/2026\/03\/IMG-20260312-WA0013-1536x1054.jpg 1536w, https:\/\/lucentumconsumidores.org\/wp-content\/uploads\/2026\/03\/IMG-20260312-WA0013-1020x700.jpg 1020w, https:\/\/lucentumconsumidores.org\/wp-content\/uploads\/2026\/03\/IMG-20260312-WA0013.jpg 2048w\" sizes=\"auto, (max-width: 1024px) 100vw, 1024px\" \/><\/figure>\n\n\n\n<figure class=\"wp-block-image size-large\"><img loading=\"lazy\" decoding=\"async\" width=\"1024\" height=\"744\" data-id=\"5546\" src=\"https:\/\/lucentumconsumidores.org\/wp-content\/uploads\/2026\/03\/IMG-20260312-WA0012-1-1024x744.jpg\" alt=\"\" class=\"wp-image-5546\" srcset=\"https:\/\/lucentumconsumidores.org\/wp-content\/uploads\/2026\/03\/IMG-20260312-WA0012-1-1024x744.jpg 1024w, https:\/\/lucentumconsumidores.org\/wp-content\/uploads\/2026\/03\/IMG-20260312-WA0012-1-300x218.jpg 300w, https:\/\/lucentumconsumidores.org\/wp-content\/uploads\/2026\/03\/IMG-20260312-WA0012-1-768x558.jpg 768w, https:\/\/lucentumconsumidores.org\/wp-content\/uploads\/2026\/03\/IMG-20260312-WA0012-1-1536x1115.jpg 1536w, https:\/\/lucentumconsumidores.org\/wp-content\/uploads\/2026\/03\/IMG-20260312-WA0012-1.jpg 2048w\" sizes=\"auto, (max-width: 1024px) 100vw, 1024px\" \/><\/figure>\n<\/figure>\n\n\n\n<p>Este tipo de encuentros de trabajo permiten avanzar en el desarrollo de los contenidos formativos del proyecto, as\u00ed como coordinar las pr\u00f3ximas acciones que contribuir\u00e1n a acercar la normativa europea y los principios de seguridad y sostenibilidad a profesionales y ciudadanos.<\/p>\n\n\n\n<p>Este proyecto ha sido financiado con el apoyo de la Comisi\u00f3n Europea. La responsabilidad de esta publicaci\u00f3n (comunicaci\u00f3n) recae exclusivamente en el autor. La Comisi\u00f3n no se responsabiliza del uso que pueda hacerse de la informaci\u00f3n aqu\u00ed incluida.<\/p>\n","protected":false},"excerpt":{"rendered":"<p>Hoy hemos participado en un nuevo encuentro virtual del proyecto europeo ECP 8\/80, una iniciativa orientada a reforzar la formaci\u00f3n de profesionales dedicados a la educaci\u00f3n del consumidor en \u00e1mbitos clave como la seguridad de los productos y su sostenibilidad, en el contexto del nuevo marco legislativo de la Uni\u00f3n Europea. Desde Federaci\u00f3n Lucentum, seguimos&#8230;<\/p>\n","protected":false},"author":2,"featured_media":5545,"comment_status":"open","ping_status":"open","sticky":false,"template":"","format":"standard","meta":{"footnotes":""},"categories":[9,20,14],"tags":[],"class_list":["post-5543","post","type-post","status-publish","format-standard","has-post-thumbnail","hentry","category-consumo","category-destacadas","category-jornadas"],"jetpack_featured_media_url":"https:\/\/lucentumconsumidores.org\/wp-content\/uploads\/2026\/03\/IMG-20260312-WA0014.jpg","_links":{"self":[{"href":"https:\/\/lucentumconsumidores.org\/index.php?rest_route=\/wp\/v2\/posts\/5543","targetHints":{"allow":["GET"]}}],"collection":[{"href":"https:\/\/lucentumconsumidores.org\/index.php?rest_route=\/wp\/v2\/posts"}],"about":[{"href":"https:\/\/lucentumconsumidores.org\/index.php?rest_route=\/wp\/v2\/types\/post"}],"author":[{"embeddable":true,"href":"https:\/\/lucentumconsumidores.org\/index.php?rest_route=\/wp\/v2\/users\/2"}],"replies":[{"embeddable":true,"href":"https:\/\/lucentumconsumidores.org\/index.php?rest_route=%2Fwp%2Fv2%2Fcomments&post=5543"}],"version-history":[{"count":2,"href":"https:\/\/lucentumconsumidores.org\/index.php?rest_route=\/wp\/v2\/posts\/5543\/revisions"}],"predecessor-version":[{"id":5550,"href":"https:\/\/lucentumconsumidores.org\/index.php?rest_route=\/wp\/v2\/posts\/5543\/revisions\/5550"}],"wp:featuredmedia":[{"embeddable":true,"href":"https:\/\/lucentumconsumidores.org\/index.php?rest_route=\/wp\/v2\/media\/5545"}],"wp:attachment":[{"href":"https:\/\/lucentumconsumidores.org\/index.php?rest_route=%2Fwp%2Fv2%2Fmedia&parent=5543"}],"wp:term":[{"taxonomy":"category","embeddable":true,"href":"https:\/\/lucentumconsumidores.org\/index.php?rest_route=%2Fwp%2Fv2%2Fcategories&post=5543"},{"taxonomy":"post_tag","embeddable":true,"href":"https:\/\/lucentumconsumidores.org\/index.php?rest_route=%2Fwp%2Fv2%2Ftags&post=5543"}],"curies":[{"name":"wp","href":"https:\/\/api.w.org\/{rel}","templated":true}]}}