{"id":5551,"date":"2026-03-13T10:54:43","date_gmt":"2026-03-13T08:54:43","guid":{"rendered":"https:\/\/lucentumconsumidores.org\/?p=5551"},"modified":"2026-03-13T13:19:16","modified_gmt":"2026-03-13T11:19:16","slug":"ciberestafas-proteccion-en-la-era-digital","status":"publish","type":"post","link":"https:\/\/lucentumconsumidores.org\/?p=5551","title":{"rendered":"CIBERESTAFAS. PROTECCI\u00d3N EN LA ERA DIGITAL"},"content":{"rendered":"\n<figure class=\"wp-block-image size-large\"><img loading=\"lazy\" decoding=\"async\" width=\"1024\" height=\"537\" src=\"https:\/\/lucentumconsumidores.org\/wp-content\/uploads\/2026\/03\/IMG-20260313-WA0006-1024x537.jpg\" alt=\"\" class=\"wp-image-5553\" srcset=\"https:\/\/lucentumconsumidores.org\/wp-content\/uploads\/2026\/03\/IMG-20260313-WA0006-1024x537.jpg 1024w, https:\/\/lucentumconsumidores.org\/wp-content\/uploads\/2026\/03\/IMG-20260313-WA0006-300x157.jpg 300w, https:\/\/lucentumconsumidores.org\/wp-content\/uploads\/2026\/03\/IMG-20260313-WA0006-768x402.jpg 768w, https:\/\/lucentumconsumidores.org\/wp-content\/uploads\/2026\/03\/IMG-20260313-WA0006.jpg 1271w\" sizes=\"auto, (max-width: 1024px) 100vw, 1024px\" \/><\/figure>\n\n\n\n<p>Ayer por la tarde tuvo lugar en la <strong>Asociaci\u00f3n de Pinoso<\/strong> una interesante ponencia organizada por <strong>Federaci\u00f3n Lucentum<\/strong>, centrada en la prevenci\u00f3n y protecci\u00f3n frente a las ciberdelincuencias que cada vez afectan a m\u00e1s personas en el entorno digital.<\/p>\n\n\n\n<p>La charla, titulada <strong>\u201cCiberestafas. Protecci\u00f3n en la era digital\u201d<\/strong>, fue impartida por <strong>Fabi\u00e1n Tasc\u00f3n<\/strong>, t\u00e9cnico de consumo de la Federaci\u00f3n, acompa\u00f1ado por <strong>Soledad Morales<\/strong>, presidenta de Federaci\u00f3n Lucentum. Durante la sesi\u00f3n se ofrecieron consejos pr\u00e1cticos para identificar posibles fraudes en internet, evitar enga\u00f1os a trav\u00e9s del m\u00f3vil o el correo electr\u00f3nico y reforzar la seguridad en nuestras gestiones digitales.<\/p>\n\n\n\n<figure class=\"wp-block-gallery has-nested-images columns-default is-cropped wp-block-gallery-1 is-layout-flex wp-block-gallery-is-layout-flex\">\n<figure class=\"wp-block-image size-large\"><img loading=\"lazy\" decoding=\"async\" width=\"1024\" height=\"874\" data-id=\"5555\" src=\"https:\/\/lucentumconsumidores.org\/wp-content\/uploads\/2026\/03\/IMG-20260312-WA0016-1024x874.jpg\" alt=\"\" class=\"wp-image-5555\" srcset=\"https:\/\/lucentumconsumidores.org\/wp-content\/uploads\/2026\/03\/IMG-20260312-WA0016-1024x874.jpg 1024w, https:\/\/lucentumconsumidores.org\/wp-content\/uploads\/2026\/03\/IMG-20260312-WA0016-300x256.jpg 300w, https:\/\/lucentumconsumidores.org\/wp-content\/uploads\/2026\/03\/IMG-20260312-WA0016-768x656.jpg 768w, https:\/\/lucentumconsumidores.org\/wp-content\/uploads\/2026\/03\/IMG-20260312-WA0016.jpg 1120w\" sizes=\"auto, (max-width: 1024px) 100vw, 1024px\" \/><\/figure>\n\n\n\n<figure class=\"wp-block-image size-large\"><img loading=\"lazy\" decoding=\"async\" width=\"741\" height=\"606\" data-id=\"5556\" src=\"https:\/\/lucentumconsumidores.org\/wp-content\/uploads\/2026\/03\/IMG-20260312-WA0015.jpg\" alt=\"\" class=\"wp-image-5556\" srcset=\"https:\/\/lucentumconsumidores.org\/wp-content\/uploads\/2026\/03\/IMG-20260312-WA0015.jpg 741w, https:\/\/lucentumconsumidores.org\/wp-content\/uploads\/2026\/03\/IMG-20260312-WA0015-300x245.jpg 300w\" sizes=\"auto, (max-width: 741px) 100vw, 741px\" \/><\/figure>\n<\/figure>\n\n\n\n<p>Las personas asistentes pudieron resolver dudas y conocer herramientas \u00fatiles para navegar y realizar compras online con mayor seguridad.<\/p>\n\n\n\n<figure class=\"wp-block-image size-large\"><img loading=\"lazy\" decoding=\"async\" width=\"1024\" height=\"650\" src=\"https:\/\/lucentumconsumidores.org\/wp-content\/uploads\/2026\/03\/IMG-20260313-WA0009-1024x650.jpg\" alt=\"\" class=\"wp-image-5557\" srcset=\"https:\/\/lucentumconsumidores.org\/wp-content\/uploads\/2026\/03\/IMG-20260313-WA0009-1024x650.jpg 1024w, https:\/\/lucentumconsumidores.org\/wp-content\/uploads\/2026\/03\/IMG-20260313-WA0009-300x190.jpg 300w, https:\/\/lucentumconsumidores.org\/wp-content\/uploads\/2026\/03\/IMG-20260313-WA0009-768x487.jpg 768w, https:\/\/lucentumconsumidores.org\/wp-content\/uploads\/2026\/03\/IMG-20260313-WA0009-150x95.jpg 150w, https:\/\/lucentumconsumidores.org\/wp-content\/uploads\/2026\/03\/IMG-20260313-WA0009.jpg 1400w\" sizes=\"auto, (max-width: 1024px) 100vw, 1024px\" \/><\/figure>\n\n\n\n<p>La jornada finaliz\u00f3 en un ambiente muy agradable, compartiendo <strong>bu\u00f1uelos con chocolate<\/strong>, cortes\u00eda de la <strong>Asociaci\u00f3n de Pinoso<\/strong>, poniendo as\u00ed el broche dulce a una tarde de aprendizaje y convivencia.<\/p>\n\n\n\n<p>\u00a1Gracias a Fabian y a Soledad por una ponencia tan interesante y necesaria en la actualidad!                   \u00a1Gracias a todas las personas asistentes y a la Asociaci\u00f3n por su acogida y colaboraci\u00f3n!<\/p>\n","protected":false},"excerpt":{"rendered":"<p>Ayer por la tarde tuvo lugar en la Asociaci\u00f3n de Pinoso una interesante ponencia organizada por Federaci\u00f3n Lucentum, centrada en la prevenci\u00f3n y protecci\u00f3n frente a las ciberdelincuencias que cada vez afectan a m\u00e1s personas en el entorno digital. La charla, titulada \u201cCiberestafas. Protecci\u00f3n en la era digital\u201d, fue impartida por Fabi\u00e1n Tasc\u00f3n, t\u00e9cnico de&#8230;<\/p>\n","protected":false},"author":2,"featured_media":5553,"comment_status":"open","ping_status":"open","sticky":false,"template":"","format":"standard","meta":{"footnotes":""},"categories":[9,20,13],"tags":[],"class_list":["post-5551","post","type-post","status-publish","format-standard","has-post-thumbnail","hentry","category-consumo","category-destacadas","category-general"],"jetpack_featured_media_url":"https:\/\/lucentumconsumidores.org\/wp-content\/uploads\/2026\/03\/IMG-20260313-WA0006.jpg","_links":{"self":[{"href":"https:\/\/lucentumconsumidores.org\/index.php?rest_route=\/wp\/v2\/posts\/5551","targetHints":{"allow":["GET"]}}],"collection":[{"href":"https:\/\/lucentumconsumidores.org\/index.php?rest_route=\/wp\/v2\/posts"}],"about":[{"href":"https:\/\/lucentumconsumidores.org\/index.php?rest_route=\/wp\/v2\/types\/post"}],"author":[{"embeddable":true,"href":"https:\/\/lucentumconsumidores.org\/index.php?rest_route=\/wp\/v2\/users\/2"}],"replies":[{"embeddable":true,"href":"https:\/\/lucentumconsumidores.org\/index.php?rest_route=%2Fwp%2Fv2%2Fcomments&post=5551"}],"version-history":[{"count":2,"href":"https:\/\/lucentumconsumidores.org\/index.php?rest_route=\/wp\/v2\/posts\/5551\/revisions"}],"predecessor-version":[{"id":5558,"href":"https:\/\/lucentumconsumidores.org\/index.php?rest_route=\/wp\/v2\/posts\/5551\/revisions\/5558"}],"wp:featuredmedia":[{"embeddable":true,"href":"https:\/\/lucentumconsumidores.org\/index.php?rest_route=\/wp\/v2\/media\/5553"}],"wp:attachment":[{"href":"https:\/\/lucentumconsumidores.org\/index.php?rest_route=%2Fwp%2Fv2%2Fmedia&parent=5551"}],"wp:term":[{"taxonomy":"category","embeddable":true,"href":"https:\/\/lucentumconsumidores.org\/index.php?rest_route=%2Fwp%2Fv2%2Fcategories&post=5551"},{"taxonomy":"post_tag","embeddable":true,"href":"https:\/\/lucentumconsumidores.org\/index.php?rest_route=%2Fwp%2Fv2%2Ftags&post=5551"}],"curies":[{"name":"wp","href":"https:\/\/api.w.org\/{rel}","templated":true}]}}