{"id":5559,"date":"2026-03-15T00:16:11","date_gmt":"2026-03-14T22:16:11","guid":{"rendered":"https:\/\/lucentumconsumidores.org\/?p=5559"},"modified":"2026-03-15T00:41:18","modified_gmt":"2026-03-14T22:41:18","slug":"jornadas-tecnicas-de-consumo-el-consumidor-senior","status":"publish","type":"post","link":"https:\/\/lucentumconsumidores.org\/?p=5559","title":{"rendered":"JORNADAS T\u00c9CNICAS DE CONSUMO                        \u00abEl Consumidor Senior\u00bb"},"content":{"rendered":"\n<figure class=\"wp-block-image size-large\"><img loading=\"lazy\" decoding=\"async\" width=\"1024\" height=\"768\" src=\"https:\/\/lucentumconsumidores.org\/wp-content\/uploads\/2026\/03\/IMG-20260314-WA0000-1024x768.jpg\" alt=\"\" class=\"wp-image-5566\" srcset=\"https:\/\/lucentumconsumidores.org\/wp-content\/uploads\/2026\/03\/IMG-20260314-WA0000-1024x768.jpg 1024w, https:\/\/lucentumconsumidores.org\/wp-content\/uploads\/2026\/03\/IMG-20260314-WA0000-300x225.jpg 300w, https:\/\/lucentumconsumidores.org\/wp-content\/uploads\/2026\/03\/IMG-20260314-WA0000-768x576.jpg 768w, https:\/\/lucentumconsumidores.org\/wp-content\/uploads\/2026\/03\/IMG-20260314-WA0000-1536x1152.jpg 1536w, https:\/\/lucentumconsumidores.org\/wp-content\/uploads\/2026\/03\/IMG-20260314-WA0000.jpg 2048w\" sizes=\"auto, (max-width: 1024px) 100vw, 1024px\" \/><\/figure>\n\n\n\n<p>El pasado viernes participamos en las <strong>Jornadas T\u00e9cnicas de Consumo \u201cEl consumidor senior\u201d<\/strong>, celebradas en el Museo Arqueol\u00f3gico Provincial de Alicante (MARQ), con motivo del D\u00eda Mundial del Consumidor.<\/p>\n\n\n\n<p>Nuestra presidenta, <strong>Soledad Morales<\/strong>, ha intervenido en la mesa-debate <em>\u201cConsumo y servicios a los mayores (Atenci\u00f3n al cliente senior)\u201d<\/em>, donde se abordaron cuestiones clave como la atenci\u00f3n personalizada frente a la automatizada y la vulnerabilidad del consumidor senior ante las nuevas formas de consumo.<\/p>\n\n\n\n<figure class=\"wp-block-gallery has-nested-images columns-default is-cropped wp-block-gallery-1 is-layout-flex wp-block-gallery-is-layout-flex\">\n<figure class=\"wp-block-image size-large\"><img loading=\"lazy\" decoding=\"async\" width=\"1024\" height=\"768\" data-id=\"5564\" src=\"https:\/\/lucentumconsumidores.org\/wp-content\/uploads\/2026\/03\/IMG-20260314-WA0001-1024x768.jpg\" alt=\"\" class=\"wp-image-5564\" srcset=\"https:\/\/lucentumconsumidores.org\/wp-content\/uploads\/2026\/03\/IMG-20260314-WA0001-1024x768.jpg 1024w, https:\/\/lucentumconsumidores.org\/wp-content\/uploads\/2026\/03\/IMG-20260314-WA0001-300x225.jpg 300w, https:\/\/lucentumconsumidores.org\/wp-content\/uploads\/2026\/03\/IMG-20260314-WA0001-768x576.jpg 768w, https:\/\/lucentumconsumidores.org\/wp-content\/uploads\/2026\/03\/IMG-20260314-WA0001-1536x1152.jpg 1536w, https:\/\/lucentumconsumidores.org\/wp-content\/uploads\/2026\/03\/IMG-20260314-WA0001.jpg 2048w\" sizes=\"auto, (max-width: 1024px) 100vw, 1024px\" \/><\/figure>\n\n\n\n<figure class=\"wp-block-image size-large\"><img loading=\"lazy\" decoding=\"async\" width=\"832\" height=\"1024\" data-id=\"5565\" src=\"https:\/\/lucentumconsumidores.org\/wp-content\/uploads\/2026\/03\/IMG-20260314-WA0004.2-832x1024.jpg\" alt=\"\" class=\"wp-image-5565\" srcset=\"https:\/\/lucentumconsumidores.org\/wp-content\/uploads\/2026\/03\/IMG-20260314-WA0004.2-832x1024.jpg 832w, https:\/\/lucentumconsumidores.org\/wp-content\/uploads\/2026\/03\/IMG-20260314-WA0004.2-244x300.jpg 244w, https:\/\/lucentumconsumidores.org\/wp-content\/uploads\/2026\/03\/IMG-20260314-WA0004.2-768x945.jpg 768w, https:\/\/lucentumconsumidores.org\/wp-content\/uploads\/2026\/03\/IMG-20260314-WA0004.2.jpg 872w\" sizes=\"auto, (max-width: 832px) 100vw, 832px\" \/><\/figure>\n<\/figure>\n\n\n\n<p>Durante el debate se destac\u00f3 la importancia de garantizar una <strong>atenci\u00f3n accesible, cercana y adaptada a las personas mayores<\/strong>, promoviendo un consumo m\u00e1s justo e inclusivo.<\/p>\n\n\n\n<p>Agradecemos a la Concejal\u00eda de Consumo del Ayuntamiento de Alicante y a CERCA la organizaci\u00f3n de esta jornada y la invitaci\u00f3n a participar en un espacio de reflexi\u00f3n tan necesario.<\/p>\n","protected":false},"excerpt":{"rendered":"<p>El pasado viernes participamos en las Jornadas T\u00e9cnicas de Consumo \u201cEl consumidor senior\u201d, celebradas en el Museo Arqueol\u00f3gico Provincial de Alicante (MARQ), con motivo del D\u00eda Mundial del Consumidor. Nuestra presidenta, Soledad Morales, ha intervenido en la mesa-debate \u201cConsumo y servicios a los mayores (Atenci\u00f3n al cliente senior)\u201d, donde se abordaron cuestiones clave como la&#8230;<\/p>\n","protected":false},"author":2,"featured_media":5566,"comment_status":"open","ping_status":"open","sticky":false,"template":"","format":"standard","meta":{"footnotes":""},"categories":[3,9,20,13,14],"tags":[],"class_list":["post-5559","post","type-post","status-publish","format-standard","has-post-thumbnail","hentry","category-agenda","category-consumo","category-destacadas","category-general","category-jornadas"],"jetpack_featured_media_url":"https:\/\/lucentumconsumidores.org\/wp-content\/uploads\/2026\/03\/IMG-20260314-WA0000.jpg","_links":{"self":[{"href":"https:\/\/lucentumconsumidores.org\/index.php?rest_route=\/wp\/v2\/posts\/5559","targetHints":{"allow":["GET"]}}],"collection":[{"href":"https:\/\/lucentumconsumidores.org\/index.php?rest_route=\/wp\/v2\/posts"}],"about":[{"href":"https:\/\/lucentumconsumidores.org\/index.php?rest_route=\/wp\/v2\/types\/post"}],"author":[{"embeddable":true,"href":"https:\/\/lucentumconsumidores.org\/index.php?rest_route=\/wp\/v2\/users\/2"}],"replies":[{"embeddable":true,"href":"https:\/\/lucentumconsumidores.org\/index.php?rest_route=%2Fwp%2Fv2%2Fcomments&post=5559"}],"version-history":[{"count":2,"href":"https:\/\/lucentumconsumidores.org\/index.php?rest_route=\/wp\/v2\/posts\/5559\/revisions"}],"predecessor-version":[{"id":5571,"href":"https:\/\/lucentumconsumidores.org\/index.php?rest_route=\/wp\/v2\/posts\/5559\/revisions\/5571"}],"wp:featuredmedia":[{"embeddable":true,"href":"https:\/\/lucentumconsumidores.org\/index.php?rest_route=\/wp\/v2\/media\/5566"}],"wp:attachment":[{"href":"https:\/\/lucentumconsumidores.org\/index.php?rest_route=%2Fwp%2Fv2%2Fmedia&parent=5559"}],"wp:term":[{"taxonomy":"category","embeddable":true,"href":"https:\/\/lucentumconsumidores.org\/index.php?rest_route=%2Fwp%2Fv2%2Fcategories&post=5559"},{"taxonomy":"post_tag","embeddable":true,"href":"https:\/\/lucentumconsumidores.org\/index.php?rest_route=%2Fwp%2Fv2%2Ftags&post=5559"}],"curies":[{"name":"wp","href":"https:\/\/api.w.org\/{rel}","templated":true}]}}