{"id":5825,"date":"2026-09-04T09:22:59","date_gmt":"2026-09-04T07:22:59","guid":{"rendered":"https:\/\/lucentumconsumidores.org\/?p=5825"},"modified":"2026-09-04T09:33:16","modified_gmt":"2026-09-04T07:33:16","slug":"lucentum-con-la-uva-de-mesa-del-vinalopo","status":"publish","type":"post","link":"https:\/\/lucentumconsumidores.org\/?p=5825","title":{"rendered":"LUCENTUM CON LA UVA DE MESA DEL VINALOP\u00d3"},"content":{"rendered":"\n<figure class=\"wp-block-gallery has-nested-images columns-default is-cropped wp-block-gallery-1 is-layout-flex wp-block-gallery-is-layout-flex\">\n<figure class=\"wp-block-image size-large\"><img loading=\"lazy\" decoding=\"async\" width=\"768\" height=\"1024\" data-id=\"5829\" src=\"https:\/\/lucentumconsumidores.org\/wp-content\/uploads\/2026\/09\/1000168851-768x1024.jpg\" alt=\"\" class=\"wp-image-5829\" srcset=\"https:\/\/lucentumconsumidores.org\/wp-content\/uploads\/2026\/09\/1000168851-768x1024.jpg 768w, https:\/\/lucentumconsumidores.org\/wp-content\/uploads\/2026\/09\/1000168851-225x300.jpg 225w, https:\/\/lucentumconsumidores.org\/wp-content\/uploads\/2026\/09\/1000168851-1152x1536.jpg 1152w, https:\/\/lucentumconsumidores.org\/wp-content\/uploads\/2026\/09\/1000168851.jpg 1200w\" sizes=\"auto, (max-width: 768px) 100vw, 768px\" \/><\/figure>\n\n\n\n<figure class=\"wp-block-image size-large\"><img loading=\"lazy\" decoding=\"async\" width=\"576\" height=\"1024\" data-id=\"5828\" src=\"https:\/\/lucentumconsumidores.org\/wp-content\/uploads\/2026\/09\/1000168856-576x1024.jpg\" alt=\"\" class=\"wp-image-5828\" srcset=\"https:\/\/lucentumconsumidores.org\/wp-content\/uploads\/2026\/09\/1000168856-576x1024.jpg 576w, https:\/\/lucentumconsumidores.org\/wp-content\/uploads\/2026\/09\/1000168856-169x300.jpg 169w, https:\/\/lucentumconsumidores.org\/wp-content\/uploads\/2026\/09\/1000168856-768x1365.jpg 768w, https:\/\/lucentumconsumidores.org\/wp-content\/uploads\/2026\/09\/1000168856-864x1536.jpg 864w, https:\/\/lucentumconsumidores.org\/wp-content\/uploads\/2026\/09\/1000168856.jpg 900w\" sizes=\"auto, (max-width: 576px) 100vw, 576px\" \/><\/figure>\n<\/figure>\n\n\n\n<p><strong>Federaci\u00f3n Lucentum, presente en el inicio de la campa\u00f1a de la Uva de Mesa del Vinalop\u00f3 2026<\/strong><\/p>\n\n\n\n<p>La Presidenta de la <strong>Federaci\u00f3n Lucentum de Consumidores y Usuarios<\/strong>, acompa\u00f1ada por varias representantes de la <strong>Asociaci\u00f3n Local de Monforte<\/strong>, asisti\u00f3 al acto de <strong>corte del primer racimo de Uva de Mesa del Vinalop\u00f3 y presentaci\u00f3n de la campa\u00f1a 2026<\/strong>, celebrado en <strong>Agost<\/strong>.<\/p>\n\n\n\n<p>Un encuentro que pone en valor uno de los productos agr\u00edcolas m\u00e1s representativos de nuestra provincia y el importante trabajo que realizan nuestros agricultores y productores para ofrecer un producto de calidad y con gran reconocimiento.<\/p>\n\n\n\n<p>Al acto asistieron numerosas autoridades y representantes institucionales, entre ellos el <strong>Presidente de la Diputaci\u00f3n de Alicante<\/strong> y el <strong>Presidente de la Generalitat Valenciana<\/strong>, junto a representantes del sector y de los municipios productores.<\/p>\n\n\n\n<figure class=\"wp-block-gallery has-nested-images columns-default is-cropped wp-block-gallery-2 is-layout-flex wp-block-gallery-is-layout-flex\">\n<figure class=\"wp-block-image size-large\"><img loading=\"lazy\" decoding=\"async\" width=\"1024\" height=\"768\" data-id=\"5830\" src=\"https:\/\/lucentumconsumidores.org\/wp-content\/uploads\/2026\/09\/1000168840-1024x768.jpg\" alt=\"\" class=\"wp-image-5830\" srcset=\"https:\/\/lucentumconsumidores.org\/wp-content\/uploads\/2026\/09\/1000168840-1024x768.jpg 1024w, https:\/\/lucentumconsumidores.org\/wp-content\/uploads\/2026\/09\/1000168840-300x225.jpg 300w, https:\/\/lucentumconsumidores.org\/wp-content\/uploads\/2026\/09\/1000168840-768x576.jpg 768w, https:\/\/lucentumconsumidores.org\/wp-content\/uploads\/2026\/09\/1000168840-1536x1152.jpg 1536w, https:\/\/lucentumconsumidores.org\/wp-content\/uploads\/2026\/09\/1000168840.jpg 1600w\" sizes=\"auto, (max-width: 1024px) 100vw, 1024px\" \/><\/figure>\n\n\n\n<figure class=\"wp-block-image size-large\"><img loading=\"lazy\" decoding=\"async\" width=\"768\" height=\"1024\" data-id=\"5831\" src=\"https:\/\/lucentumconsumidores.org\/wp-content\/uploads\/2026\/09\/1000168843-768x1024.jpg\" alt=\"\" class=\"wp-image-5831\" srcset=\"https:\/\/lucentumconsumidores.org\/wp-content\/uploads\/2026\/09\/1000168843-768x1024.jpg 768w, https:\/\/lucentumconsumidores.org\/wp-content\/uploads\/2026\/09\/1000168843-225x300.jpg 225w, https:\/\/lucentumconsumidores.org\/wp-content\/uploads\/2026\/09\/1000168843-1152x1536.jpg 1152w, https:\/\/lucentumconsumidores.org\/wp-content\/uploads\/2026\/09\/1000168843.jpg 1200w\" sizes=\"auto, (max-width: 768px) 100vw, 768px\" \/><\/figure>\n<\/figure>\n\n\n\n<p>Desde <strong>Federaci\u00f3n Lucentum<\/strong> continuamos apoyando y participando en iniciativas que acercan a los consumidores la realidad de nuestro territorio, fomentando el <strong>consumo de productos locales y de proximidad<\/strong> y poniendo en valor nuestra agricultura.<\/p>\n\n\n\n<p><strong>Por una alimentaci\u00f3n de calidad, un consumo responsable y el apoyo a nuestros productos de proximidad.<\/strong><\/p>\n\n\n\n<figure class=\"wp-block-gallery has-nested-images columns-default is-cropped wp-block-gallery-3 is-layout-flex wp-block-gallery-is-layout-flex\">\n<figure class=\"wp-block-image size-large\"><img loading=\"lazy\" decoding=\"async\" width=\"503\" height=\"1024\" data-id=\"5832\" src=\"https:\/\/lucentumconsumidores.org\/wp-content\/uploads\/2026\/09\/1000168847-503x1024.jpg\" alt=\"\" class=\"wp-image-5832\" srcset=\"https:\/\/lucentumconsumidores.org\/wp-content\/uploads\/2026\/09\/1000168847-503x1024.jpg 503w, https:\/\/lucentumconsumidores.org\/wp-content\/uploads\/2026\/09\/1000168847-147x300.jpg 147w, https:\/\/lucentumconsumidores.org\/wp-content\/uploads\/2026\/09\/1000168847-768x1563.jpg 768w, https:\/\/lucentumconsumidores.org\/wp-content\/uploads\/2026\/09\/1000168847-755x1536.jpg 755w, https:\/\/lucentumconsumidores.org\/wp-content\/uploads\/2026\/09\/1000168847.jpg 786w\" sizes=\"auto, (max-width: 503px) 100vw, 503px\" \/><\/figure>\n\n\n\n<figure class=\"wp-block-image size-large\"><img loading=\"lazy\" decoding=\"async\" width=\"768\" height=\"1024\" data-id=\"5833\" src=\"https:\/\/lucentumconsumidores.org\/wp-content\/uploads\/2026\/09\/1000168844-768x1024.jpg\" alt=\"\" class=\"wp-image-5833\" srcset=\"https:\/\/lucentumconsumidores.org\/wp-content\/uploads\/2026\/09\/1000168844-768x1024.jpg 768w, https:\/\/lucentumconsumidores.org\/wp-content\/uploads\/2026\/09\/1000168844-225x300.jpg 225w, https:\/\/lucentumconsumidores.org\/wp-content\/uploads\/2026\/09\/1000168844-1152x1536.jpg 1152w, https:\/\/lucentumconsumidores.org\/wp-content\/uploads\/2026\/09\/1000168844.jpg 1200w\" sizes=\"auto, (max-width: 768px) 100vw, 768px\" \/><\/figure>\n<\/figure>\n","protected":false},"excerpt":{"rendered":"<p>Federaci\u00f3n Lucentum, presente en el inicio de la campa\u00f1a de la Uva de Mesa del Vinalop\u00f3 2026 La Presidenta de la Federaci\u00f3n Lucentum de Consumidores y Usuarios, acompa\u00f1ada por varias representantes de la Asociaci\u00f3n Local de Monforte, asisti\u00f3 al acto de corte del primer racimo de Uva de Mesa del Vinalop\u00f3 y presentaci\u00f3n de la&#8230;<\/p>\n","protected":false},"author":2,"featured_media":5829,"comment_status":"open","ping_status":"open","sticky":false,"template":"","format":"standard","meta":{"footnotes":""},"categories":[3,9,20,13,14],"tags":[],"class_list":["post-5825","post","type-post","status-publish","format-standard","has-post-thumbnail","hentry","category-agenda","category-consumo","category-destacadas","category-general","category-jornadas"],"jetpack_featured_media_url":"https:\/\/lucentumconsumidores.org\/wp-content\/uploads\/2026\/09\/1000168851.jpg","_links":{"self":[{"href":"https:\/\/lucentumconsumidores.org\/index.php?rest_route=\/wp\/v2\/posts\/5825","targetHints":{"allow":["GET"]}}],"collection":[{"href":"https:\/\/lucentumconsumidores.org\/index.php?rest_route=\/wp\/v2\/posts"}],"about":[{"href":"https:\/\/lucentumconsumidores.org\/index.php?rest_route=\/wp\/v2\/types\/post"}],"author":[{"embeddable":true,"href":"https:\/\/lucentumconsumidores.org\/index.php?rest_route=\/wp\/v2\/users\/2"}],"replies":[{"embeddable":true,"href":"https:\/\/lucentumconsumidores.org\/index.php?rest_route=%2Fwp%2Fv2%2Fcomments&post=5825"}],"version-history":[{"count":1,"href":"https:\/\/lucentumconsumidores.org\/index.php?rest_route=\/wp\/v2\/posts\/5825\/revisions"}],"predecessor-version":[{"id":5834,"href":"https:\/\/lucentumconsumidores.org\/index.php?rest_route=\/wp\/v2\/posts\/5825\/revisions\/5834"}],"wp:featuredmedia":[{"embeddable":true,"href":"https:\/\/lucentumconsumidores.org\/index.php?rest_route=\/wp\/v2\/media\/5829"}],"wp:attachment":[{"href":"https:\/\/lucentumconsumidores.org\/index.php?rest_route=%2Fwp%2Fv2%2Fmedia&parent=5825"}],"wp:term":[{"taxonomy":"category","embeddable":true,"href":"https:\/\/lucentumconsumidores.org\/index.php?rest_route=%2Fwp%2Fv2%2Fcategories&post=5825"},{"taxonomy":"post_tag","embeddable":true,"href":"https:\/\/lucentumconsumidores.org\/index.php?rest_route=%2Fwp%2Fv2%2Ftags&post=5825"}],"curies":[{"name":"wp","href":"https:\/\/api.w.org\/{rel}","templated":true}]}}