{"id":749,"date":"2020-04-21T09:25:52","date_gmt":"2020-04-21T07:25:52","guid":{"rendered":"https:\/\/lucentumconsumidores.org\/?p=749"},"modified":"2024-11-21T22:55:54","modified_gmt":"2024-11-21T20:55:54","slug":"telefonos-y-email-de-interes-covid-19","status":"publish","type":"post","link":"https:\/\/lucentumconsumidores.org\/?p=749","title":{"rendered":"Tel\u00e9fonos y email de Inter\u00e9s COVID-19.      Tel\u00e8fons i email d&#8217;Inter\u00e9s COVID-19."},"content":{"rendered":"\n<p>GU\u00cdA R\u00c1PIDA DE TEL\u00c9FONOS DE INTER\u00c9S COVID-19, para conocer tel\u00e9fonos y correos electr\u00f3nicos de servicios, oficinas y organismos que pueden ayudar en distintos aspectos a los consumidores. Elaborada por El Centro Educativo de Recursos de Consumo del Ayuntamiento de Alicante. Adjuntamos enlace&#8230;.. <\/p>\n\n\n\n<p class=\"has-cyan-bluish-gray-color has-text-color has-link-color wp-elements-6987267c63190f86db0e1f9c265e81b8\">GUIA R\u00c0PIDA DE TEL\u00c8FONS D&#8217;INTER\u00c9S COVID-19, per a con\u00e9ixer tel\u00e8fons i correus electr\u00f2nics de servicis, oficines i organismes que poden ajudar en diferents aspectes als consumidors. Elaborada pel Centre Educatiu de Recursos de Consum de l&#8217;Ajuntament d&#8217;Alacant. Adjuntem enlla\u00e7\u2026..<\/p>\n\n\n\n<p><a href=\"https:\/\/view.genial.ly\/5e99e435b65e370dac662d4d\/vertical-infographic-list-telefonos-covid-19\">https:\/\/view.genial.ly\/5e99e435b65e370dac662d4d\/vertical-infographic-list-telefonos-covid-19<\/a><\/p>\n","protected":false},"excerpt":{"rendered":"<p>GU\u00cdA R\u00c1PIDA DE TEL\u00c9FONOS DE INTER\u00c9S COVID-19, para conocer tel\u00e9fonos y correos electr\u00f3nicos de servicios, oficinas y organismos que pueden ayudar en distintos aspectos a los consumidores. Elaborada por El Centro Educativo de Recursos de Consumo del Ayuntamiento de Alicante. Adjuntamos enlace&#8230;.. GUIA R\u00c0PIDA DE TEL\u00c8FONS D&#8217;INTER\u00c9S COVID-19, per a con\u00e9ixer tel\u00e8fons i correus electr\u00f2nics&#8230;<\/p>\n","protected":false},"author":2,"featured_media":1042,"comment_status":"open","ping_status":"open","sticky":false,"template":"","format":"standard","meta":{"footnotes":""},"categories":[3,15,8,10],"tags":[],"class_list":["post-749","post","type-post","status-publish","format-standard","has-post-thumbnail","hentry","category-agenda","category-noticias","category-publicaciones","category-salud-y-alimentacion"],"jetpack_featured_media_url":"https:\/\/lucentumconsumidores.org\/wp-content\/uploads\/2020\/04\/COVID-19.jpg","_links":{"self":[{"href":"https:\/\/lucentumconsumidores.org\/index.php?rest_route=\/wp\/v2\/posts\/749","targetHints":{"allow":["GET"]}}],"collection":[{"href":"https:\/\/lucentumconsumidores.org\/index.php?rest_route=\/wp\/v2\/posts"}],"about":[{"href":"https:\/\/lucentumconsumidores.org\/index.php?rest_route=\/wp\/v2\/types\/post"}],"author":[{"embeddable":true,"href":"https:\/\/lucentumconsumidores.org\/index.php?rest_route=\/wp\/v2\/users\/2"}],"replies":[{"embeddable":true,"href":"https:\/\/lucentumconsumidores.org\/index.php?rest_route=%2Fwp%2Fv2%2Fcomments&post=749"}],"version-history":[{"count":3,"href":"https:\/\/lucentumconsumidores.org\/index.php?rest_route=\/wp\/v2\/posts\/749\/revisions"}],"predecessor-version":[{"id":4076,"href":"https:\/\/lucentumconsumidores.org\/index.php?rest_route=\/wp\/v2\/posts\/749\/revisions\/4076"}],"wp:featuredmedia":[{"embeddable":true,"href":"https:\/\/lucentumconsumidores.org\/index.php?rest_route=\/wp\/v2\/media\/1042"}],"wp:attachment":[{"href":"https:\/\/lucentumconsumidores.org\/index.php?rest_route=%2Fwp%2Fv2%2Fmedia&parent=749"}],"wp:term":[{"taxonomy":"category","embeddable":true,"href":"https:\/\/lucentumconsumidores.org\/index.php?rest_route=%2Fwp%2Fv2%2Fcategories&post=749"},{"taxonomy":"post_tag","embeddable":true,"href":"https:\/\/lucentumconsumidores.org\/index.php?rest_route=%2Fwp%2Fv2%2Ftags&post=749"}],"curies":[{"name":"wp","href":"https:\/\/api.w.org\/{rel}","templated":true}]}}