{"id":955,"date":"2020-12-01T13:05:21","date_gmt":"2020-12-01T11:05:21","guid":{"rendered":"https:\/\/lucentumconsumidores.org\/?p=955"},"modified":"2024-11-21T21:59:46","modified_gmt":"2024-11-21T19:59:46","slug":"como-afecta-nuestra-forma-de-comprar-en-el-medio-ambiente-y-a-nuestra-salud","status":"publish","type":"post","link":"https:\/\/lucentumconsumidores.org\/?p=955","title":{"rendered":"\u00bfC\u00f3mo afecta nuestra forma de comprar en el medio ambiente? \u00bfY a nuestra salud?.              Com afecta la nostra manera de comprar en el medi ambient? I a la nostra salut?."},"content":{"rendered":"\n<p>Adjuntamos enlace  del  Diario informaci\u00f3n.   Domingo 29 de noviembre de 2020, con nuestra Presidenta, Soledad Morales.   <\/p>\n\n\n\n<p class=\"has-cyan-bluish-gray-color has-text-color has-link-color wp-elements-dfe465f469b3d28f5a730ff0d54d4a45\">Adjuntem enlla\u00e7 del Diari informaci\u00f3. Diumenge 29 de novembre de 2020, amb la nostra Presidenta, Soledad Morales.<\/p>\n\n\n\n<p><a href=\"https:\/\/www.informacion.es\/economia\/2020\/11\/28\/afecta-forma-comprar-medio-ambiente-25683161.html\">https:\/\/www.informacion.es\/economia\/2020\/11\/28\/afecta-forma-comprar-medio-ambiente-25683161.html<\/a><\/p>\n\n\n\n<figure class=\"wp-block-image\"><img decoding=\"async\" src=\"https:\/\/estaticos-cdn.prensaiberica.es\/clip\/9f7201b4-ac41-43fd-b6e1-29a300d05754_16-9-discover-aspect-ratio_default_0.jpg\" alt=\"Los participantes del encuentro, en los estudios de INFORMACI\u00d3N TV.\"\/><\/figure>\n","protected":false},"excerpt":{"rendered":"<p>Adjuntamos enlace del Diario informaci\u00f3n. Domingo 29 de noviembre de 2020, con nuestra Presidenta, Soledad Morales. Adjuntem enlla\u00e7 del Diari informaci\u00f3. Diumenge 29 de novembre de 2020, amb la nostra Presidenta, Soledad Morales. https:\/\/www.informacion.es\/economia\/2020\/11\/28\/afecta-forma-comprar-medio-ambiente-25683161.html<\/p>\n","protected":false},"author":2,"featured_media":1037,"comment_status":"open","ping_status":"open","sticky":false,"template":"","format":"standard","meta":{"footnotes":""},"categories":[9,5,13,4,15,10],"tags":[],"class_list":["post-955","post","type-post","status-publish","format-standard","has-post-thumbnail","hentry","category-consumo","category-eventos","category-general","category-medio-ambiente","category-noticias","category-salud-y-alimentacion"],"jetpack_featured_media_url":"https:\/\/lucentumconsumidores.org\/wp-content\/uploads\/2020\/12\/TV-INFORMACION.jpg","_links":{"self":[{"href":"https:\/\/lucentumconsumidores.org\/index.php?rest_route=\/wp\/v2\/posts\/955","targetHints":{"allow":["GET"]}}],"collection":[{"href":"https:\/\/lucentumconsumidores.org\/index.php?rest_route=\/wp\/v2\/posts"}],"about":[{"href":"https:\/\/lucentumconsumidores.org\/index.php?rest_route=\/wp\/v2\/types\/post"}],"author":[{"embeddable":true,"href":"https:\/\/lucentumconsumidores.org\/index.php?rest_route=\/wp\/v2\/users\/2"}],"replies":[{"embeddable":true,"href":"https:\/\/lucentumconsumidores.org\/index.php?rest_route=%2Fwp%2Fv2%2Fcomments&post=955"}],"version-history":[{"count":3,"href":"https:\/\/lucentumconsumidores.org\/index.php?rest_route=\/wp\/v2\/posts\/955\/revisions"}],"predecessor-version":[{"id":4025,"href":"https:\/\/lucentumconsumidores.org\/index.php?rest_route=\/wp\/v2\/posts\/955\/revisions\/4025"}],"wp:featuredmedia":[{"embeddable":true,"href":"https:\/\/lucentumconsumidores.org\/index.php?rest_route=\/wp\/v2\/media\/1037"}],"wp:attachment":[{"href":"https:\/\/lucentumconsumidores.org\/index.php?rest_route=%2Fwp%2Fv2%2Fmedia&parent=955"}],"wp:term":[{"taxonomy":"category","embeddable":true,"href":"https:\/\/lucentumconsumidores.org\/index.php?rest_route=%2Fwp%2Fv2%2Fcategories&post=955"},{"taxonomy":"post_tag","embeddable":true,"href":"https:\/\/lucentumconsumidores.org\/index.php?rest_route=%2Fwp%2Fv2%2Ftags&post=955"}],"curies":[{"name":"wp","href":"https:\/\/api.w.org\/{rel}","templated":true}]}}